{"id":562022,"date":"2025-11-27T10:07:16","date_gmt":"2025-11-27T10:07:16","guid":{"rendered":"https:\/\/www.europesays.com\/fr\/562022\/"},"modified":"2025-11-27T10:07:16","modified_gmt":"2025-11-27T10:07:16","slug":"transports-la-sncf-envisage-un-tgv-lyon-bordeaux-via-lile-de-france-au-detriment-du-massif-central","status":"publish","type":"post","link":"https:\/\/www.europesays.com\/fr\/562022\/","title":{"rendered":"Transports. La SNCF envisage un TGV Lyon-Bordeaux via l\u2019\u00cele-de-France, au d\u00e9triment du Massif central"},"content":{"rendered":"<p>La SNCF \u00e9tudie la possibilit\u00e9 de proposer l&rsquo;ouverture d&rsquo;une liaison TGV Ouigo Lyon-Bordeaux via l&rsquo;Ile-de-France, afin de \u00ab r\u00e9pondre \u00e0 une demande \u00bb, au grand d\u00e9pit des voyageurs, responsables \u00e9conomiques et \u00e9lus du Massif central \u00e9vinc\u00e9s du parcours alors qu&rsquo;ils s&rsquo;estiment d\u00e9j\u00e0 maltrait\u00e9s par l&rsquo;entreprise ferroviaire.\u00a0<\/p>\n<p>Le maire de Vichy (Allier) et vice-pr\u00e9sident charg\u00e9 des Transports au conseil r\u00e9gional Auvergne-Rh\u00f4ne-Alpes Fr\u00e9d\u00e9ric Aguilera \u00ab ne comprend pas l&rsquo;obsession de contourner le Massif central \u00bb, a-t-il protest\u00e9 sur X. Le quotidien r\u00e9gional La Montagne a aussi fait \u00e9tat, au conditionnel, d&rsquo;un tel projet dans son \u00e9dition du 21 novembre sous le titre de une : \u00ab L&rsquo;Auvergne encore \u00e0 quai \u00bb.<\/p>\n<p>Un Intercit\u00e9s abandonn\u00e9 pour raisons financi\u00e8res<\/p>\n<p>Interrog\u00e9e, la soci\u00e9t\u00e9 SNCF Voyageurs, qui doit pr\u00e9senter jeudi \u00e0 la presse ses projets de d\u00e9veloppement du TGV Ouigo sur le territoire m\u00e9tropolitain, a seulement dit qu&rsquo;elle \u00ab aborderait ce sujet \u00bb \u00e0 cette occasion, mais sans confirmer le projet de liaison via la gare de Massy, dans l&rsquo;Essonne, plus longue en kilom\u00e8tres qu&rsquo;une liaison transversale directe.<\/p>\n<p>Un train Intercit\u00e9s Lyon-Bordeaux passant par l&rsquo;Auvergne et le Limousin a exist\u00e9 jusqu&rsquo;en 2014, avant d&rsquo;\u00eatre abandonn\u00e9 pour raisons financi\u00e8res. En 2019, une coop\u00e9rative ferroviaire avait lanc\u00e9 un projet, mais a d\u00fb y renoncer. De son c\u00f4t\u00e9, <a href=\"https:\/\/www.ledauphine.com\/economie\/2025\/10\/29\/jean-castex-nomme-president-directeur-general-de-la-sncf-pour-un-mandat-de-4-ans\" target=\"_blank\" rel=\"noopener\">le PDG de la SNCF Jean Castex<\/a> soutient le projet. \u00ab Il faut le faire parce que cela r\u00e9pond \u00e0 une demande \u00bb, a-t-il expliqu\u00e9, en marge d&rsquo;un d\u00e9placement cette semaine \u00e0 S\u00e8te (H\u00e9rault).<\/p>\n<p>\u00ab Et en m\u00eame temps, il faut aussi am\u00e9liorer la desserte \u00bb ferroviaire \u00ab du Massif central \u00bb a-t-il ajout\u00e9, reconnaissant les probl\u00e8mes r\u00e9currents de pannes de locomotive hors d&rsquo;\u00e2ge et de retards g\u00e9ants dont souffre la liaison Paris-Clermont depuis des ann\u00e9es. \u00ab Pour moi la priorit\u00e9, c&rsquo;est le Paris-Clermont, je me rendrai sur place bient\u00f4t \u00bb, a soulign\u00e9 l&rsquo;ancien Premier ministre.<\/p>\n<p>Florent Menegaux, PDG du groupe Michelin dont le si\u00e8ge est \u00e0 Clermont-Ferrand, s&rsquo;\u00e9tait lui-m\u00eame \u00e9mu d\u00e9but 2025 devant une commission du S\u00e9nat de la mauvaise desserte de la ville, qui fait selon lui partie du \u00ab tiers-monde en mati\u00e8re ferroviaire \u00bb.<br \/>\u00ab C&rsquo;est un vrai handicap d&rsquo;\u00eatre oblig\u00e9 de prendre la voiture [&#8230;] quand le train est al\u00e9atoire dans ses horaires \u00bb, a-t-il critiqu\u00e9 le 9 novembre dernier sur France 3.<\/p>\n<p>\u00ab\u00a0Pas la route naturelle\u00a0\u00bb<\/p>\n<p>\u00ab Je comprends le besoin imm\u00e9diat d&rsquo;avoir un TGV Lyon-Bordeaux, mais il faut remettre de la transversalit\u00e9 dans le transport \u00bb, a pour sa part estim\u00e9 St\u00e9phanie Picard, qui dirige le collectif \u00ab les usagers du train Paris-Clermont \u00bb. \u00ab Il n&rsquo;y a pas que les Lyonnais qui ont le droit d&rsquo;aller \u00e0 Bordeaux, les gens de Clermont, d&rsquo;Aurillac, de Vichy, de Brioude, de Loz\u00e8re ou du Cantal ont aussi le droit d&rsquo;aller \u00e0 Lyon et \u00e0 Bordeaux \u00bb, a-t-elle d\u00e9clar\u00e9. Ce que ne permet pas la liaison TGV \u00e9voqu\u00e9e.<\/p>\n<p>M\u00eame discours chez Renaud Lagrave, vice-pr\u00e9sident du conseil r\u00e9gional de Nouvelle-Aquitaine. \u00ab Tant mieux pour ceux qui veulent faire du Bordeaux-Lyon, qui auront une offre possible. Mais la v\u00e9rit\u00e9 m&rsquo;oblige \u00e0 dire que ce n&rsquo;est quand m\u00eame pas la route naturelle \u00bb, a-t-il dit. \u00ab J&rsquo;aurais pr\u00e9f\u00e9r\u00e9 que la SNCF annonce des travaux sur la ligne qui est actuellement ferm\u00e9e. Il y a des territoires ruraux qui auraient pu \u00eatre mieux desservis gr\u00e2ce \u00e0 ces transversales, et on sait bien que dans notre pays, les transversales, elles n&rsquo;existent pas beaucoup \u00bb, a-t-il d\u00e9plor\u00e9.<\/p>\n<p>Pour recr\u00e9er une liaison transversale Lyon-Bordeaux sous forme d&rsquo;un train dit \u00ab d&rsquo;\u00e9quilibre du territoire \u00bb (TET ou Intercit\u00e9s), \u00ab il faut poser la question \u00e0 l&rsquo;autorit\u00e9 organisatrice qui est l&rsquo;\u00c9tat \u00bb, a point\u00e9 <a href=\"https:\/\/www.ledauphine.com\/p\/jean-castex\" target=\"_blank\" rel=\"noopener\">Jean Castex<\/a>, lors de son bref entretien. \u00ab Si l&rsquo;\u00c9tat dit faites-le, nous le faisons tout de suite \u00bb, a-t-il poursuivi. Le maire de Vichy veut y croire et se dit \u00ab optimiste \u00bb pour que l&rsquo;\u00c9tat ait une \u00ab lecture positive \u00bb d&rsquo;une telle demande. Mais il s&rsquo;agit d&rsquo;un sc\u00e9nario \u00ab \u00e0 long terme \u00bb, a jug\u00e9 Fr\u00e9d\u00e9ric Aguilera. Le collectif Aurail, qui regroupe diverses associations d&rsquo;Auvergne-Rh\u00f4ne-Alpes, appelle \u00ab \u00e0 se mobiliser \u00bb en faveur du ferroviaire en participant \u00e0 la consultation publique sur les mobilit\u00e9s de la r\u00e9gion jusqu&rsquo;au dimanche 30 novembre.<\/p>\n","protected":false},"excerpt":{"rendered":"La SNCF \u00e9tudie la possibilit\u00e9 de proposer l&rsquo;ouverture d&rsquo;une liaison TGV Ouigo Lyon-Bordeaux via l&rsquo;Ile-de-France, afin de \u00ab&hellip;\n","protected":false},"author":2,"featured_media":562023,"comment_status":"","ping_status":"","sticky":false,"template":"","format":"standard","meta":{"footnotes":""},"categories":[2817],"tags":[1111,11,1997,33,1777,674,107,1011,27,329,12,2219,25,2803],"class_list":{"0":"post-562022","1":"post","2":"type-post","3":"status-publish","4":"format-standard","5":"has-post-thumbnail","7":"category-bordeaux","8":"tag-actu","9":"tag-actualites","10":"tag-bordeaux","11":"tag-economie","12":"tag-eu","13":"tag-europe","14":"tag-fil-info","15":"tag-fr","16":"tag-france","17":"tag-france-monde","18":"tag-news","19":"tag-nouvelle-aquitaine","20":"tag-republique-francaise","21":"tag-transport"},"share_on_mastodon":{"url":"https:\/\/pubeurope.com\/@fr\/115621111656483615","error":""},"_links":{"self":[{"href":"https:\/\/www.europesays.com\/fr\/wp-json\/wp\/v2\/posts\/562022","targetHints":{"allow":["GET"]}}],"collection":[{"href":"https:\/\/www.europesays.com\/fr\/wp-json\/wp\/v2\/posts"}],"about":[{"href":"https:\/\/www.europesays.com\/fr\/wp-json\/wp\/v2\/types\/post"}],"author":[{"embeddable":true,"href":"https:\/\/www.europesays.com\/fr\/wp-json\/wp\/v2\/users\/2"}],"replies":[{"embeddable":true,"href":"https:\/\/www.europesays.com\/fr\/wp-json\/wp\/v2\/comments?post=562022"}],"version-history":[{"count":0,"href":"https:\/\/www.europesays.com\/fr\/wp-json\/wp\/v2\/posts\/562022\/revisions"}],"wp:featuredmedia":[{"embeddable":true,"href":"https:\/\/www.europesays.com\/fr\/wp-json\/wp\/v2\/media\/562023"}],"wp:attachment":[{"href":"https:\/\/www.europesays.com\/fr\/wp-json\/wp\/v2\/media?parent=562022"}],"wp:term":[{"taxonomy":"category","embeddable":true,"href":"https:\/\/www.europesays.com\/fr\/wp-json\/wp\/v2\/categories?post=562022"},{"taxonomy":"post_tag","embeddable":true,"href":"https:\/\/www.europesays.com\/fr\/wp-json\/wp\/v2\/tags?post=562022"}],"curies":[{"name":"wp","href":"https:\/\/api.w.org\/{rel}","templated":true}]}}