{"id":562028,"date":"2025-11-27T10:10:16","date_gmt":"2025-11-27T10:10:16","guid":{"rendered":"https:\/\/www.europesays.com\/fr\/562028\/"},"modified":"2025-11-27T10:10:16","modified_gmt":"2025-11-27T10:10:16","slug":"andre-dupon-rattrape-par-les-accusations-denfants-martyrs-de-riaumont","status":"publish","type":"post","link":"https:\/\/www.europesays.com\/fr\/562028\/","title":{"rendered":"Andr\u00e9 Dupon rattrap\u00e9 par les accusations d&rsquo;enfants martyrs de Riaumont"},"content":{"rendered":"<p>C\u2019est une d\u00e9coration nationale qui aurait pu passer inaper\u00e7ue\u2026 Le 3 d\u00e9cembre, le grade d\u2019officier de la L\u00e9gion d\u2019honneur sera remis \u00e0 Andr\u00e9 Dupon, fondateur et directeur du groupe Vitamine T, un g\u00e9ant nordiste de la r\u00e9insertion sociale. Seulement voil\u00e0, Andr\u00e9 Dupon se voit attaqu\u00e9 sur son pass\u00e9 d\u2019\u00e9ducateur au foyer traditionaliste catholique de Riaumont, \u00e0 Li\u00e9vin, dans les ann\u00e9es 1970.<\/p>\n<p>Scandalis\u00e9s par cette remise de d\u00e9coration \u00e0 venir, deux anciens pensionnaires ont d\u00e9cid\u00e9 de briser le silence. Ils ont d\u00e9pos\u00e9 plainte en octobre dernier contre lui pour violences physiques. Leurs accusations de maltraitance r\u00e9currente et de punitions extr\u00eames s\u2019ajoutent \u00e0 une pr\u00e9c\u00e9dente plainte, pour agression sexuelle, d\u00e9pos\u00e9e en d\u00e9cembre 2021 par un autre ancien pensionnaire du foyer. Contact\u00e9 par Mediacit\u00e9s, Andr\u00e9 Dupon indique qu\u2019il ne souhaite faire \u00ab\u202faucun commentaire\u202f\u00bb et qu\u2019il \u00ab\u202fconteste totalement les faits \u00e9voqu\u00e9s, vieux de plus de cinquante ans\u202f\u00bb. Il rappelle qu\u2019\u00ab aucune proc\u00e9dure judiciaire n\u2019a jamais \u00e9t\u00e9 engag\u00e9e \u00e0 (son) encontre\u202f\u00bb. Il est, de fait, pr\u00e9sum\u00e9 innocent tant que sa culpabilit\u00e9 n\u2019a pas \u00e9t\u00e9 \u00e9tablie.<br \/>Envoi massif<br \/>Concernant des faits prescrits, ces plaintes ont pour but, selon leurs auteurs, de raconter leur v\u00e9cu et d\u2019alimenter une enqu\u00eate judiciaire dans le cas o\u00f9 d\u2019autres victimes non prescrites se signaleraient. Elles se doublent de l\u2019envoi massif, par le collectif des victimes du Village d\u2019enfants de Riaumont, d\u2019une lettre \u00e0 la soci\u00e9t\u00e9 des membres de la L\u00e9gion d\u2019Honneur du Nord dans laquelle il partage son incompr\u00e9hension et son indignation \u00e0 voir Andr\u00e9 Dupon ainsi honor\u00e9.<\/p>\n<p>La lettre a \u00e9galement \u00e9t\u00e9 adress\u00e9e aux d\u00e9put\u00e9s et s\u00e9nateurs du Pas\u2010de\u2010Calais et du Nord pour informer et alerter largement sur le pass\u00e9 d\u2019Andr\u00e9 Dupon. Car dans la m\u00e9tropole lilloise, le fondateur de <a href=\"https:\/\/groupevitaminet.com\/\" target=\"_blank\" rel=\"noopener\">Vitamine T<\/a> est d\u2019abord le visage d\u2019une r\u00e9ussite\u00a0: celle de la r\u00e9insertion des plus pr\u00e9caires par le travail. Un succ\u00e8s qui a largement d\u00e9bord\u00e9 les fronti\u00e8res de la r\u00e9gion et qui fait de lui une personnalit\u00e9 majeure de l\u2019\u00e9conomie sociale et solidaire en France.<\/p>\n<p>Un trou b\u00e9ant dans la biographie<br \/>Ni dans sa biographie officielle, ni dans de nombreux entretiens sur son parcours, Andr\u00e9 Dupon ne mentionne le Village de Riaumont. De son histoire familiale, il parle laconiquement de son p\u00e8re mineur de fond incarc\u00e9r\u00e9 et de sa m\u00e8re alcoolique et violente. Il est plac\u00e9 \u00e0 l\u2019\u00e2ge de 5 ans\u00a0: \u00ab\u202fJ\u2019ai \u00e9t\u00e9 \u00e9lev\u00e9 par des \u00e9ducateurs, je suis devenu \u00e9ducateur.\u202f\u00bb Et puis c\u2019est\u00a0tout.\u00a0<\/p>\n<p>Il ne reprend le fil de son histoire qu\u2019\u00e0 18 ans, quand, devenu \u00e9ducateur de rue, il se raconte occup\u00e9 \u00e0 \u00ab\u202fcaser\u202f\u00bb des jeunes difficiles, tout en se d\u00e9crivant \u00ab\u202fcheveux longs, nuit debout, \u00e0 bas le grand capital\u202f\u00bb. Cette biographie s\u00e9lective omet donc de raconter douze ans de sa vie pass\u00e9e dans le foyer de Riaumont \u00e0 Li\u00e9vin. Aujourd\u2019hui, beaucoup pensent\u00a0\u2026<\/p>\n<p>Nous vous offrons l\u2019acc\u00e8s \u00e0 cet article<\/p>\n<p>Et \u00e0 toutes nos enqu\u00eates pendant deux jours\u00a0\u00a0! <br \/>Oui, on est g\u00e9n\u00e9reux \ud83d\ude09 Mais pensez aussi \u00e0 <a href=\"https:\/\/www.mediacites.fr\/sabonner\/\" target=\"_blank\" style=\"color:#fff\" rel=\"noopener\">vous abonner<\/a>\u00a0\u00a0!<\/p>\n<p>\t\tEn renseignant votre adresse, vous acceptez nos <a href=\"https:\/\/www.mediacites.fr\/conditions-generales-d-utilisation\/\" target=\"_blank\" rel=\"noopener\">conditions g\u00e9n\u00e9rales d\u2019utilisation<\/a>. <br \/>Mediacit\u00e9s s\u2019engage \u00e0 ne pas c\u00e9der votre adresse \u00e0 des tiers. En cas d\u2019\u00e9chec, \u00e9crivez \u00e0 <a href=\"https:\/\/www.mediacites.fr\/enquete\/lille\/2025\/11\/27\/andre-dupon-patron-de-vitamine-t-rattrape-par-les-accusations-denfants-martyrs-de-riaumont\/mailto:contact@mediacites.fr\" target=\"_blank\" rel=\"noopener\">contact@mediacites.fr<\/a><\/p>\n<ul>\n<li>J\u2019acc\u00e8de aux 4 \u00e9ditions de Mediacit\u00e9s (Lille, Lyon, Nantes et Toulouse)<\/li>\n<li>Je d\u00e9couvre un m\u00e9dia 100 % ind\u00e9pendant, avec 0 % de publicit\u00e9<\/li>\n<\/ul>\n<p>Envie de lire la\u00a0suite\u202f?<\/p>\n<p>Depuis neuf ans, Mediacit\u00e9s enqu\u00eate en toute ind\u00e9pendance dans votre ville. Gr\u00e2ce \u00e0 ses lecteurs\u202f! Abonnez\u2010vous pour ne rien manquer de nos enqu\u00eates, suivre les \u00e9lections municipales et soutenir un journal local d\u2019investigation.<\/p>\n<ul>\n<li>Acc\u00e8s aux 4 \u00e9ditions de Mediacit\u00e9s (Lille, Lyon, Nantes et Toulouse)<\/li>\n<li>100 % ind\u00e9pendant, avec 0 % de publicit\u00e9<\/li>\n<li>R\u00e9siliation facile \u00e0 tout moment<\/li>\n<\/ul>\n<p>Mediacit\u00e9s offre l\u2019acc\u00e8s \u00e0 cet article aux lecteurs de News2Com<\/p>\n<p>Et \u00e0 toutes nos enqu\u00eates pendant deux jours\u00a0\u00a0! <br \/>Oui, on est g\u00e9n\u00e9reux \ud83d\ude09 Mais pensez aussi \u00e0 <a href=\"https:\/\/www.mediacites.fr\/sabonner\/\" target=\"_blank\" style=\"color:#fff\" rel=\"noopener\">vous abonner<\/a>\u00a0\u00a0!<\/p>\n<p>\t\tEn renseignant votre adresse, vous acceptez nos <a href=\"https:\/\/www.mediacites.fr\/conditions-generales-d-utilisation\/\" target=\"_blank\" rel=\"noopener\">conditions g\u00e9n\u00e9rales d\u2019utilisation<\/a>. <br \/>Mediacit\u00e9s s\u2019engage \u00e0 ne pas c\u00e9der votre adresse \u00e0 des tiers. En cas d\u2019\u00e9chec, \u00e9crivez \u00e0 <a href=\"https:\/\/www.mediacites.fr\/enquete\/lille\/2025\/11\/27\/andre-dupon-patron-de-vitamine-t-rattrape-par-les-accusations-denfants-martyrs-de-riaumont\/mailto:contact@mediacites.fr\" target=\"_blank\" rel=\"noopener\">contact@mediacites.fr<\/a><\/p>\n<ul>\n<li>J\u2019acc\u00e8de aux 4 \u00e9ditions de Mediacit\u00e9s (Lille, Lyon, Nantes et Toulouse)<\/li>\n<li>Je d\u00e9couvre un m\u00e9dia 100 % ind\u00e9pendant, avec 0 % de publicit\u00e9<\/li>\n<\/ul>\n","protected":false},"excerpt":{"rendered":"C\u2019est une d\u00e9coration nationale qui aurait pu passer inaper\u00e7ue\u2026 Le 3 d\u00e9cembre, le grade d\u2019officier de la L\u00e9gion&hellip;\n","protected":false},"author":2,"featured_media":562029,"comment_status":"","ping_status":"","sticky":false,"template":"","format":"standard","meta":{"footnotes":""},"categories":[2815],"tags":[1111,11,67839,1067,1777,674,1011,27,811,1307,12,25,61083,799,67840],"class_list":{"0":"post-562028","1":"post","2":"type-post","3":"status-publish","4":"format-standard","5":"has-post-thumbnail","7":"category-lille","8":"tag-actu","9":"tag-actualites","10":"tag-andre-dupon","11":"tag-enquete","12":"tag-eu","13":"tag-europe","14":"tag-fr","15":"tag-france","16":"tag-hauts-de-france","17":"tag-lille","18":"tag-news","19":"tag-republique-francaise","20":"tag-violences-sexuelles-faites-aux-enfants","21":"tag-violences-sexuelles","22":"tag-vitamine-t"},"share_on_mastodon":{"url":"https:\/\/pubeurope.com\/@fr\/115621122977050146","error":""},"_links":{"self":[{"href":"https:\/\/www.europesays.com\/fr\/wp-json\/wp\/v2\/posts\/562028","targetHints":{"allow":["GET"]}}],"collection":[{"href":"https:\/\/www.europesays.com\/fr\/wp-json\/wp\/v2\/posts"}],"about":[{"href":"https:\/\/www.europesays.com\/fr\/wp-json\/wp\/v2\/types\/post"}],"author":[{"embeddable":true,"href":"https:\/\/www.europesays.com\/fr\/wp-json\/wp\/v2\/users\/2"}],"replies":[{"embeddable":true,"href":"https:\/\/www.europesays.com\/fr\/wp-json\/wp\/v2\/comments?post=562028"}],"version-history":[{"count":0,"href":"https:\/\/www.europesays.com\/fr\/wp-json\/wp\/v2\/posts\/562028\/revisions"}],"wp:featuredmedia":[{"embeddable":true,"href":"https:\/\/www.europesays.com\/fr\/wp-json\/wp\/v2\/media\/562029"}],"wp:attachment":[{"href":"https:\/\/www.europesays.com\/fr\/wp-json\/wp\/v2\/media?parent=562028"}],"wp:term":[{"taxonomy":"category","embeddable":true,"href":"https:\/\/www.europesays.com\/fr\/wp-json\/wp\/v2\/categories?post=562028"},{"taxonomy":"post_tag","embeddable":true,"href":"https:\/\/www.europesays.com\/fr\/wp-json\/wp\/v2\/tags?post=562028"}],"curies":[{"name":"wp","href":"https:\/\/api.w.org\/{rel}","templated":true}]}}