{"id":562030,"date":"2025-11-27T10:11:10","date_gmt":"2025-11-27T10:11:10","guid":{"rendered":"https:\/\/www.europesays.com\/fr\/562030\/"},"modified":"2025-11-27T10:11:10","modified_gmt":"2025-11-27T10:11:10","slug":"le-losc-fait-un-double-changement-sur-sa-liste-uefa-pour-integrer-mbappe-et-sajous","status":"publish","type":"post","link":"https:\/\/www.europesays.com\/fr\/562030\/","title":{"rendered":"le Losc fait un double changement sur sa liste UEFA pour int\u00e9grer Mbapp\u00e9 et Sajous"},"content":{"rendered":"<p>Alors que le LOSC accueille ce jeudi (18h45) le Dinamo Zagreb pour le compte de la cinqui\u00e8me journ\u00e9e de la Ligue Europa, deux joueurs pourraient faire leurs d\u00e9buts dans la comp\u00e9tition cette saison: Ethan Mbapp\u00e9 et Thomas Sajous. Initialement absents de la liste UEFA du club lillois, ils profitent d&rsquo;un nouveau point de r\u00e8glement pour l&rsquo;int\u00e9grer temporairement.<\/p>\n<p>Du changement dans la liste UEFA du <a href=\"https:\/\/rmcsport.bfmtv.com\/football\/clubs\/losc-lille\/\" target=\"_blank\" class=\"external_link\" rel=\"noopener\">LOSC<\/a>. Le club lillois a officialis\u00e9 deux changements ce jeudi, avec les arriv\u00e9es temporaires d&rsquo;<a href=\"https:\/\/rmcsport.bfmtv.com\/football\/ligue-1\/plus-qu-un-frere-comment-ethan-mbappe-se-fait-un-prenom-a-lille_AV-202510060104.html\" title=\"Plus qu&#039;un fr\u00e8re: comment Ethan Mbapp\u00e9 se fait un pr\u00e9nom \u00e0 Lille\" class=\"internal_link\" target=\"_blank\" rel=\"noopener\">Ethan Mbapp\u00e9<\/a> et Thomas Sajous. Ils remplacent respectivement Alexsandro et Marc-Aur\u00e8le Caillard, tous deux \u00e9loign\u00e9s des terrains pour une longue dur\u00e9e. Ces modifications, valid\u00e9es par l&rsquo;instance europ\u00e9enne, sont applicables d\u00e8s la r\u00e9ception du <a href=\"https:\/\/rmcsport.bfmtv.com\/football\/ligue-1\/video-losc-la-pression-on-l-a-tout-le-temps-genesio-calme-le-jeu-avant-de-recevoir-le-dinamo-zagreb_VN-202511260760.html\" title=\"LOSC : &quot;La pression on l&#039;a tout le temps&quot;, Genesio calme le jeu avant de recevoir le Dinamo Zagreb\" class=\"internal_link\" target=\"_blank\" rel=\"noopener\">Dinamo Zagreb<\/a> ce jeudi (18h45).<\/p>\n<p><a href=\"https:\/\/rmcsport.bfmtv.com\/football\/europa-league\/direct-lille-dinamo-zagreb-suivez-le-match-de-la-5e-journee-de-ligue-europa-en-live_LS-202511270430.html\" title=\"DIRECT. Lille - Dinamo Zagreb: suivez le match de la 5e journ\u00e9e de Ligue Europa en live\" class=\"internal_link\" target=\"_blank\" rel=\"noopener\">&gt;&gt; Suivez Lille-Dinamo Zagreb en direct<\/a><\/p>\n<p>Ces remplacements temporaires ont \u00e9t\u00e9 effectu\u00e9s \u00ab\u00a0dans le respect des r\u00e8glements de l\u2019UEFA permettant d\u2019apporter des modifications \u00e0 la Liste UEFA, avant la fin de la phase de poule\u00a0\u00bb, pr\u00e9cise le club dans un communiqu\u00e9. Alors qu&rsquo;avant chaque d\u00e9but de campagne europ\u00e9enne, les clubs participants doivent remettre \u00e0 l&rsquo;UEFA le nom des 25 joueurs choisis pour participer \u00e0 la phase de ligue, sans aucune possibilit\u00e9 de la modifier jusqu&rsquo;en janvier et la phase finale, l&rsquo;UEFA a mis en place cette saison un statut de <a href=\"https:\/\/rmcsport.bfmtv.com\/football\/ligue-des-champions\/une-petite-revolution-l-uefa-autorise-des-jokers-temporaires-en-phases-de-poules-des-coupes-d-europe_AV-202509120224.html\" title=\"Une petite r\u00e9volution: l\u2019UEFA autorise des jokers &quot;temporaires&quot; en phase de poules des coupes d&#039;Europe\" class=\"internal_link\" target=\"_blank\" rel=\"noopener\">\u00ab\u00a0rempla\u00e7ant temporaire\u00a0\u00bb<\/a>. Cela permet aux clubs d&rsquo;incorporer un joueur non inscrit initialement en cas de \u00ab\u00a0blessure ou d\u2019une maladie longue dur\u00e9e\u00a0\u00bb d\u2019un de ses partenaires.<\/p>\n<p>Une nouvelle liste valable jusqu&rsquo;\u00e0 la phase de ligue<\/p>\n<p>Pour les joueurs de champ, la r\u00e8gle s&rsquo;applique jusqu&rsquo;\u00e0 la sixi\u00e8me journ\u00e9e de la phase de ligue. \u00ab\u00a0Un club peut remplacer temporairement au maximum un joueur de champ et inscrire un nouveau joueur de champ\u00a0\u00bb, indique <a href=\"https:\/\/documents.uefa.com\/r\/Reglement-de-l-UEFA-Europa-League-2025\/26\/Article-31-Listes-de-joueurs-Online\" target=\"_blank\" class=\"external_link\" rel=\"noopener\">le r\u00e8glement<\/a> qui stipule qu&rsquo;une \u00ab\u00a0blessure ou une maladie d\u2019un joueur de champ est consid\u00e9r\u00e9e comme de longue dur\u00e9e si elle dure au moins 60\u00a0jours \u00e0 compter de sa survenance\u00a0\u00bb. Bless\u00e9 au quadriceps droit depuis septembre, <a href=\"https:\/\/rmcsport.bfmtv.com\/football\/ligue-1\/video-losc-revenir-le-plus-vite-possible-genesio-evoque-le-cas-alexsandro-actuellement-en-soin-au-qatar_VN-202511210776.html\" title=\"LOSC : &quot;Revenir le plus vite possible&quot; , Genesio \u00e9voque le cas Alexsandro, actuellement en soin au Qatar\" class=\"internal_link\" target=\"_blank\" rel=\"noopener\">Alexsandro<\/a> est actuellement en soins au Qatar, dans la c\u00e9l\u00e8bre clinique Aspetar. Il est remplac\u00e9 par Ethan Mbapp\u00e9, non-inscrit dans la liste initiale car <a href=\"https:\/\/rmcsport.bfmtv.com\/football\/ligue-1\/lille-la-tuile-pour-ethan-mbappe-qui-va-etre-opere-le-losc-craint-une-absence-de-plusieurs-mois_AV-202505010552.html\" title=\"Lille: la tuile pour Ethan Mbapp\u00e9, qui va \u00eatre op\u00e9r\u00e9, le Losc craint une absence de plusieurs mois\" class=\"internal_link\" target=\"_blank\" rel=\"noopener\">bless\u00e9 en d\u00e9but de saison<\/a>.<\/p>\n<p>Touch\u00e9 au coude, le troisi\u00e8me gardien du LOSC Marc-Aur\u00e8le Caillard est, lui, remplac\u00e9 par le jeune Thomas Sajous (17 ans). Pour les gardiens, \u00ab\u00a0le club concern\u00e9 peut remplacer temporairement le gardien indisponible et inscrire un nouveau gardien \u00e0 n\u2019importe quel moment de la saison\u00a0\u00bb, et une blessure ou maladie \u00ab\u00a0est consid\u00e9r\u00e9e comme de longue dur\u00e9e si elle dure au moins 30 jours \u00e0 compter de sa survenance\u00a0\u00bb.<\/p>\n<p>Cette nouvelle liste restera valable jusqu&rsquo;\u00e0 la fin de la <a href=\"https:\/\/rmcsport.bfmtv.com\/football\/europa-league\/ligue-europa-adversaires-calendrier-le-programme-complet-des-matchs-de-lille-pour-la-phase-de-ligue-de-la-ligue-europa_AV-202508300306.html\" title=\"Ligue Europa: adversaires, calendrier\u2026 Le programme complet des matchs de Lille pour la phase de ligue de la Ligue Europa\" class=\"internal_link\" target=\"_blank\" rel=\"noopener\">phase de ligue<\/a>, m\u00eame si Alexsandro et Marc-Aur\u00e8le Caillard \u00e9taient r\u00e9tablis plus t\u00f4t. Les Lillois sont actuellement <a href=\"https:\/\/rmcsport.bfmtv.com\/football\/europa-league\/ligue-europa-l-ol-et-lille-chutent-nice-avant-dernier-le-classement-general-complet-apres-la-4e-journee_AV-202511061051.html\" title=\"Ligue Europa: l&#039;OL et Lille chutent, Nice avant-dernier... le classement g\u00e9n\u00e9ral complet apr\u00e8s la 4e journ\u00e9e\" class=\"internal_link\" target=\"_blank\" rel=\"noopener\">19es<\/a> (2 victoires, 2 d\u00e9faites). Apr\u00e8s la r\u00e9ception du Dinamo ce jeudi, ils devront n\u00e9gocier deux d\u00e9placements, chez les Young Boys de Berne et le Celta Vigo, avant de terminer la phase de ligue au Stade Pierre-Mauroy face \u00e0 Fribourg.<\/p>\n","protected":false},"excerpt":{"rendered":"Alors que le LOSC accueille ce jeudi (18h45) le Dinamo Zagreb pour le compte de la cinqui\u00e8me journ\u00e9e&hellip;\n","protected":false},"author":2,"featured_media":562031,"comment_status":"","ping_status":"","sticky":false,"template":"","format":"standard","meta":{"footnotes":""},"categories":[2815],"tags":[1111,11,1777,674,1011,27,811,1307,12,25],"class_list":{"0":"post-562030","1":"post","2":"type-post","3":"status-publish","4":"format-standard","5":"has-post-thumbnail","7":"category-lille","8":"tag-actu","9":"tag-actualites","10":"tag-eu","11":"tag-europe","12":"tag-fr","13":"tag-france","14":"tag-hauts-de-france","15":"tag-lille","16":"tag-news","17":"tag-republique-francaise"},"share_on_mastodon":{"url":"https:\/\/pubeurope.com\/@fr\/115621126813852845","error":""},"_links":{"self":[{"href":"https:\/\/www.europesays.com\/fr\/wp-json\/wp\/v2\/posts\/562030","targetHints":{"allow":["GET"]}}],"collection":[{"href":"https:\/\/www.europesays.com\/fr\/wp-json\/wp\/v2\/posts"}],"about":[{"href":"https:\/\/www.europesays.com\/fr\/wp-json\/wp\/v2\/types\/post"}],"author":[{"embeddable":true,"href":"https:\/\/www.europesays.com\/fr\/wp-json\/wp\/v2\/users\/2"}],"replies":[{"embeddable":true,"href":"https:\/\/www.europesays.com\/fr\/wp-json\/wp\/v2\/comments?post=562030"}],"version-history":[{"count":0,"href":"https:\/\/www.europesays.com\/fr\/wp-json\/wp\/v2\/posts\/562030\/revisions"}],"wp:featuredmedia":[{"embeddable":true,"href":"https:\/\/www.europesays.com\/fr\/wp-json\/wp\/v2\/media\/562031"}],"wp:attachment":[{"href":"https:\/\/www.europesays.com\/fr\/wp-json\/wp\/v2\/media?parent=562030"}],"wp:term":[{"taxonomy":"category","embeddable":true,"href":"https:\/\/www.europesays.com\/fr\/wp-json\/wp\/v2\/categories?post=562030"},{"taxonomy":"post_tag","embeddable":true,"href":"https:\/\/www.europesays.com\/fr\/wp-json\/wp\/v2\/tags?post=562030"}],"curies":[{"name":"wp","href":"https:\/\/api.w.org\/{rel}","templated":true}]}}