{"id":562032,"date":"2025-11-27T10:12:11","date_gmt":"2025-11-27T10:12:11","guid":{"rendered":"https:\/\/www.europesays.com\/fr\/562032\/"},"modified":"2025-11-27T10:12:11","modified_gmt":"2025-11-27T10:12:11","slug":"une-greve-massive-va-toucher-la-rtm-les-previsions-de-trafic","status":"publish","type":"post","link":"https:\/\/www.europesays.com\/fr\/562032\/","title":{"rendered":"une gr\u00e8ve massive va toucher la RTM, les pr\u00e9visions de trafic"},"content":{"rendered":"<p>                    Par<br \/>\n        <strong><br \/>\n            <a href=\"https:\/\/actu.fr\/auteur\/thibault-nadal-actu-fr\" title=\"Consulter tous les articles de Thibault Nadal\" target=\"_blank\" rel=\"noopener\">Thibault Nadal<\/a><br \/>\n                    <\/strong><\/p>\n<p>        Publi\u00e9 le<\/p>\n<p>            27 nov. 2025 \u00e0 11h03        <\/p>\n<p>Il va falloir \u00eatre pr\u00e9voyant et anticiper ses d\u00e9placements. Ce vendredi 28 novembre 2025, le r\u00e9seau de bus dans la m\u00e9tropole Aix-Marseille va \u00eatre fortement perturb\u00e9. En effet, un mouvement de <a href=\"https:\/\/actu.fr\/tag\/greve\" target=\"_blank\" rel=\"noopener\">gr\u00e8ve<\/a> a \u00e9t\u00e9 lanc\u00e9 par <strong>les agents de l\u2019\u00c9tablissement interurbain<\/strong> de la <a href=\"https:\/\/actu.fr\/tag\/rtm\" target=\"_blank\" rel=\"noopener\">RTM<\/a>.<\/p>\n<p class=\" wall-content\">Par cons\u00e9quent, ce sont pr\u00e8s d\u2019une <strong>quarantaine de lignes qui vont \u00eatre touch\u00e9es<\/strong>. Dont certaines tr\u00e8s importantes, comme <a href=\"https:\/\/actu.fr\/provence-alpes-cote-d-azur\/marseille_13055\/c-est-un-enfer-entre-marseille-et-aix-en-provence-le-trajet-en-bus-vire-au-cauchemar-pour-les-etudiants_63280993.html\" target=\"_blank\" rel=\"noopener\">la 50 qui relie Marseille \u00e0 Aix-en-Provence<\/a> ou celle entre la ville \u00ab\u2009aux mille fontaines\u2009\u00bb et <a href=\"https:\/\/actu.fr\/tag\/aeroport-de-marseille-provence\" target=\"_blank\" rel=\"noopener\">l\u2019a\u00e9roport<\/a>.<\/p>\n<p class=\" wall-content\">Dans un communiqu\u00e9, la R\u00e9gie des transports m\u00e9tropolitain assure \u00ab\u2009que <strong>de fortes perturbations<\/strong>\u2009\u00bb sont \u00e0 pr\u00e9voir. Voici le d\u00e9tail des lignes concern\u00e9es.<\/p>\n<p>Les lignes qui ne circuleront pas<\/p>\n<p class=\" wall-content\"><strong>Secteur Aix-en-Provence<\/strong>\u2009:<\/p>\n<ul class=\" wall-content\">\n<li>Ligne 48\u2009: Aix Mauriat \u2013 Marseille,<\/li>\n<li>Aixpress (BHNS ligne A r\u00e9seau Aix en Bus),<\/li>\n<li>Ligne 122\u2009: Sept\u00e8mes Centre \u2013 H\u00f4pital Nord,<\/li>\n<li>C602\u2009: desserte scolaire (Aix \u2013 Ouest M\u00e9tropole).<\/li>\n<\/ul>\n<p class=\" wall-content\"><strong>Secteur Aubagne<\/strong>\u2009:<\/p>\n<ul class=\" wall-content\">\n<li>Ligne 78\u2009: Cassis \u2013 Marseille (Castellane),<\/li>\n<li>Ligne 79\u2009: La Ciotat \u2013 Marseille (Castellane),<\/li>\n<li>Ligne 102\u2009: Aubagne (ZI les Paluds) \u2013 Marseille (Castellane),<\/li>\n<li>Ligne 240\u2009: Aubagne \u2013 Marseille (La Fourrag\u00e8re).<\/li>\n<\/ul>\n<p>Votre r\u00e9gion, votre actu !<\/p>\n<p>Recevez chaque jour les infos qui comptent pour vous.<\/p>\n<p>\t<a href=\"https:\/\/actu.fr\/newsletter\" class=\"ac-btn ac-btn--corner ac-btn--medium ac-btn--blue800\" target=\"_blank\" rel=\"noopener\">S&rsquo;incrire<\/a><\/p>\n<p class=\" wall-content\"><strong>Secteur Ch\u00e2teauneuf les Martigues<\/strong>\u2009:<\/p>\n<ul class=\" wall-content\">\n<li>Ligne 38\u2009: Martigues \u2013 A\u00e9roport Marignane,<\/li>\n<li>Ligne C6\u2009: Ensu\u00e8s La Redonne (Val de Ricard),<\/li>\n<li>Circuit C257\u2009: Carry le Rouet \u2013 Sausset les Pins \u2013 Martigues,<\/li>\n<li>Circuit C303\u2009: Ensu\u00e8s la Redonne \u2013 Carry le Rouet \u2013 Martigues,<\/li>\n<li>Circuit C425\u2009: Martigues \u2013 Sausset les Pins,<\/li>\n<li>Circuit C602\u2009: Sausset les Pins vers Aix en Provence,<\/li>\n<li>Circuit C612\u2009: Marignane vers Ch\u00e2teauneuf les Martigues \/ Martigues \u2013 Port de Bouc,<\/li>\n<li>Circuit S100\u2009: Carry le Rouet \u2013 Sausset les Pins,<\/li>\n<li>Circuit S110\u2009: Ensu\u00e8s la Redonne \u2013 Le Rove vers Marignane,<\/li>\n<li>Circuit S103\u2009: Ch\u00e2teauneuf les Martigues vers lyc\u00e9e de Marignane,<\/li>\n<li>Circuit S104\u2009: Ch\u00e2teauneuf les Martigues vers coll\u00e8ge de Marignane,<\/li>\n<li>Circuit S109\u2009: Coll\u00e8ge Desserte Interne Sausset les Pins.<\/li>\n<\/ul>\n<p class=\" wall-content\"><strong>Circuits scolaires secteur Marseille<\/strong>\u2009:<\/p>\n<ul class=\" wall-content\">\n<li>S1\u2009: La solidarit\u00e9 \u2013 coll\u00e8ge Vallon de Pins,<\/li>\n<li>S2\u2009: Batarelle \u2013 coll\u00e8ge Jean Giono,<\/li>\n<li>S5\u2009: M\u00e9tro La Fourrag\u00e8re \u2013 Lyc\u00e9e Jean Perrin,<\/li>\n<li>S6\u2009: la Treille \u2013 lyc\u00e9e Monte Cristo,<\/li>\n<li>S7\u2009: Place de la Corderie \u2013 lyc\u00e9e Marseilleveyre,<\/li>\n<li>S8\u2009: Madrague de Montredon \u2013 lyc\u00e9e Marseilleveyre,<\/li>\n<li>Desserte \u00e9cole primaire Jolie Manon.<\/li>\n<\/ul>\n<p>Les lignes avec un service d\u00e9grad\u00e9<\/p>\n<p class=\" wall-content\"><strong>Secteur Aix-en-Provence<\/strong>\u2009:<\/p>\n<ul class=\" wall-content\">\n<li>Ligne 49\u2009: Aix (Jas de Bouffan) \u2013 Marseille (Arenc) (65\u2009% de niveau d\u2019offre),<\/li>\n<li>Ligne 50\u2009: Aix \u2013 Marseille (par autoroute) (60\u2009% de niveau d\u2019offre),<\/li>\n<li>Ligne 51\u2009: Aix \u2013 Marseille par Rn8 (60\u2009% de niveau d\u2019offre),<\/li>\n<li>Ligne 53\u2009: Aix \u2013 Marseille Europole Arbois (50\u2009% de niveau d\u2019offre),<\/li>\n<li>Ligne A2\u2009: (ex 40) Aix \u2013 Gare TGV \u2013 A\u00e9roport Marignane (45\u2009% de niveau d\u2019offre).<\/li>\n<\/ul>\n<p class=\" wall-content\"><strong>Secteur Aubagne<\/strong>\u2009:<\/p>\n<ul class=\" wall-content\">\n<li>Ligne 68\u2009: Cassis \u2013 Aubagne (40\u2009% de niveau d\u2019offre),<\/li>\n<li>Ligne 69\u2009: La Ciotat \u2013 Aubagne (50\u2009% de niveau d\u2019offre),<\/li>\n<li>Ligne 72\u2009: Aubagne \u2013 Aix (30\u2009% de niveau d\u2019offre),<\/li>\n<li>Ligne 100\u2009: Aubagne (P\u00f4le d\u2019Echanges) \u2013 Marseille (Castellane) (40\u2009% de niveau d\u2019offres).<\/li>\n<\/ul>\n<p class=\" wall-content\"><strong>Secteur Ch\u00e2teauneuf les Martigues<\/strong>\u2009:<\/p>\n<ul class=\" wall-content\">\n<li>Ligne 55\u2009: Marignane \u2013 Martigues (30\u2009% de niveau d\u2019offre).<\/li>\n<\/ul>\n<p class=\" wall-content\"><strong>Circuits scolaires secteur Marseille<\/strong>\u2009:<\/p>\n<ul class=\" wall-content\">\n<li>Lignes 1101, 1102, 1103, 1104 et 1105\u00a0: Allauch Plan de Cuques \u2013 lyc\u00e9e Monte Cristo\u2009: service<br \/>assur\u00e9 normalement, sauf les renforts en heures de pointe,<\/li>\n<li>S3\u2009: La Parade \u2013 coll\u00e8ge Malraux\u2009: desserte le matin uniquement,<\/li>\n<li>S4\u2009: Saint Julien \u2013 lyc\u00e9e Nelson-Mandela\u2009: desserte le matin uniquement.<\/li>\n<\/ul>\n<p class=\" wall-content\">La RTM pr\u00e9cise enfin que les \u00ab\u2009r\u00e9seaux urbains d\u2019Aubagne, La Ciotat-Ceyreste et Martigues-Port de Bouc-Saint-Mitre les Remparts fonctionnent normalement\u2009\u00bb, tout comme celui entre Marseille, Allauch et Plan-de-Cuques.<\/p>\n<p class=\" wall-content\">Personnalisez votre actualit\u00e9 en ajoutant vos villes et m\u00e9dias en favori avec <a href=\"https:\/\/moncompte.actu.fr\" title=\"D\u00e9couvez Mon Actu\" rel=\"nofollow noopener\" data-trk=\"{&quot;cta&quot;:{&quot;action&quot;:&quot;https:\\\/\\\/moncompte.actu.fr&quot;,&quot;category&quot;:&quot;mon compte&quot;,&quot;from&quot;:&quot;article footer&quot;,&quot;name&quot;:&quot;Mon actu&quot;,&quot;type&quot;:&quot;cta&quot;}}\" target=\"_blank\">Mon Actu<\/a>.<\/p>\n","protected":false},"excerpt":{"rendered":"Par Thibault Nadal Publi\u00e9 le 27 nov. 2025 \u00e0 11h03 Il va falloir \u00eatre pr\u00e9voyant et anticiper ses&hellip;\n","protected":false},"author":2,"featured_media":122489,"comment_status":"","ping_status":"","sticky":false,"template":"","format":"standard","meta":{"footnotes":""},"categories":[2814],"tags":[1111,11,1777,674,1011,27,884,12,882,25,10783,104,2803],"class_list":{"0":"post-562032","1":"post","2":"type-post","3":"status-publish","4":"format-standard","5":"has-post-thumbnail","7":"category-marseille","8":"tag-actu","9":"tag-actualites","10":"tag-eu","11":"tag-europe","12":"tag-fr","13":"tag-france","14":"tag-marseille","15":"tag-news","16":"tag-provence-alpes-cote-dazur","17":"tag-republique-francaise","18":"tag-rtm","19":"tag-societe","20":"tag-transport"},"share_on_mastodon":{"url":"https:\/\/pubeurope.com\/@fr\/115621131198758600","error":""},"_links":{"self":[{"href":"https:\/\/www.europesays.com\/fr\/wp-json\/wp\/v2\/posts\/562032","targetHints":{"allow":["GET"]}}],"collection":[{"href":"https:\/\/www.europesays.com\/fr\/wp-json\/wp\/v2\/posts"}],"about":[{"href":"https:\/\/www.europesays.com\/fr\/wp-json\/wp\/v2\/types\/post"}],"author":[{"embeddable":true,"href":"https:\/\/www.europesays.com\/fr\/wp-json\/wp\/v2\/users\/2"}],"replies":[{"embeddable":true,"href":"https:\/\/www.europesays.com\/fr\/wp-json\/wp\/v2\/comments?post=562032"}],"version-history":[{"count":0,"href":"https:\/\/www.europesays.com\/fr\/wp-json\/wp\/v2\/posts\/562032\/revisions"}],"wp:featuredmedia":[{"embeddable":true,"href":"https:\/\/www.europesays.com\/fr\/wp-json\/wp\/v2\/media\/122489"}],"wp:attachment":[{"href":"https:\/\/www.europesays.com\/fr\/wp-json\/wp\/v2\/media?parent=562032"}],"wp:term":[{"taxonomy":"category","embeddable":true,"href":"https:\/\/www.europesays.com\/fr\/wp-json\/wp\/v2\/categories?post=562032"},{"taxonomy":"post_tag","embeddable":true,"href":"https:\/\/www.europesays.com\/fr\/wp-json\/wp\/v2\/tags?post=562032"}],"curies":[{"name":"wp","href":"https:\/\/api.w.org\/{rel}","templated":true}]}}