{"id":562033,"date":"2025-11-27T10:13:16","date_gmt":"2025-11-27T10:13:16","guid":{"rendered":"https:\/\/www.europesays.com\/fr\/562033\/"},"modified":"2025-11-27T10:13:16","modified_gmt":"2025-11-27T10:13:16","slug":"que-faire-a-marseille-ce-week-end-du-27-28-29-et-30-novembre","status":"publish","type":"post","link":"https:\/\/www.europesays.com\/fr\/562033\/","title":{"rendered":"Que faire \u00e0 Marseille ce week-end du 27, 28, 29 et 30\u00a0novembre\u00a0?"},"content":{"rendered":"<p>La Provence vous propose le jeudi une s\u00e9lection de bons plans, d\u2019activit\u00e9s, de sorties \u00e0 faire \u00e0 Marseille pour le week-end du 27, 28, 29 et 30.<\/p>\n<p>Des spectacles pour les enfants<\/p>\n<p>Du th\u00e9\u00e2tre \u00e0 destination du jeune public&#13;\n<\/p>\n<p><img alt=\"Plusieurs spectacles th\u00e9\u00e2traux d\u00e9di\u00e9s aux enfants sont pr\u00e9vus ces prochains jours \u00e0 Marseille.\" loading=\"lazy\" decoding=\"async\" data-nimg=\"fill\" class=\" TwicCore_img__i9TC1 undefined  undefined\" style=\"position:absolute;height:100%;width:100%;left:0;top:0;right:0;bottom:0;color:transparent;background-size:cover;background-position:50% 50%;background-repeat:no-repeat;background-image:url(&quot;data:image\/svg+xml;charset=utf-8,%3Csvg xmlns='http:\/\/www.w3.org\/2000\/svg' %3E%3Cfilter id='b' color-interpolation-filters='sRGB'%3E%3CfeGaussianBlur stdDeviation='20'\/%3E%3CfeColorMatrix values='1 0 0 0 0 0 1 0 0 0 0 0 1 0 0 0 0 0 100 -1' result='s'\/%3E%3CfeFlood x='0' y='0' width='100%25' height='100%25'\/%3E%3CfeComposite operator='out' in='s'\/%3E%3CfeComposite in2='SourceGraphic'\/%3E%3CfeGaussianBlur stdDeviation='20'\/%3E%3C\/filter%3E%3Cimage width='100%25' height='100%25' x='0' y='0' preserveAspectRatio='none' style='filter: url(%23b);' href='https:\/\/pictures.laprovence.com\/cdn-cgi\/image\/blur=250\/media\/melody\/2025\/11\/27\/photo-1764237306_be9a56a847296a2aa56a8472976aa5v_.jpg'\/%3E%3C\/svg%3E&quot;)\"   src=\"https:\/\/www.europesays.com\/fr\/wp-content\/uploads\/2025\/11\/photo-1764237306_be9a56a847296a2aa56a8472976aa5v_.jpg\"\/>Plusieurs spectacles th\u00e9\u00e2traux d\u00e9di\u00e9s aux enfants sont pr\u00e9vus ces prochains jours \u00e0 Marseille. \/ Photo DR<\/p>\n<p>Au Badaboum, Le Petit Guili, th\u00e9\u00e2tre d\u2019objets \u00e0 partir de 4\u00a0ans, raconte l\u2019histoire d\u2019un petit lion, L\u00e9on, qui en devenant grand et apr\u00e8s son couronnement en tant que roi des animaux, abuse de son pouvoir et change les lois selon son humeur. Ce conte moderne, narr\u00e9 par Agn\u00e8s P\u00e9treau, qui joue avec les objets et incarne les personnages, met en avant le rapport au pouvoir.<br \/><strong>Ce jeudi 27\u00a0novembre \u00e0 9\u00a0h\u00a030 et samedi \u00e0 14\u00a0h\u00a030. 16, quai de Rive-Neuve (7e). <\/strong><strong>Tarif\u00a0: 9,40\u00a0\u20ac. badaboum-theatre.com.<\/strong><\/p>\n<p><a href=\"https:\/\/www.laprovence.com\/article\/culture-loisirs\/1865332608409514\/le-theatre-des-calanques-presentera-sa-saison-au-public-le-20-septembre\" target=\"_blank\" rel=\"noopener\">Au th\u00e9\u00e2tre des Calanques<\/a>, Alice est une r\u00e9\u00e9criture par Camille Noyelle d\u2019Alice au Pays des Merveilles. Un r\u00e9cit initiatique pour les enfants \u00e0 partir de 7\u00a0ans, travers\u00e9 de m\u00e9tamorphoses, d\u2019absurde et de po\u00e9sie. <strong>Samedi \u00e0 16\u00a0h. 35, traverse de Carthage (8e). Prix libre \u00e0 partir de 5\u00a0\u20ac. theatredescalanques.com<\/strong><\/p>\n<p>Au th\u00e9\u00e2tre Divadlo, un c\u00e9l\u00e8bre conte aussi avec Casse-Noisette (\u00e0 partir de 2\u00a0ans). L\u2019histoire de la petite Clara qui d\u00e9couvre le soir de No\u00ebl un cadeau inattendu, un casse-noisettes sous la forme d\u2019un beau soldat qui va l\u2019entra\u00eener dans un tourbillon d\u2019aventures et de surprises, offre un univers f\u00e9erique et magique. <strong>Samedi \u00e0 14\u00a0h\u00a030. 69, rue sainte C\u00e9cile (5e). Tarif\u00a0: 8,90\u00a0\u20ac.<br \/>divadlo-theatre.fr<\/strong><\/p>\n<p>\u00c0 la Com\u00e9die de Marseille, Les Lettres de Mon Moulin d\u2019Alphonse Daudet, sont mises \u00e0 l\u2019honneur, racont\u00e9es par la com\u00e9dienne Julie Rippert. Le public (de 3\u00a0\u00e0 10\u00a0ans) est embarqu\u00e9 dans les souvenirs d\u2019enfance \u00e0 travers une s\u00e9lection dr\u00f4le, \u00e9mouvante et surprenante et, bien entendu, dans les collines proven\u00e7ales. <strong>Samedi \u00e0 11\u00a0h. 16, quai de Rive Neuve (7e). Tarif\u00a0: 12\u00a0\u20ac. 16-19.fr<\/strong><\/p>\n<p><strong>A.A.<\/strong><\/p>\n<p>Les expos, cin\u00e9s et spectacles d\u2019humour<\/p>\n<p>PriMed\u00a0: focus en images sur la M\u00e9diterran\u00e9e&#13;\n<\/p>\n<p><img alt=\"Parmi les cinq courts-m\u00e9trages \u00e0 d\u00e9couvrir samedi dans le cadre de PriMed, Snake Hill (La Colline des serpents) de Jo\u00eblle Abou Chabk\u00e9 (Liban, 2024).\" loading=\"lazy\" decoding=\"async\" data-nimg=\"fill\" class=\" TwicCore_img__i9TC1 undefined  undefined\" style=\"position:absolute;height:100%;width:100%;left:0;top:0;right:0;bottom:0;color:transparent;background-size:cover;background-position:50% 50%;background-repeat:no-repeat;background-image:url(&quot;data:image\/svg+xml;charset=utf-8,%3Csvg xmlns='http:\/\/www.w3.org\/2000\/svg' %3E%3Cfilter id='b' color-interpolation-filters='sRGB'%3E%3CfeGaussianBlur stdDeviation='20'\/%3E%3CfeColorMatrix values='1 0 0 0 0 0 1 0 0 0 0 0 1 0 0 0 0 0 100 -1' result='s'\/%3E%3CfeFlood x='0' y='0' width='100%25' height='100%25'\/%3E%3CfeComposite operator='out' in='s'\/%3E%3CfeComposite in2='SourceGraphic'\/%3E%3CfeGaussianBlur stdDeviation='20'\/%3E%3C\/filter%3E%3Cimage width='100%25' height='100%25' x='0' y='0' preserveAspectRatio='none' style='filter: url(%23b);' href='https:\/\/pictures.laprovence.com\/cdn-cgi\/image\/blur=250\/media\/melody\/2025\/11\/27\/photo-1764237306_23c271f84729688c271f847299cc27v_.jpg'\/%3E%3C\/svg%3E&quot;)\"   src=\"https:\/\/www.europesays.com\/fr\/wp-content\/uploads\/2025\/11\/photo-1764237306_23c271f84729688c271f847299cc27v_.jpg\"\/>Parmi les cinq courts-m\u00e9trages \u00e0 d\u00e9couvrir samedi dans le cadre de PriMed, Snake Hill (La Colline des serpents) de Jo\u00eblle Abou Chabk\u00e9 (Liban, 2024). \/ Photo DR<\/p>\n<p><a href=\"https:\/\/www.laprovence.com\/article\/culture-loisirs\/51479802644742\/primed-le-festival-de-la-mediterranee-en-images-demarre-le-29-novembre-a-marseille-avec-25-documentaires-poignants\" target=\"_blank\" rel=\"noopener\">Pour sa 29e \u00e9dition, le festival de documentaires<\/a> PriMed entend porter un regard et un message tourn\u00e9s vers l\u2019espoir dans une M\u00e9diterran\u00e9e travers\u00e9e par des crises. Pour cela, il a s\u00e9lectionn\u00e9 25 documentaires venus du Maghreb, des Balkans, du Moyen-Orient et de l\u2019Europe. Ils seront projet\u00e9s gratuitement au public d\u00e8s samedi, jusqu\u2019au 6\u00a0d\u00e9cembre, \u00e0 l\u2019Alcazar, l\u2019Artplexe, la mairie des 1er-7e\u00a0et le Mucem. Un jury de professionnels, pr\u00e9sid\u00e9 par Daphn\u00e9 Rozat, responsable de la programmation des documentaires au Film et Forum International sur les droits humains, d\u00e9cernera \u00e9galement douze prix. Pour l\u2019ouverture, samedi \u00e0 10\u00a0h\u00a030 <a href=\"https:\/\/www.laprovence.com\/article\/region\/1736633190329615\/ancien-music-hall-site-archeologique-equipement-culturel-les-secrets-de-la-bibliotheque-l-alcazar-a-marseille\" target=\"_blank\" rel=\"noopener\">\u00e0 l\u2019Alcazar<\/a>, le public est invit\u00e9 \u00e0 visionner cinq courts-m\u00e9trages puis \u00e0 voter pour celui qu\u2019il pr\u00e9f\u00e8re. Dans Je crois que le portrait m\u2019a sauv\u00e9 d\u2019Alban Muja (Kosovo, 2025), le peintre Skender Muja raconte, vingt-cinq\u00a0ans apr\u00e8s son enl\u00e8vement pendant la guerre, la peur que lui et de nombreux Albanais ont v\u00e9cue lors de leur s\u00e9questration. La nuit de tous les mots de Dana Drazic (France, 2025) suit le travail de deux b\u00e9n\u00e9voles d\u2019une ligne d\u2019\u00e9coute qui accueillent les paroles de personnes en d\u00e9tresse \u00e9motionnelle. Dans Snake Hill (La Colline des serpents) de Jo\u00eblle Abou Chabk\u00e9 (Liban, 2024), Jo\u00eblle et Melhem lancent un projet de permaculture au Liban, se confrontant \u00e0 leurs voisins agriculteurs, usagers de pesticides. Transalpin, de Clara Nicolas et L\u00e9o Gatinot (France, 2024) retrace la gronde de villageois face \u00e0 la construction d\u2019un tunnel \u00e0 la fronti\u00e8re franco-italienne, qui ass\u00e8che ruisseaux et fontaines. Enfin, Who loves the sun (Qui aime le soleil) d\u2019Arshia Shakiba (Canada, 2024) suit le travail de Mahmood, un ouvrier qui s\u2019occupe d\u2019une raffinerie de p\u00e9trole improvis\u00e9e dans le nord de la Syrie.<\/p>\n<p><strong>primed.tv<\/strong>&#13;\n<\/p>\n<p>Nash \u00e0 l\u2019Espace Julien, Laurent Gerra au Silo<br \/>\n<img alt=\"L\u2019humoriste Nash.\" loading=\"lazy\" decoding=\"async\" data-nimg=\"fill\" class=\" TwicCore_img__i9TC1 undefined  undefined\" style=\"position:absolute;height:100%;width:100%;left:0;top:0;right:0;bottom:0;color:transparent;background-size:cover;background-position:50% 50%;background-repeat:no-repeat;background-image:url(&quot;data:image\/svg+xml;charset=utf-8,%3Csvg xmlns='http:\/\/www.w3.org\/2000\/svg' %3E%3Cfilter id='b' color-interpolation-filters='sRGB'%3E%3CfeGaussianBlur stdDeviation='20'\/%3E%3CfeColorMatrix values='1 0 0 0 0 0 1 0 0 0 0 0 1 0 0 0 0 0 100 -1' result='s'\/%3E%3CfeFlood x='0' y='0' width='100%25' height='100%25'\/%3E%3CfeComposite operator='out' in='s'\/%3E%3CfeComposite in2='SourceGraphic'\/%3E%3CfeGaussianBlur stdDeviation='20'\/%3E%3C\/filter%3E%3Cimage width='100%25' height='100%25' x='0' y='0' preserveAspectRatio='none' style='filter: url(%23b);' href='https:\/\/pictures.laprovence.com\/cdn-cgi\/image\/blur=250\/media\/melody\/2025\/11\/27\/nash-1764237306_daf2912947296cef29129472992039v_.jpg'\/%3E%3C\/svg%3E&quot;)\"   src=\"https:\/\/www.europesays.com\/fr\/wp-content\/uploads\/2025\/11\/nash-1764237306_daf2912947296cef29129472992039v_.jpg\"\/>L\u2019humoriste Nash. \/ Photo DR<\/p>\n<p>Elle avait r\u00e9gal\u00e9 le public marseillais avec sa prestation au D\u00f4me en f\u00e9vrier dernier, entour\u00e9e de la troupe du Jamel Comedy Club. C\u00e9libat et nouvelles fa\u00e7ons de draguer sur les applications de rencontre <a href=\"https:\/\/www.laprovence.com\/article\/culture-loisirs\/1702139018900514\/nash-et-nordine-ganso-deux-etoiles-montantes-du-stand-up-attendues-a-marseille-le-2-juin-2025\" target=\"_blank\" rel=\"noopener\">\u00e9taient notamment pass\u00e9s au crible de Nash<\/a>. L\u2019humoriste \u00e2g\u00e9e de 34\u00a0ans, sur sc\u00e8ne depuis\u00a02018, se produira samedi \u00e0 20\u00a0h\u00a030 \u00e0 l\u2019Espace Julien (<strong>31\u00a0\u20ac, espace-julien.com<\/strong>). Les codes de sa g\u00e9n\u00e9ration et son parcours artistique sont tout autant des sources de vanne pour celle qui s\u2019est aussi illustr\u00e9e \u00e0 Montreux avec le sketch autobiographique Nez pour \u00e7a. Admiratrice de longue date de Florence Foresti, l\u2019ancienne experte comptable originaire de r\u00e9gion parisienne s\u2019exporte depuis plusieurs ann\u00e9es dans toute la France. Avec un succ\u00e8s de plus en plus remarquable.<\/p>\n<p>Du c\u00f4t\u00e9 du Cepac Silo, <a href=\"https:\/\/www.laprovence.com\/article\/france-monde\/1710242697594515\/laurent-gerra-35-ans-de-scene-brocarder-cest-un-sport-national\" target=\"_blank\" rel=\"noopener\">Laurent Gerra est attendu vendredi soir<\/a> \u00e0 20\u00a0h (<strong>de 49 \u00e0 75\u00a0\u20ac, cepacsilo-marseille.fr<\/strong>). Le com\u00e9dien notamment connu pour ses imitations et ses interventions sur RTL y jouera son nouveau spectacle Laurent Gerra se met \u00e0 table\u00a0!, lanc\u00e9 l\u2019ann\u00e9e derni\u00e8re. De nouveau inspir\u00e9 par l\u2019actualit\u00e9, le Bressan s\u2019attaque une fois encore aux personnalit\u00e9s politiques, aux vedettes de la t\u00e9l\u00e9vision et de la chanson. Accompagn\u00e9 par des musiciens dans un d\u00e9cor de restaurant, il plonge ses spectateurs dans un registre entre gauloiserie et gaudriole.<\/p>\n<p>Les habitu\u00e9s des com\u00e9die clubs privil\u00e9gieront la soir\u00e9e Greg Petras et ses copaings ce soir \u00e0 21\u00a0h au Vig\u2019s (<strong>13\u00a0\u20ac, levigs.com<\/strong>). L\u2019humoriste marseillais y testera de toutes nouvelles vannes en vue de son show programm\u00e9 au D\u00f4me le 23\u00a0mai.<\/p>\n<p><strong>V.T.<\/strong><\/p>\n<p>Exposition \u00ab\u00a0Les uns et les autres\u00a0\u00bb au Corbusier<\/p>\n<p>La 3e \u00e9dition de cette exposition-vente organis\u00e9e par Art &amp; Business se tient ce week-end <a href=\"https:\/\/www.laprovence.com\/article\/societe\/417532703645114\/le-radieux-avenir-touristique-de-la-cite-le-corbusier-a-marseille-les-groupes-de-visite-sont-complets\" target=\"_blank\" rel=\"noopener\">au sein de la Cit\u00e9 Radieuse<\/a>. \u00ab\u00a0Les uns et les autres\u00a0\u00bb r\u00e9unit douze artisans d\u2019art et designers autour du th\u00e8me de la d\u00e9coration d\u2019int\u00e9rieur. Tous les cr\u00e9ateurs sont install\u00e9s \u00e0 Marseille en majorit\u00e9 mais \u00e9galement en Italie et au Portugal et leurs \u0153uvres s\u2019inscrivent dans une d\u00e9marche durable et respectueuse de l\u2019environnement. Les cr\u00e9ations pr\u00e9sent\u00e9es sont multiples\u00a0: bois, c\u00e9ramique, textile, pierres naturelles, illustration et autres mati\u00e8res naturelles\u2026 \u00c0 noter la pr\u00e9sence de deux techniques japonaises\u00a0: le Gyotaku<strong>, <\/strong>une forme d\u2019art traditionnel japonais du XIXe\u00a0si\u00e8cle avec une technique d\u2019impression de poissons et le shibori, une technique tr\u00e8s sophistiqu\u00e9e de teinture des textiles avec de l\u2019indigo.<\/p>\n<p><strong>Vendredi 28\u00a0novembre de 12\u00a0h \u00e0 18\u00a0h puis samedi et dimanche de 10\u00a0h \u00e0 18\u00a0h au Corbusier (3e rue), 280 Bd Michelet (8e). Entr\u00e9e libre.<\/strong>&#13;\n<\/p>\n<p>Les concerts, pi\u00e8ces de th\u00e9\u00e2tre et soir\u00e9es<\/p>\n<p>Helena, Amir et David Hallyday, trois soir\u00e9es populaires programm\u00e9es au D\u00f4me<\/p>\n<p>Lanc\u00e9e avec le doubl\u00e9 de Soprano au D\u00f4me mardi et mercredi, la semaine des concerts de grande envergure se poursuit d\u00e8s ce jeudi sous la coupole de Saint-Just. O\u00f9 des milliers de fans sont attendus pour acclamer Helena, qui s\u2019y produira pour la premi\u00e8re fois. <a href=\"https:\/\/www.laprovence.com\/article\/culture-loisirs\/62979075786022\/nrj-music-awards-2025-lenie-helena-pierre-les-anciens-de-la-star-academy-triomphent-les-moments-forts-de-la-soiree\" target=\"_blank\" rel=\"noopener\">Depuis sa participation en\u00a02024 \u00e0 la Star Academy<\/a> en\u00a02023, o\u00f9 elle s\u2019\u00e9tait inclin\u00e9e face \u00e0 Pierre Garnier en demi-finale, tout sourit \u00e0 la jeune Belge dont le succ\u00e8s est impressionnant.<\/p>\n<p>Respectivement par\u00e9s d\u2019or et de platine depuis leur sortie l\u2019ann\u00e9e derni\u00e8re, les singles Aim\u00e9e pour de vrai et Summer Body ont pos\u00e9 les fondations avant le coup de c\u0153ur du public\u00a0: Mauvais Gar\u00e7on, jou\u00e9 sur toutes les radios depuis un an, en plus d\u2019\u00eatre certifi\u00e9 disque de diamant. Culminant \u00e0 plus de 50\u00a0millions d\u2019\u00e9coutes sur Spotify, le titre a s\u00e9duit avec ses paroles d\u00e9crivant une relation toxique entre un homme et une femme \u00e9touffant cette derni\u00e8re. Tout comme cette chanson, Helena a co\u00e9crit avec Vincha toutes les chansons de son premier album H\u00e9l\u00e9, sorti en mars.<\/p>\n<p>Le disque composera \u00e9videmment en grande partie la setlist du show, pendant lequel sont aussi attendus Tout a chang\u00e9 (Rien n\u2019a chang\u00e9) ou encore M\u00e9latonine. Des titres qui ont d\u00e9j\u00e0 r\u00e9sonn\u00e9 lors de la tourn\u00e9e des Z\u00e9niths, dans laquelle est engag\u00e9e la chanteuse \u00e2g\u00e9e de seulement 23\u00a0ans.<\/p>\n<p>De la Star Ac&rsquo;, le D\u00f4me passera samedi sous pavillon The Voice <a href=\"https:\/\/www.laprovence.com\/article\/societe\/1347314561240414\/la-venue-a-gardanne-du-chanteur-franco-israelien-amir-fait-polemique-cette-programmation-est-une-provocation\" target=\"_blank\" rel=\"noopener\">avec la venue d\u2019Amir<\/a>, qui s\u2019y \u00e9tait r\u00e9v\u00e9l\u00e9 en\u00a02014 jusqu\u2019\u00e0 se hisser en finale, perdue face \u00e0 Kendji Girac. S\u2019il a depuis \u00e9tendu son registre artistique \u00e0 la t\u00e9l\u00e9vision, au cin\u00e9ma et m\u00eame au th\u00e9\u00e2tre, c\u2019est bel et bien pour son r\u00e9pertoire musical que le grand public le conna\u00eet. Port\u00e9 par son premier album Au c\u0153ur de moi en\u00a02016, sur lequel figurent les singles \u00e0 succ\u00e8s J\u2019ai cherch\u00e9 et On dirait, le chanteur avait vu l\u2019\u00e9lan se prolonger pour Addictions. Avant de s\u2019att\u00e9nuer l\u00e9g\u00e8rement pour les deux disques suivants Ressources (2020) et C amir (2024).<\/p>\n<p>Ce dernier comporte toutefois le titre Sommet, et son refrain \u00ab\u00a0On va r\u00e9ussir, on sait comment\u00a0\u00bb qui a r\u00e9sonn\u00e9 tout au long des Jeux olympiques de Paris\u00a02024. Et, depuis, lors de la tourn\u00e9e des Z\u00e9niths dans laquelle Amir est lanc\u00e9. Apr\u00e8s le D\u00f4me, le chanteur franco-isra\u00e9lien se produira pour la premi\u00e8re fois \u00e0 l\u2019Accor Arena de Paris le mois prochain.<\/p>\n<p>Lui en revanche est un habitu\u00e9 de longue date des grandes salles, \u00e0 commencer <a href=\"https:\/\/www.laprovence.com\/article\/culture-loisirs\/114202074510715\/en-concert-a-marseille-david-hallyday-fait-trembler-le-dome-avec-sa-son-histoire-de-famille\" target=\"_blank\" rel=\"noopener\">par le D\u00f4me o\u00f9 on l\u2019avait vu il y a tout juste un an<\/a>. Dimanche en fin d\u2019apr\u00e8s-midi, David Hallyday retrouvera la grande salle avec son concert Requiem pour un fou, du nom de l\u2019album sorti l\u2019an dernier. La promesse d\u2019un moment charg\u00e9 en \u00e9motions, comme le fut cette soir\u00e9e marseillaise de novembre\u00a02024 pendant laquelle le chanteur avait revisit\u00e9 son r\u00e9pertoire et celui de son p\u00e8re.<\/p>\n<p><strong>Victor TILLET<\/strong><\/p>\n<p><strong>Helena, jeudi 27\u00a0novembre \u00e0 20\u00a0h au D\u00f4me (4e), de 39 \u00e0 69\u00a0\u20ac. Amir, samedi \u00e0 20h au D\u00f4me, 38\/63\u00a0\u20ac. David Hallyday, dimanche \u00e0 18h au D\u00f4me, 27,50\/66,50\u00a0\u20ac. Billets sur dome.marseille.fr<\/strong>&#13;\n<\/p>\n<p>Avec \u00ab\u00a0Non lieu\u00a0\u00bb, le th\u00e9\u00e2tre enqu\u00eate sur la mort de R\u00e9mi Fraisse<br \/>\n<img alt=\"Le Moukden-Th\u00e9\u00e2tre rouvre le dossier de la mort de R\u00e9mi Fraisse.\" loading=\"lazy\" decoding=\"async\" data-nimg=\"fill\" class=\" TwicCore_img__i9TC1 undefined  undefined\" style=\"position:absolute;height:100%;width:100%;left:0;top:0;right:0;bottom:0;color:transparent;background-size:cover;background-position:50% 50%;background-repeat:no-repeat;background-image:url(&quot;data:image\/svg+xml;charset=utf-8,%3Csvg xmlns='http:\/\/www.w3.org\/2000\/svg' %3E%3Cfilter id='b' color-interpolation-filters='sRGB'%3E%3CfeGaussianBlur stdDeviation='20'\/%3E%3CfeColorMatrix values='1 0 0 0 0 0 1 0 0 0 0 0 1 0 0 0 0 0 100 -1' result='s'\/%3E%3CfeFlood x='0' y='0' width='100%25' height='100%25'\/%3E%3CfeComposite operator='out' in='s'\/%3E%3CfeComposite in2='SourceGraphic'\/%3E%3CfeGaussianBlur stdDeviation='20'\/%3E%3C\/filter%3E%3Cimage width='100%25' height='100%25' x='0' y='0' preserveAspectRatio='none' style='filter: url(%23b);' href='https:\/\/pictures.laprovence.com\/cdn-cgi\/image\/blur=250\/media\/melody\/2025\/11\/27\/photo-1764237308_a58bc869472965a8bc86947295e8bcv_.jpg'\/%3E%3C\/svg%3E&quot;)\"   src=\"https:\/\/www.europesays.com\/fr\/wp-content\/uploads\/2025\/11\/photo-1764237308_a58bc869472965a8bc86947295e8bcv_.jpg\"\/>Le Moukden-Th\u00e9\u00e2tre rouvre le dossier de la mort de R\u00e9mi Fraisse. \/ Photo Simon GOSSELIN<\/p>\n<p>Le 26\u00a0octobre\u00a02014, <a href=\"https:\/\/www.laprovence.com\/article\/faits-divers-justice\/1971620611504914\/mort-de-remi-fraisse-la-cour-europeenne-des-droits-de-lhomme-condamne-la-france-pour-violation-du-droit-a-la-vie\" target=\"_blank\" rel=\"noopener\">R\u00e9mi Fraisse, jeune militant \u00e9cologiste<\/a>, trouve la mort lors d\u2019un affrontement avec les forces de l\u2019ordre sur le site contest\u00e9 du barrage de Sivens. Une enqu\u00eate est men\u00e9e, mais le proc\u00e8s n\u2019aura jamais lieu. Le dossier d\u2019instruction, fort de 10\u00a0000 pages, reste dans l\u2019ombre, condamn\u00e9 \u00e0 l\u2019oubli. Dix ans apr\u00e8s les faits, le Moukden-Th\u00e9\u00e2tre rouvre le dossier et questionne la machine judiciaire.<\/p>\n<p><strong>\u00ab\u00a0Non lieu\u00a0\u00bb, vendredi 28\u00a0novembre \u00e0 20h et samedi \u00e0 19\u00a0h. theatrejoliette.fr<\/strong>&#13;\n<\/p>\n<p>Premi\u00e8re soir\u00e9e techno \u00e0 La Plateforme, ex-Dock des Suds<\/p>\n<p>Ferm\u00e9 depuis mars dernier, <a href=\"https:\/\/www.laprovence.com\/article\/culture-loisirs\/95754395078325\/le-dock-des-suds-a-marseille-reprend-une-activite-musicale-sous-le-nom-le-hangar-a-sucre\" target=\"_blank\" rel=\"noopener\">le Dock des Suds rena\u00eet sous le nom La Plateforme<\/a>, du nom de l\u2019\u00e9cole du num\u00e9rique qui s\u2019y est install\u00e9e en octobre. Ce samedi, cet ancien hangar \u00e0 sucre accueille le collectif marseillais de techno, Ph4 Records. Cette soir\u00e9e a pour nom No Escape avec une programmation hard techno et industrial techno de 22h \u00e0 4h du matin avec les artistes Benzo, Esilise, Wolk et Xenia. Cet \u00e9v\u00e9nement est complet mais une liste d\u2019attente est mise en place sur le r\u00e9seau Shotgun. C\u2019est dire l\u2019engouement que procure le retour des soir\u00e9es \u00e9lectro dans ce haut lieu des nuits marseillaises.<\/p>\n<p><strong>Samedi 29\u00a0novembre de 22\u00a0h \u00e0 4\u00a0h \u00e0 La Plateforme, 12 rue Urbain V (2e). R\u00e9servation sur Shotgun.<\/strong>&#13;\n<\/p>\n<p>Les musiques de films de Hans Zimmer au piano et \u00e0 la bougie<\/p>\n<p>L\u2019UGAB (Union g\u00e9n\u00e9rale arm\u00e9nienne de bienfaisance) de Marseille propose un concert de piano <a href=\"https:\/\/www.laprovence.com\/article\/culture-loisirs\/64591914635142\/du-film-le-roi-lion-a-inception-lunivers-du-compositeur-hans-zimmer-au-coeur-dun-concert-a-manosque\" target=\"_blank\" rel=\"noopener\">\u00e0 la lueur des bougies sur les musiques de Hans Zimmer<\/a>. L\u2019occasion de revivre les plus belles compositions de musiques de films de ce dernier dans une ambiance po\u00e9tique. Gladiator, Interstellar, Batman, Dune, Le Roi Lion\u2026 Des musiques cultes revisit\u00e9es au piano par le pianiste concertiste Jean-Jacques B\u00e9dikian. Ce Marseillais d\u2019origine arm\u00e9nienne enseigne le piano au Conservatoire de Marseille et collabore r\u00e9guli\u00e8rement avec le mandoliniste Vincent Beer-Demander pour des concerts, des cr\u00e9ations et des enregistrements autour des \u0153uvres de Vladimir Cosma, Richard Galliano, Jean-Claude Petit\u2026<\/p>\n<p><strong>Vendredi 28\u00a0novembre \u00e0 19\u00a0h\u00a030 au 327, Bd Michelet (9e). Tarifs\u00a0: 25\u00a0\u20ac et 10\u00a0\u20ac moins de 12\u00a0ans. R\u00e9s\u00e9rvation obligatoire au 04\u00a091\u00a022\u00a010\u00a045 ou \u00e0 l\u2019adresse <a href=\"https:\/\/www.laprovence.com\/cdn-cgi\/l\/email-protection\" class=\"__cf_email__\" data-cfemail=\"dbb6baa9a8beb2b7b7beb8b3baabafbea99bbabcb9aef5b4a9bc\" target=\"_blank\" rel=\"noopener\">[email\u00a0protected]<\/a><\/strong>&#13;\n<\/p>\n<p>Du rock fran\u00e7ais \u00e0 l\u2019Espace Julien<br \/>\n<img alt=\"Un concert rock est pr\u00e9vu ce jeudi \u00e0 l\u2019Espace Julien.\" loading=\"lazy\" decoding=\"async\" data-nimg=\"fill\" class=\" TwicCore_img__i9TC1 undefined  undefined\" style=\"position:absolute;height:100%;width:100%;left:0;top:0;right:0;bottom:0;color:transparent;background-size:cover;background-position:50% 50%;background-repeat:no-repeat;background-image:url(&quot;data:image\/svg+xml;charset=utf-8,%3Csvg xmlns='http:\/\/www.w3.org\/2000\/svg' %3E%3Cfilter id='b' color-interpolation-filters='sRGB'%3E%3CfeGaussianBlur stdDeviation='20'\/%3E%3CfeColorMatrix values='1 0 0 0 0 0 1 0 0 0 0 0 1 0 0 0 0 0 100 -1' result='s'\/%3E%3CfeFlood x='0' y='0' width='100%25' height='100%25'\/%3E%3CfeComposite operator='out' in='s'\/%3E%3CfeComposite in2='SourceGraphic'\/%3E%3CfeGaussianBlur stdDeviation='20'\/%3E%3C\/filter%3E%3Cimage width='100%25' height='100%25' x='0' y='0' preserveAspectRatio='none' style='filter: url(%23b);' href='https:\/\/pictures.laprovence.com\/cdn-cgi\/image\/blur=250\/media\/melody\/2025\/11\/27\/c-est-a-l-espace-julien-que-la-carriere-du-chanteur-a-pris-une-nouvelle-tournure-1764237308_da9b68baf1486de9b68baf148d2ab6v_.jpg'\/%3E%3C\/svg%3E&quot;)\"   src=\"https:\/\/www.europesays.com\/fr\/wp-content\/uploads\/2025\/11\/c-est-a-l-espace-julien-que-la-carriere-du-chanteur-a-pris-une-nouvelle-tournure-1764237308_da9b68ba.jpeg\"\/>Un concert rock est pr\u00e9vu ce jeudi \u00e0 l\u2019Espace Julien. \/ Photo Gilles Bader<\/p>\n<p>Deux groupes de la sc\u00e8ne rock fran\u00e7aise des ann\u00e9es\u00a02000 <a href=\"https:\/\/www.laprovence.com\/article\/region\/68422057050991\/a-l-espace-julien-a-marseille-une-saison-2024-2025-plurielle-et-collaborative\" target=\"_blank\" rel=\"noopener\">se succ\u00e8dent ces jours-ci \u00e0 l\u2019Espace Julien<\/a>. Le premier, The Inspector Cluzo, originaire des Landes, m\u00e8ne depuis\u00a02008 une carri\u00e8re de mani\u00e8re ind\u00e9pendante, autoproduisant ses albums, tout en menant une activit\u00e9 d\u2019\u00e9levage d\u2019oies. Apr\u00e8s une tourn\u00e9e mondiale de deux ans, il a sorti cette ann\u00e9e son 10e opus tr\u00e8s rock\/blues, enregistr\u00e9 \u00e0 Nashville, qu\u2019il pr\u00e9sente ce jeudi \u00e0 Marseille. Le second, Deportivo, venu des Yvelines, est de retour apr\u00e8s une pause de 12\u00a0ans, entre l\u2019album Domino et le dernier Reptile sorti en\u00a02025. En\u00a02024, il avait f\u00eat\u00e9 les 20\u00a0ans de son premier disque Parmi Eux\u00a0sur la sc\u00e8ne du Trianon \u00e0 Paris, avant de partir en tourn\u00e9e. Le groupe est vendredi \u00e0 l\u2019Espace Julien.<\/p>\n<p><strong>Infos sur espace-julien.com<\/strong>&#13;\n<\/p>\n<p>Jest\u00a0: week-end de cl\u00f4ture<\/p>\n<p>Le festival de musiques actuelles de cr\u00e9ation, port\u00e9 par l\u2019Ami (Aide aux musiques innovatrices), se termine ce week-end. Au programme, du rock libanais ce jeudi au Petit Cab, avec le tout jeune groupe bas\u00e9 \u00e0 Marseille Duomobile, qui d\u00e9fend un live m\u00ealant trip-hop, post-punk et textes en arabe, entre r\u00eaves et exil. Puis, Sanam, la formation de six musiciens originaires de Beyrouth prendra le relais avec sa transe rock et exp\u00e9rimentale nourrie de chants traditionnels revisit\u00e9s. La suite se passe vendredi \u00e0 la Cit\u00e9 de la musique avec le projet Nuba Nova 2 qui r\u00e9unit \u00e0 nouveau Meryem Koufi (chant, kouitra) et Mehdi Haddab (machine, oud), puis la cr\u00e9ation Soleil d\u2019hiver du oudiste Gr\u00e9gory Dargent. Enfin, la cl\u00f4ture a lieu samedi au Petit Cab avec Ganagobie, nouveau projet de la batteuse Blanche Lafuente, la rencontre de la house d\u2019Atlanta et de l\u2019avant-garde jazz avec Stefan Ringer et Marquinn Mason, et les s\u00e9lections de Goldie B.<\/p>\n<p><strong>Tout le programme sur lejest.fr<\/strong><\/p>\n","protected":false},"excerpt":{"rendered":"La Provence vous propose le jeudi une s\u00e9lection de bons plans, d\u2019activit\u00e9s, de sorties \u00e0 faire \u00e0 Marseille&hellip;\n","protected":false},"author":2,"featured_media":562034,"comment_status":"","ping_status":"","sticky":false,"template":"","format":"standard","meta":{"footnotes":""},"categories":[2814],"tags":[17,14016,8129,67841,1111,11,251,1777,674,4560,1011,27,884,12,882,746,25,4064],"class_list":{"0":"post-562033","1":"post","2":"type-post","3":"status-publish","4":"format-standard","5":"has-post-thumbnail","7":"category-marseille","8":"tag-17","9":"tag-14016","10":"tag-8129","11":"tag-30-novembre","12":"tag-actu","13":"tag-actualites","14":"tag-culture","15":"tag-eu","16":"tag-europe","17":"tag-faire","18":"tag-fr","19":"tag-france","20":"tag-marseille","21":"tag-news","22":"tag-provence-alpes-cote-dazur","23":"tag-que","24":"tag-republique-francaise","25":"tag-week-end"},"share_on_mastodon":{"url":"https:\/\/pubeurope.com\/@fr\/115621136521902534","error":""},"_links":{"self":[{"href":"https:\/\/www.europesays.com\/fr\/wp-json\/wp\/v2\/posts\/562033","targetHints":{"allow":["GET"]}}],"collection":[{"href":"https:\/\/www.europesays.com\/fr\/wp-json\/wp\/v2\/posts"}],"about":[{"href":"https:\/\/www.europesays.com\/fr\/wp-json\/wp\/v2\/types\/post"}],"author":[{"embeddable":true,"href":"https:\/\/www.europesays.com\/fr\/wp-json\/wp\/v2\/users\/2"}],"replies":[{"embeddable":true,"href":"https:\/\/www.europesays.com\/fr\/wp-json\/wp\/v2\/comments?post=562033"}],"version-history":[{"count":0,"href":"https:\/\/www.europesays.com\/fr\/wp-json\/wp\/v2\/posts\/562033\/revisions"}],"wp:featuredmedia":[{"embeddable":true,"href":"https:\/\/www.europesays.com\/fr\/wp-json\/wp\/v2\/media\/562034"}],"wp:attachment":[{"href":"https:\/\/www.europesays.com\/fr\/wp-json\/wp\/v2\/media?parent=562033"}],"wp:term":[{"taxonomy":"category","embeddable":true,"href":"https:\/\/www.europesays.com\/fr\/wp-json\/wp\/v2\/categories?post=562033"},{"taxonomy":"post_tag","embeddable":true,"href":"https:\/\/www.europesays.com\/fr\/wp-json\/wp\/v2\/tags?post=562033"}],"curies":[{"name":"wp","href":"https:\/\/api.w.org\/{rel}","templated":true}]}}