{"id":562035,"date":"2025-11-27T10:14:11","date_gmt":"2025-11-27T10:14:11","guid":{"rendered":"https:\/\/www.europesays.com\/fr\/562035\/"},"modified":"2025-11-27T10:14:11","modified_gmt":"2025-11-27T10:14:11","slug":"le-rendez-vous-piege-qui-devoile-un-incroyable-butin-a-villeurbanne","status":"publish","type":"post","link":"https:\/\/www.europesays.com\/fr\/562035\/","title":{"rendered":"le rendez-vous pi\u00e8ge\u00a0qui d\u00e9voile un incroyable butin\u00a0\u00e0 Villeurbanne"},"content":{"rendered":"<p>Mercredi 26 novembre, vers 18h50, une patrouille de la BAC A a \u00e9t\u00e9 requise au\u00a08 rue L\u00e9on-Blum \u00e0 Villeurbanne, devant le taxiphone \u00ab\u00a0Dubai Phone\u00a0\u00bb. D&rsquo;apr\u00e8s nos informations, la victime d\u2019un vol de v\u00e9lo commis en ao\u00fbt 2025 a reconnu son deux-roues, mis en vente sur le site Leboncoin. Un fonctionnaire de police l&rsquo;a ainsi accompagn\u00e9 pour s\u00e9curiser la rencontre avec le vendeur.<\/p>\n<p>Sur place,\u00a0un employ\u00e9 de la boutique, missionn\u00e9 par le g\u00e9rant selon ses propres d\u00e9clarations, conduisait la victime et le policier dans les communs situ\u00e9s derri\u00e8re le magasin. Il y pr\u00e9sentait un v\u00e9lo r\u00e9cup\u00e9r\u00e9 dans la cave : il s\u2019agissait bien de celui vol\u00e9 en ao\u00fbt. L\u2019homme \u00e9tait imm\u00e9diatement interpell\u00e9.<\/p>\n<p>Bijoux, montres, t\u00e9l\u00e9phones&#8230;<\/p>\n<p>Lors de son audition, l\u2019individu mettait en cause son employeur, expliquant qu\u2019il \u00ab\u00a0avait simplement fait ce qu\u2019on lui demandait.\u00a0\u00bb\u00a0Le g\u00e9rant du commerce \u00e9tait\u00a0ainsi \u00e0 son tour interpell\u00e9. Un officier du groupe d&rsquo;appui judiciaire proc\u00e9dait alors \u00e0 une perquisition de la cave du magasin, o\u00f9 \u00e9taient retrouv\u00e9s\u00a0\u00ab\u00a0une dizaine de v\u00e9los,\u00a0de l\u2019outillage de chantier\u00a0et\u00a0des trottinettes \u00e9lectriques\u00a0\u00bb, nous pr\u00e9cise une source\u00a0polici\u00e8re.\u00a0<\/p>\n<p>L\u2019enqu\u00eate se poursuivait ensuite au domicile du g\u00e9rant. Les policiers y d\u00e9couvraient\u00a0plusieurs centaines de t\u00e9l\u00e9phones portables,\u00a0de l\u2019outillage,\u00a0des bijoux,\u00a0des montres, ainsi que\u00a094 300 euros en liquide. Tous ces objets sont d\u00e9sormais\u00a0en cours de v\u00e9rification\u00a0pour d\u00e9terminer s\u2019ils proviennent ou non de vols.<\/p>\n<p>Les deux hommes interpell\u00e9s,\u00a0un Alg\u00e9rien de 29 ans\u00a0et\u00a0un Rhodanien de 40 ans, ont \u00e9t\u00e9\u00a0plac\u00e9s en garde \u00e0 vue.<\/p>\n","protected":false},"excerpt":{"rendered":"Mercredi 26 novembre, vers 18h50, une patrouille de la BAC A a \u00e9t\u00e9 requise au\u00a08 rue L\u00e9on-Blum \u00e0&hellip;\n","protected":false},"author":2,"featured_media":562036,"comment_status":"","ping_status":"","sticky":false,"template":"","format":"standard","meta":{"footnotes":""},"categories":[1889],"tags":[1111,11,2813,2190,2430,1109,251,1112,2811,1777,674,118,1011,27,1922,1110,1114,2428,2810,12,241,316,25,2812,517,800],"class_list":{"0":"post-562035","1":"post","2":"type-post","3":"status-publish","4":"format-standard","5":"has-post-thumbnail","7":"category-lyon","8":"tag-actu","9":"tag-actualites","10":"tag-article","11":"tag-asvel","12":"tag-auvergne-rhone-alpes","13":"tag-breves","14":"tag-culture","15":"tag-depeches","16":"tag-economique","17":"tag-eu","18":"tag-europe","19":"tag-faits-divers","20":"tag-fr","21":"tag-france","22":"tag-info","23":"tag-informations","24":"tag-infos","25":"tag-lyon","26":"tag-lyonmag","27":"tag-news","28":"tag-ol","29":"tag-politique","30":"tag-republique-francaise","31":"tag-sociale","32":"tag-sport","33":"tag-transports"},"share_on_mastodon":{"url":"https:\/\/pubeurope.com\/@fr\/115621138642775669","error":""},"_links":{"self":[{"href":"https:\/\/www.europesays.com\/fr\/wp-json\/wp\/v2\/posts\/562035","targetHints":{"allow":["GET"]}}],"collection":[{"href":"https:\/\/www.europesays.com\/fr\/wp-json\/wp\/v2\/posts"}],"about":[{"href":"https:\/\/www.europesays.com\/fr\/wp-json\/wp\/v2\/types\/post"}],"author":[{"embeddable":true,"href":"https:\/\/www.europesays.com\/fr\/wp-json\/wp\/v2\/users\/2"}],"replies":[{"embeddable":true,"href":"https:\/\/www.europesays.com\/fr\/wp-json\/wp\/v2\/comments?post=562035"}],"version-history":[{"count":0,"href":"https:\/\/www.europesays.com\/fr\/wp-json\/wp\/v2\/posts\/562035\/revisions"}],"wp:featuredmedia":[{"embeddable":true,"href":"https:\/\/www.europesays.com\/fr\/wp-json\/wp\/v2\/media\/562036"}],"wp:attachment":[{"href":"https:\/\/www.europesays.com\/fr\/wp-json\/wp\/v2\/media?parent=562035"}],"wp:term":[{"taxonomy":"category","embeddable":true,"href":"https:\/\/www.europesays.com\/fr\/wp-json\/wp\/v2\/categories?post=562035"},{"taxonomy":"post_tag","embeddable":true,"href":"https:\/\/www.europesays.com\/fr\/wp-json\/wp\/v2\/tags?post=562035"}],"curies":[{"name":"wp","href":"https:\/\/api.w.org\/{rel}","templated":true}]}}