{"id":562037,"date":"2025-11-27T10:15:14","date_gmt":"2025-11-27T10:15:14","guid":{"rendered":"https:\/\/www.europesays.com\/fr\/562037\/"},"modified":"2025-11-27T10:15:14","modified_gmt":"2025-11-27T10:15:14","slug":"sous-le-coup-dune-notice-rouge-dinterpol-un-lyonnais-arrete-en-colombie-pour-blanchiment-dargent","status":"publish","type":"post","link":"https:\/\/www.europesays.com\/fr\/562037\/","title":{"rendered":"Sous le coup d\u2019une notice rouge d\u2019Interpol, un Lyonnais arr\u00eat\u00e9 en Colombie pour\u00a0blanchiment d&rsquo;argent"},"content":{"rendered":"<p>Un Fran\u00e7ais de 41 ans, originaire de Lyon, a \u00e9t\u00e9 arr\u00eat\u00e9 le 13 novembre \u00e0 Cali, en Colombie. Les autorit\u00e9s locales expliquent qu\u2019il \u00e9tait sous le coup d\u2019une notice rouge d\u2019Interpol \u00e9mise \u00e0 la demande d\u2019une juridiction lyonnaise. Il s&rsquo;agit d&rsquo;\u00c9douard Chavanne, un homme originaire de Lyon et bien et\u00a0connu pour avoir travaill\u00e9 dans le milieu de la nuit.<\/p>\n<p>La Direction d\u2019investigation criminelle colombienne (Dijin) d\u00e9taille : \u00ab\u00a0La Police nationale colombienne, en coordination avec le Minist\u00e8re public de la R\u00e9publique de Colombie, l&rsquo;Arm\u00e9e de l&rsquo;air colombienne et avec le soutien des autorit\u00e9s fran\u00e7aises, a interpell\u00e9 \u00e0 Cali (Valle del Cauca) un ressortissant fran\u00e7ais faisant l&rsquo;objet d&rsquo;une notice rouge d&rsquo;Interpol. Il \u00e9tait recherch\u00e9 par une autorit\u00e9 judiciaire lyonnaise.\u00a0\u00bb<\/p>\n<p>Le quadrag\u00e9naire est\u00a0soup\u00e7onn\u00e9 d\u2019appartenir \u00e0 un r\u00e9seau international de blanchiment d\u2019argent, et la Dijin pr\u00e9cise qu\u2019il serait en\u00a0r\u00e9cidive.\u00a0<\/p>\n<p>Selon la presse colombienne, l\u2019homme s\u2019\u00e9tait install\u00e9 \u00e0 Cali o\u00f9 il avait ouvert une salle de sport de luxe dans le quartier de Los C\u00e1mbulos, un complexe comprenant notamment un espace fitness, une piscine et des terrains de football. Une partie des fonds \u00e0 l\u2019origine de cet investissement proviendrait d\u2019op\u00e9rations financi\u00e8res r\u00e9alis\u00e9es via une soci\u00e9t\u00e9 am\u00e9ricaine, avec d\u00e9p\u00f4ts sur un compte bancaire espagnol utilis\u00e9 en Colombie, pour un total avoisinant les 185 000 euros.<\/p>\n<p>Pr\u00e9sent\u00e9 comme un geste \u00ab\u00a0philanthropique\u00a0\u00bb, ce projet aurait en r\u00e9alit\u00e9 servi \u00e0 int\u00e9grer des sommes d\u2019origine ill\u00e9gale dans le syst\u00e8me financier local, selon les conclusions des enqu\u00eateurs colombiens.<\/p>\n<p>Interpell\u00e9 \u00e0 Cali, le Fran\u00e7ais a \u00e9t\u00e9 imm\u00e9diatement remis aux services sp\u00e9cialis\u00e9s. La Dijin confirme : \u00ab\u00a0Il a \u00e9t\u00e9 plac\u00e9 \u00e0 la disposition de la Direction des affaires internationales du Minist\u00e8re public de la R\u00e9publique de Colombie dans l&rsquo;attente de l&rsquo;aboutissement des proc\u00e9dures d&rsquo;extradition, conform\u00e9ment aux trait\u00e9s internationaux en vigueur entre la Colombie et la France.\u00a0\u00bb<\/p>\n<p>La presse locale rappelle qu\u2019il est \u00e9galement vis\u00e9 par des accusations d\u2019abus de confiance, de travail non d\u00e9clar\u00e9 et de fraude fiscale.<\/p>\n<blockquote class=\"twitter-tweet\"><p>&#13;<\/p>\n<p dir=\"ltr\" lang=\"es\">La <a href=\"https:\/\/twitter.com\/PoliciaColombia?ref_src=twsrc%5Etfw\" target=\"_blank\" rel=\"noopener\">@PoliciaColombia<\/a> en coordinaci\u00f3n con <a href=\"https:\/\/twitter.com\/FiscaliaCol?ref_src=twsrc%5Etfw\" target=\"_blank\" rel=\"noopener\">@FiscaliaCol<\/a>, <a href=\"https:\/\/twitter.com\/FuerzaAereaCol?ref_src=twsrc%5Etfw\" target=\"_blank\" rel=\"noopener\">@FuerzaAereaCol<\/a> y el apoyo de autoridades de Francia, retuvo mediante notificaci\u00f3n roja de Interpol en Cali (Valle del Cauca), a un ciudadano franc\u00e9s, requerido por una autoridad judicial de Lyon.<a href=\"https:\/\/twitter.com\/hashtag\/SeguridadDignidadDemocracia?src=hash&amp;ref_src=twsrc%5Etfw\" target=\"_blank\" rel=\"noopener\">#SeguridadDignidadDemocracia<\/a> <a href=\"https:\/\/t.co\/igDjQnfrvJ\">pic.twitter.com\/igDjQnfrvJ<\/a><\/p>\n<p>&#13;<br \/>\n\u2014 Direcci\u00f3n de Investigaci\u00f3n Criminal e INTERPOL (@DIJINPolicia) <a href=\"https:\/\/twitter.com\/DIJINPolicia\/status\/1989735435707510804?ref_src=twsrc%5Etfw\" target=\"_blank\" rel=\"noopener\">November 15, 2025<\/a><\/p><\/blockquote>\n<p>  \t\t\t\t\t<script async src=\"https:\/\/platform.twitter.com\/widgets.js\" charset=\"utf-8\"><\/script><\/p>\n","protected":false},"excerpt":{"rendered":"Un Fran\u00e7ais de 41 ans, originaire de Lyon, a \u00e9t\u00e9 arr\u00eat\u00e9 le 13 novembre \u00e0 Cali, en Colombie.&hellip;\n","protected":false},"author":2,"featured_media":562038,"comment_status":"","ping_status":"","sticky":false,"template":"","format":"standard","meta":{"footnotes":""},"categories":[1889],"tags":[1111,11,2813,2190,2430,1109,251,1112,2811,1777,674,118,1011,27,1922,1110,1114,2428,2810,12,241,316,25,2812,517,800],"class_list":{"0":"post-562037","1":"post","2":"type-post","3":"status-publish","4":"format-standard","5":"has-post-thumbnail","7":"category-lyon","8":"tag-actu","9":"tag-actualites","10":"tag-article","11":"tag-asvel","12":"tag-auvergne-rhone-alpes","13":"tag-breves","14":"tag-culture","15":"tag-depeches","16":"tag-economique","17":"tag-eu","18":"tag-europe","19":"tag-faits-divers","20":"tag-fr","21":"tag-france","22":"tag-info","23":"tag-informations","24":"tag-infos","25":"tag-lyon","26":"tag-lyonmag","27":"tag-news","28":"tag-ol","29":"tag-politique","30":"tag-republique-francaise","31":"tag-sociale","32":"tag-sport","33":"tag-transports"},"share_on_mastodon":{"url":"https:\/\/pubeurope.com\/@fr\/115621142375944386","error":""},"_links":{"self":[{"href":"https:\/\/www.europesays.com\/fr\/wp-json\/wp\/v2\/posts\/562037","targetHints":{"allow":["GET"]}}],"collection":[{"href":"https:\/\/www.europesays.com\/fr\/wp-json\/wp\/v2\/posts"}],"about":[{"href":"https:\/\/www.europesays.com\/fr\/wp-json\/wp\/v2\/types\/post"}],"author":[{"embeddable":true,"href":"https:\/\/www.europesays.com\/fr\/wp-json\/wp\/v2\/users\/2"}],"replies":[{"embeddable":true,"href":"https:\/\/www.europesays.com\/fr\/wp-json\/wp\/v2\/comments?post=562037"}],"version-history":[{"count":0,"href":"https:\/\/www.europesays.com\/fr\/wp-json\/wp\/v2\/posts\/562037\/revisions"}],"wp:featuredmedia":[{"embeddable":true,"href":"https:\/\/www.europesays.com\/fr\/wp-json\/wp\/v2\/media\/562038"}],"wp:attachment":[{"href":"https:\/\/www.europesays.com\/fr\/wp-json\/wp\/v2\/media?parent=562037"}],"wp:term":[{"taxonomy":"category","embeddable":true,"href":"https:\/\/www.europesays.com\/fr\/wp-json\/wp\/v2\/categories?post=562037"},{"taxonomy":"post_tag","embeddable":true,"href":"https:\/\/www.europesays.com\/fr\/wp-json\/wp\/v2\/tags?post=562037"}],"curies":[{"name":"wp","href":"https:\/\/api.w.org\/{rel}","templated":true}]}}