{"id":562039,"date":"2025-11-27T10:17:14","date_gmt":"2025-11-27T10:17:14","guid":{"rendered":"https:\/\/www.europesays.com\/fr\/562039\/"},"modified":"2025-11-27T10:17:14","modified_gmt":"2025-11-27T10:17:14","slug":"voici-les-brocantes-et-vide-greniers-a-paris-et-en-ile-de-france-samedi-29-et-dimanche-30-novembre","status":"publish","type":"post","link":"https:\/\/www.europesays.com\/fr\/562039\/","title":{"rendered":"Voici les brocantes et vide-greniers \u00e0 Paris et en \u00cele-de-France samedi 29 et dimanche 30 novembre"},"content":{"rendered":"<p>                    Par<br \/>\n        <strong><br \/>\n            <a href=\"https:\/\/actu.fr\/auteur\/redaction-paris\" title=\"Consulter tous les articles de R\u00e9daction Paris\" target=\"_blank\" rel=\"noopener\">R\u00e9daction Paris<\/a><br \/>\n                    <\/strong><\/p>\n<p>        Publi\u00e9 le<\/p>\n<p>            27 nov. 2025 \u00e0 11h04        <\/p>\n<p>Amis chineurs, voici votre agenda du week-end\u2009! Samedi 29 et dimanche 30 novembre 2025, de plusieurs <a href=\"https:\/\/actu.fr\/tag\/brocante\" target=\"_blank\" rel=\"noopener\">brocantes<\/a> et <a href=\"https:\/\/actu.fr\/tag\/vide-greniers\" target=\"_blank\" rel=\"noopener\">vide-greniers<\/a> sont organis\u00e9es \u00e0 Paris et dans le reste de l\u2019\u00cele-de-France. Voici notre s\u00e9lection pour faire de bonnes affaires.\u00a0<\/p>\n<p>Les brocantes \u00e0 Paris et en \u00cele-de-France samedi 29 novembre\u00a0<\/p>\n<ul class=\" wall-content\">\n<li>Paris 13\u1d49 : vide-greniers \u2013 Village des Peupliers, Place Jean Delay et alentours- De 5h \u00e0 18h<\/li>\n<li>Paris 11\u1d49 : vide-greniers \u2013 Boulevard Beaumarchais (m\u00e9tro Bastille) \u2013 De 6h \u00e0 18h<\/li>\n<li>Paris 15\u1d49 : vide-greniers \u2013 Rue de Vouill\u00e9- De 6h \u00e0 18h<\/li>\n<li>Paris 16\u1d49 : vide-greniers \u2013 \u00ab Maison de la radio \u00bb<\/li>\n<li>Paris 15\u1d49 : Brocante \u2013 Avenue de Breteuil<\/li>\n<li>Montcourt-Fromonville (77) : vide-greniers \u2013 Salle polyvalente de la Treille<\/li>\n<li>\u00c9pinay-sous-S\u00e9nart (91) : vide-greniers \u2013 Rue Jean Jaur\u00e8s, ZAE La For\u00eat \u2013 De 10h \u00e0 19h<\/li>\n<li>Bouville (91) : Vide-greniers \/ brocante \u2013 Toute la ville<\/li>\n<\/ul>\n<p>Les brocantes \u00e0 Paris et en \u00cele-de-France dimanche 30 novembre\u00a0<\/p>\n<ul class=\" wall-content\">\n<li>Paris 15\u1d49 : vide-greniers \u2013 44 avenue F\u00e9lix Faure<\/li>\n<li>Paris 3\u1d49 &amp; 10\u1d49 : vide-greniers \u2013 Place de la R\u00e9publique \u2013 De 6h \u00e0 18h<\/li>\n<li>Paris 9\u1d49 : vide-greniers \u2013 Boulevard de Rochechouart (entre n\u00b072 et n\u00b0122)<\/li>\n<li>Paris 20\u1d49 : vide-greniers \u2013 Cours de Vincennes \u2013 Nation (contre-all\u00e9e)<\/li>\n<li>Paris 8e : vide-greniers \u2013 Bld Haussmann\/Rue Tronchet \u2013 De 6h \u00e0 18h30<\/li>\n<li>Le M\u00e9e-sur-Seine (77) : vide-greniers \/ brocante \u2013 All\u00e9e du Bois<\/li>\n<li>Bouray-sur-Juine (91) : vide-greniers \/ brocante \u2013 Salle Polyvalente du Noyer Courteau<\/li>\n<li>Bouville (91) : vide-greniers \/ brocante \u2013 Toute la ville<\/li>\n<li>\u00c9pinay-sous-S\u00e9nart (91) : vide-greniers \u2013 Rue Jean Jaur\u00e8s, ZAE La For\u00eat \u2013 De 10h \u00e0 19h<\/li>\n<li>\u00c9tampes (91) : vide-greniers \u2013 Salle Jean Lur\u00e7at, Avenue de Bonnevaux \u2013 De 8h \u00e0 20h<\/li>\n<\/ul>\n<p class=\" wall-content\">Personnalisez votre actualit\u00e9 en ajoutant vos villes et m\u00e9dias en favori avec <a href=\"https:\/\/moncompte.actu.fr\" title=\"D\u00e9couvez Mon Actu\" rel=\"nofollow noopener\" data-trk=\"{&quot;cta&quot;:{&quot;action&quot;:&quot;https:\\\/\\\/moncompte.actu.fr&quot;,&quot;category&quot;:&quot;mon compte&quot;,&quot;from&quot;:&quot;article footer&quot;,&quot;name&quot;:&quot;Mon actu&quot;,&quot;type&quot;:&quot;cta&quot;}}\" target=\"_blank\">Mon Actu<\/a>.<\/p>\n","protected":false},"excerpt":{"rendered":"Par R\u00e9daction Paris Publi\u00e9 le 27 nov. 2025 \u00e0 11h04 Amis chineurs, voici votre agenda du week-end\u2009! Samedi&hellip;\n","protected":false},"author":2,"featured_media":562040,"comment_status":"","ping_status":"","sticky":false,"template":"","format":"standard","meta":{"footnotes":""},"categories":[1592],"tags":[1111,11,6961,1777,674,1011,27,662,1652,12,626,25,3365],"class_list":{"0":"post-562039","1":"post","2":"type-post","3":"status-publish","4":"format-standard","5":"has-post-thumbnail","7":"category-ile-de-france","8":"tag-actu","9":"tag-actualites","10":"tag-brocante","11":"tag-eu","12":"tag-europe","13":"tag-fr","14":"tag-france","15":"tag-ile-de-france","16":"tag-loisirs-culture","17":"tag-news","18":"tag-paris","19":"tag-republique-francaise","20":"tag-vide-greniers"},"share_on_mastodon":{"url":"https:\/\/pubeurope.com\/@fr\/115621150567264022","error":""},"_links":{"self":[{"href":"https:\/\/www.europesays.com\/fr\/wp-json\/wp\/v2\/posts\/562039","targetHints":{"allow":["GET"]}}],"collection":[{"href":"https:\/\/www.europesays.com\/fr\/wp-json\/wp\/v2\/posts"}],"about":[{"href":"https:\/\/www.europesays.com\/fr\/wp-json\/wp\/v2\/types\/post"}],"author":[{"embeddable":true,"href":"https:\/\/www.europesays.com\/fr\/wp-json\/wp\/v2\/users\/2"}],"replies":[{"embeddable":true,"href":"https:\/\/www.europesays.com\/fr\/wp-json\/wp\/v2\/comments?post=562039"}],"version-history":[{"count":0,"href":"https:\/\/www.europesays.com\/fr\/wp-json\/wp\/v2\/posts\/562039\/revisions"}],"wp:featuredmedia":[{"embeddable":true,"href":"https:\/\/www.europesays.com\/fr\/wp-json\/wp\/v2\/media\/562040"}],"wp:attachment":[{"href":"https:\/\/www.europesays.com\/fr\/wp-json\/wp\/v2\/media?parent=562039"}],"wp:term":[{"taxonomy":"category","embeddable":true,"href":"https:\/\/www.europesays.com\/fr\/wp-json\/wp\/v2\/categories?post=562039"},{"taxonomy":"post_tag","embeddable":true,"href":"https:\/\/www.europesays.com\/fr\/wp-json\/wp\/v2\/tags?post=562039"}],"curies":[{"name":"wp","href":"https:\/\/api.w.org\/{rel}","templated":true}]}}