{"id":562041,"date":"2025-11-27T10:18:26","date_gmt":"2025-11-27T10:18:26","guid":{"rendered":"https:\/\/www.europesays.com\/fr\/562041\/"},"modified":"2025-11-27T10:18:26","modified_gmt":"2025-11-27T10:18:26","slug":"suivez-le-nouvel-interrogatoire-de-laccuse-sur-les-deux-derniers-empoisonnements-presumes-du-proces","status":"publish","type":"post","link":"https:\/\/www.europesays.com\/fr\/562041\/","title":{"rendered":"suivez le nouvel interrogatoire de l&rsquo;accus\u00e9 sur les deux derniers empoisonnements pr\u00e9sum\u00e9s du proc\u00e8s"},"content":{"rendered":"<p class=\"article__intro\">Ce jeudi 27 novembre se poursuit le proc\u00e8s du m\u00e9decin anesth\u00e9siste Fr\u00e9d\u00e9ric P\u00e9chier, soup\u00e7onn\u00e9 d&rsquo;avoir empoisonn\u00e9 30 personnes, dont 12 mortellement, entre 2008 et 2017, dans deux cliniques priv\u00e9es de Besan\u00e7on (Doubs). Jeanne Casez vous fait vivre les temps forts de ce 53e jour d&rsquo;audience, depuis la cour d&rsquo;assises.<\/p>\n<p>\n      La Quotidienne Soci\u00e9t\u00e9\n    <\/p>\n<p>\n      De la vie quotidienne aux grands enjeux, recevez tous les jours les sujets qui font la soci\u00e9t\u00e9 locale, comme la justice, l\u2019\u00e9ducation, la sant\u00e9 et la famille.\n    <\/p>\n<p>    France T\u00e9l\u00e9visions utilise votre adresse e-mail afin de vous envoyer la newsletter \u00ab\u00a0La Quotidienne Soci\u00e9t\u00e9\u00a0\u00bb. Vous pouvez vous d\u00e9sinscrire \u00e0 tout moment via le lien en bas de cette newsletter. <a target=\"_blank\" href=\"https:\/\/www.francetelevisions.fr\/groupe\/confidentialite\/politique-de-confidentialite\/politique-de-confidentialite-de-france-televisions-6503\" rel=\"noopener\">Notre politique de confidentialit\u00e9<\/a><\/p>\n<p><strong>\u279c Cet article est r\u00e9guli\u00e8rement mis \u00e0 jour tout au long de la journ\u00e9e. N&rsquo;h\u00e9sitez pas \u00e0 rafra\u00eechir votre page.<\/strong><\/p>\n<p><strong>10h50 :<\/strong> Matthieu Biais prend la parole \u00e0 son tour. Le m\u00e9decin r\u00e9animateur remet le sujet de l\u2019embolie gazeuse sur la table. Et il d\u00e9monte cette th\u00e8se \u00e9tape par \u00e9tape. \u201cOn ne fait pas une embolie gazeuse comme \u00e7a. Le premier facteur de risque, c\u2019est un saignement. Or, on voit dans le compte rendu op\u00e9ratoire que le saignement \u00e9tait extr\u00eamement minime.\u201d Ensuite, \u201con ne parle pas de n\u2019importe quelle embolie gazeuse, mais d\u2019une embolie gazeuse massive pouvant entra\u00eener un arr\u00eat cardiaque. Pour que l\u2019air rentre dans une veine, il faudrait un trou dans une veine de gros calibre.\u201d Les autes experts, Antoine Tracqui et Pierre Diemunsch, s\u2019\u00e9taient entre autres appuy\u00e9s sur la pr\u00e9sence de bulles d\u2019air dans les cavit\u00e9s pour valider cette piste. Mais \u201ctout clinicien r\u00e9animateur sait que quand on passe des produits un peu rapidement au cours d\u2019une r\u00e9animation, on observe des bulles d\u2019air, c\u2019est classique\u201d, \u00e9vacue Matthieu Biais. Dernier d\u00e9saccord : l\u2019augmentation du taux de CO2 expir\u00e9 est, selon le sp\u00e9cialiste,\u00a0\u00bbun argument contraire\u00a0\u00bb et non r\u00e9v\u00e9lateur d\u2019une embolie gazeuse. <\/p>\n<p><a data-article-figure=\"\" href=\"https:\/\/france3-regions.franceinfo.fr\/image\/8S1l4Pix1wFAx92fP4W0Du1KPgY\/1600x1200\/regions\/2025\/11\/25\/whatsapp-image-2025-11-25-at-10-41-56-69257d1ddbbad813931754.jpg\" data-pswp-width=\"1600\" data-pswp-height=\"1200\" target=\"_blank\" rel=\"noopener\"><\/p>\n<p>          <img width=\"600\" height=\"400\" class=\"article-image lazy\" data-src=\"https:\/\/www.europesays.com\/fr\/wp-content\/uploads\/2025\/11\/whatsapp-image-2025-11-25-at-10-41-56-69257d1ddbbad813931754.jpg\" alt=\"La famille Quenillet pr\u00e9sente au proc\u00e8s du docteur Fr\u00e9d\u00e9ric P\u00e9chier lors du 51e jour d'audience, avec, au premier rang avec sa veste verte,  la veuve de Henri Quenillet.\" fetchpriority=\"high\" as=\"image\"\/><\/p>\n<p>\n            La famille Quenillet pr\u00e9sente au proc\u00e8s du docteur Fr\u00e9d\u00e9ric P\u00e9chier lors du 51e jour d&rsquo;audience, avec, au premier rang avec sa veste verte,  la veuve de Henri Quenillet.<br \/>\n                           \u2022<br \/>\n                                      \u00a9 Fabienne Le Moing\n                      <\/p>\n<p><\/a><\/p>\n<p><strong>10h40 :<\/strong> Deux explications possibles pour les coexperts. Premi\u00e8re hypoth\u00e8se : \u201cun trouble du rythme sur un terrain de coronaropathie isch\u00e9mique chronique [une insuffisance d&rsquo;oxyg\u00e9nation du c\u0153ur]\u201d, n\u00e9anmoins \u00ab\u00a0pas privil\u00e9gi\u00e9e en l&rsquo;absence de troubles \u00e0 l\u2019\u00e9chographie\u201d, expose Alain Miras. Deuxi\u00e8me hypoth\u00e8se : une hyperkali\u00e9mie [un exc\u00e8s de potassium], pr\u00e9f\u00e9r\u00e9e par le m\u00e9decin l\u00e9giste, en raison, une fois de plus, de \u201ccette kali\u00e9mie anormale\u201d mesur\u00e9e chez le patient. <\/p>\n<p><strong>10h35 :<\/strong> \u201cLes dosages des tryptases [un marqueur sanguin] sont normaux, on peut \u00e9liminer la cause allergique comme \u00e9tant responsable de cet arr\u00eat cardiorespiratoire\u201d \u00e9num\u00e8re Alain Miras qui r\u00e9fute aussi la th\u00e8se d\u2019un pneumothorax compressif. Mais les experts \u00e9cartent aussi la piste d\u2019une embolie gazeuse, et se distinguent, en ce sens, de leur confr\u00e8res entendus hier. <\/p>\n<p><a data-article-figure=\"\" href=\"https:\/\/france3-regions.franceinfo.fr\/image\/HigHKdgCAkJutMWKG1PpdZVj9Ns\/594x324\/regions\/2025\/11\/26\/tgre-6926bf7b40395759257832.png\" data-pswp-width=\"594\" data-pswp-height=\"324\" target=\"_blank\" rel=\"noopener\"><\/p>\n<p>          <img width=\"600\" height=\"400\" class=\"article-image lazy\" data-src=\"https:\/\/www.europesays.com\/fr\/wp-content\/uploads\/2025\/11\/tgre-6926bf7b40395759257832.png\" alt=\"Une photo d'Henri Quenillet dans sa jeunesse. Le 21 novembre 2016, \u00e0 73 ans, il mourrait apr\u00e8s un arr\u00eat cardiaque suspect survenu \u00e0 la clinique Saint-Vincent.\" fetchpriority=\"high\" as=\"image\"\/><\/p>\n<p>\n            Une photo d&rsquo;Henri Quenillet dans sa jeunesse. Le 21 novembre 2016, \u00e0 73 ans, il mourrait apr\u00e8s un arr\u00eat cardiaque suspect survenu \u00e0 la clinique Saint-Vincent.<br \/>\n                           \u2022<br \/>\n                                      \u00a9 DR\n                      <\/p>\n<p><\/a><\/p>\n<p><strong>10h25 :<\/strong> Une fois encore depuis le d\u00e9but de ce proc\u00e8s, les experts ont manqu\u00e9 de mati\u00e8re pour \u00e9tudier les \u00e9v\u00e8nements de cette triste journ\u00e9e. \u201cNous n\u2019avons plus aucune information objective dans les suites du compte rendu d\u2019anesth\u00e9sie. La &lsquo;feuille de r\u00e9a&rsquo; n\u2019est dans aucun dossier transmis\u201d, est-il \u00e9crit sur l\u2019une des diapositives. <\/p>\n<p><strong>10h20 :<\/strong> Le diaporama des experts revient sur les \u00e9crans de la cour. Cette fois-ci, c\u2019est le nom de Henri Quenillet qui s\u2019affiche sur fond bleu. Pour m\u00e9moire : ce patient de 73 ans a fait un arr\u00eat cardiaque \u00e0 la fin d\u2019une op\u00e9ration de la prostate, le 21 novembre 2016. Il est d\u00e9c\u00e9d\u00e9 le lendemain \u00e0 1h20 du matin, malgr\u00e9 les efforts des m\u00e9decins r\u00e9animateurs du CHU de Besan\u00e7on.<\/p>\n<p><strong>10h :<\/strong> L&rsquo;audience est suspendue, elle reprendra \u00e0 10h20, avec l&rsquo;\u00e9tude des causes du d\u00e9c\u00e8s de M. Quenillet.<\/p>\n<p><strong>9h55 :<\/strong> Julie P\u00e9chier s\u2019interroge : pourquoi les experts envisagent l\u2019hypoth\u00e8se allergique dans leurs conclusions, pour finalement l\u2019\u00e9liminer ? \u201cQuand on fait des conclusions, on prend les hypoth\u00e8ses une par une, en disant \u2018celle-ci, on peut l\u2019\u00e9liminer de mani\u00e8re formelle, celle-ci non&rsquo;\u201d, explique Alain Miras. \u201cMaintenant, encore une fois, quand on a \u00e9valu\u00e9 les causes possibles, quand on agr\u00e8ge tout cela, surtout avec des taux de potassium \u00e0 11 ou 12 alors que M. Collette b\u00e9n\u00e9ficie d\u2019un traitement\u2026 Une participation allergique peut avoir aggrav\u00e9 le tableau, mais en aucun cas \u00eatre causale.\u201d<\/p>\n<p>L&rsquo;avocate acquiesce, mais elle note que ces conclusions sont diff\u00e9rentes de celles des experts Tracqui et Diemunsch. St\u00e9phane Giuranna monte au cr\u00e9neau : il n&rsquo;est pas d&rsquo;accord et cite la presse.\u00a0\u00bbC&rsquo;est \u00e9crit partout, si les journalistes ont entendu pareil que moi, c&rsquo;est peut-\u00eatre que c&rsquo;est ce qui a \u00e9t\u00e9 dit !\u00a0\u00bb<\/p>\n<p>Christine de Curraize se l\u00e8ve pour le r\u00e9p\u00e9ter : 11 de potassium, c&rsquo;est \u00ab\u00a0du jamais vu\u00a0\u00bb par plusieurs professionnels interrog\u00e9s.<\/p>\n<p><a data-article-figure=\"\" href=\"https:\/\/france3-regions.franceinfo.fr\/image\/KQUdDSMxmzjpFXamVaYhO7S8RJI\/7177x5378\/regions\/2025\/11\/25\/proces-pechier-20251124-frederic-pechier-et-julie-pechier3-6925cc688a23c132960192.jpg\" data-pswp-width=\"7177\" data-pswp-height=\"5378\" target=\"_blank\" rel=\"noopener\"><\/p>\n<p>          <img width=\"600\" height=\"400\" class=\"article-image lazy\" data-src=\"https:\/\/www.europesays.com\/fr\/wp-content\/uploads\/2025\/11\/proces-pechier-20251124-frederic-pechier-et-julie-pechier3-6925cc688a23c132960192.jpg\" alt=\"Fr\u00e9d\u00e9ric P\u00e9chier, d\u00e9fendu par sa soeur, Julie P\u00e9chier\" fetchpriority=\"high\" as=\"image\"\/><\/p>\n<p>\n            Fr\u00e9d\u00e9ric P\u00e9chier, d\u00e9fendu par sa soeur, Julie P\u00e9chier<br \/>\n                           \u2022<br \/>\n                                      \u00a9 Valentin Pasquier\n                      <\/p>\n<p><\/a><\/p>\n<p><strong>9h45 :<\/strong> St\u00e9phane Giuranna d\u00e9fend la famille Collette. Il le fait savoir aux deux experts, et se lance dans une d\u00e9monstration. \u201cVous me dites si \u00e7a vous convient, ou si \u00e7a vous convient pas. Ou si j\u2019ai tort, ou si j\u2019me trompe, ou si j\u2019ai raison.\u201d Les experts attendent la suite. Me Giuranna rappelle que selon le coll\u00e8ge d&rsquo;expert pr\u00e9c\u00e9dent, \u00ab\u00a0il peut y avoir eu les deux [une allergie et une hyperkali\u00e9mie] mais en aucun cas l\u2019allergie n\u2019aurait pu causer l\u2019arr\u00eat cardiaque. Qu\u2019est-ce que vous en pensez, vous ?\u00a0\u00bb Matthieu Biais est \u00ab\u00a0tout \u00e0 fait d\u2019accord avec cette analyse\u00a0\u00bb.<\/p>\n<p><strong>9h30 : <\/strong>Christine de Curraize creuse le dossier, pour \u00e9carter un peu plus loin la th\u00e8se d\u2019une r\u00e9action allergique. \u201cCe tableau \u00e9lectrique extr\u00eamement typique d\u2019une hyperkali\u00e9mie, est-ce que c\u2019est un tableau clinique qu\u2019on peut retrouver dans le cas d\u2019une allergie ?\u00a0\u00bb, questionne l&rsquo;avocate g\u00e9n\u00e9rale. \u201cLa r\u00e9ponse [de Matthieu Biais] est oui. Ce sont des tableaux rares, voire rarissimes, mais ils existent.\u00a0\u00bb<\/p>\n<p><a data-article-figure=\"\" href=\"https:\/\/france3-regions.franceinfo.fr\/image\/PDBxEG3C5FR7t9-Lp6zcfYoCHs0\/1600x1071\/regions\/2025\/11\/25\/whatsapp-image-2025-11-25-at-10-36-42-6925ffa3f126b872432861.jpg\" data-pswp-width=\"1600\" data-pswp-height=\"1071\" target=\"_blank\" rel=\"noopener\"><\/p>\n<p>          <img width=\"600\" height=\"400\" class=\"article-image lazy\" data-src=\"https:\/\/www.europesays.com\/fr\/wp-content\/uploads\/2025\/11\/whatsapp-image-2025-11-25-at-10-36-42-6925ffa3f126b872432861.jpg\" alt=\"Bertrand Collette a fait un arr\u00eat cardiaque avant m\u00eame le d\u00e9but de son op\u00e9ration, en 2016.\" fetchpriority=\"high\" as=\"image\"\/><\/p>\n<p>\n            Bertrand Collette a fait un arr\u00eat cardiaque avant m\u00eame le d\u00e9but de son op\u00e9ration, en 2016.<br \/>\n                           \u2022<br \/>\n                                      \u00a9 France T\u00e9l\u00e9visions\n                      <\/p>\n<p><\/a><\/p>\n<p><strong>9h20 :<\/strong> L\u2019hyperkali\u00e9mie exog\u00e8ne [l\u2019administration de potassium dans le corps du patient] \u201creste l\u2019hypoth\u00e8se la plus probable\u201d des experts. Et ce, \u201cquand on agr\u00e8ge toutes les donn\u00e9es cliniques, mais \u00e9galement la douleur lors de la perfusion\u201d, commente Alain Miras, qui le rappelle : Bertrand Collette s\u2019est plaint de douleurs au bras avant d\u2019\u00eatre endormi.<\/p>\n<p><strong>9h15 :<\/strong> Les deux experts n\u2019excluent pas non plus la possibilit\u00e9 d\u2019une r\u00e9action allergique. \u201cC\u2019est peu probable, mais nous n\u2019avons pas d\u2019arguments formels pour l\u2019\u00e9liminer\u201d, commente Alain Miras. Quant \u00e0 une intoxication aux anesth\u00e9siques locaux, c&rsquo;est possible aussi, selon eux. Le m\u00e9decin l\u00e9giste note une \u201ccompatibilit\u00e9 clinique\u201d avec cette hypoth\u00e8se. \u00ab\u00a0Il n&rsquo;y a pas eu d&rsquo;administration de lidoca\u00efne [un anesth\u00e9sique local] selon le dossier, mais une poche de solut\u00e9 serait manquante dans les s\u00e9questres.\u201d<\/p>\n<p><a data-article-figure=\"\" href=\"https:\/\/france3-regions.franceinfo.fr\/image\/OTbatvfhqpA9A1SMbNOvAp0Ci6o\/1616x1080\/regions\/2025\/10\/27\/whatsapp-image-2025-10-27-at-10-20-59-68ff39c0d2713537729840.jpg\" data-pswp-width=\"1616\" data-pswp-height=\"1080\" target=\"_blank\" rel=\"noopener\"><\/p>\n<p>          <img width=\"600\" height=\"400\" class=\"article-image lazy\" data-src=\"https:\/\/www.europesays.com\/fr\/wp-content\/uploads\/2025\/11\/whatsapp-image-2025-10-27-at-10-20-59-68ff39c0d2713537729840.jpg\" alt=\"Matthieu Biais et Alain Miras, experts dans le proc\u00e8s de Fr\u00e9d\u00e9ric P\u00e9chier.\" fetchpriority=\"high\" as=\"image\"\/><\/p>\n<p>\n            Matthieu Biais et Alain Miras, experts dans le proc\u00e8s de Fr\u00e9d\u00e9ric P\u00e9chier.<br \/>\n                           \u2022<br \/>\n                                      \u00a9 Sarah Rebouh \/ France T\u00e9l\u00e9visions\n                      <\/p>\n<p><\/a><\/p>\n<p><strong>9h10 :<\/strong> Alain Miras s\u2019attarde sur ces taux de kali\u00e9mie [de potassium] \u201ctr\u00e8s \u00e9lev\u00e9s\u201d, pr\u00e9lev\u00e9s dans le sang du patient apr\u00e8s son transfert au CHU de Besan\u00e7on. D&rsquo;apr\u00e8s lui,\u201cl\u2019obtention de renseignements compl\u00e9mentaires permet une analyse diff\u00e9rente de l\u2019hyperkali\u00e9mie observ\u00e9e \u00e0 la clinique au cours de cette r\u00e9animation prolong\u00e9e, et doit faire envisager clairement l\u2019hypoth\u00e8se d\u2019une administration exog\u00e8ne de potassium.\u201d<\/p>\n<p><strong>9h05 :<\/strong> Alain Miras rappelle les \u00e9v\u00e8nements du 31 octobre 2016, le jour o\u00f9 Bertrand Collette devait se faire poser une proth\u00e8se de hanche, \u00e0 la clinique Saint-Vincent. Cet homme de 56 ans ne sera pas op\u00e9r\u00e9 : il fera un arr\u00eat cardiaque avant m\u00eame le d\u00e9but de l&rsquo;intervention, et il d\u00e9c\u00e9dera le 1er novembre, \u00e0 16h59, au CHU de Besan\u00e7on.<\/p>\n<p><a data-article-figure=\"\" href=\"https:\/\/france3-regions.franceinfo.fr\/image\/J8wsOIoioVePtEvOtja0Ube8kT8\/3000x2227\/regions\/2025\/09\/19\/proces-pechier-20250919-l-expert-alain-miras-68cd79463879d029982922.jpg\" data-pswp-width=\"3000\" data-pswp-height=\"2227\" target=\"_blank\" rel=\"noopener\"><\/p>\n<p>          <img width=\"600\" height=\"400\" class=\"article-image lazy\" data-src=\"https:\/\/www.europesays.com\/fr\/wp-content\/uploads\/2025\/09\/1758553940_568_proces-pechier-20250919-l-expert-alain-miras-68cd79463879d029982922.jpg\" alt=\"Alain Miras commente ses expertises, r\u00e9alis\u00e9es conjointement avec l'expert Matthieu Biais, face \u00e0 la cour d'assises de Besan\u00e7on le 19 septembre 2025.\" fetchpriority=\"high\" as=\"image\"\/><\/p>\n<p>\n            Alain Miras commente ses expertises, r\u00e9alis\u00e9es conjointement avec l&rsquo;expert Matthieu Biais, face \u00e0 la cour d&rsquo;assises de Besan\u00e7on le 19 septembre 2025.<br \/>\n                           \u2022<br \/>\n                                      \u00a9 Valentin Pasquier &#8211; France T\u00e9l\u00e9visions\n                      <\/p>\n<p><\/a><\/p>\n<p><strong>9h : <\/strong>L\u2019audience est reprise. C\u2019est le 53e jour d\u2019audience, et la derni\u00e8re fois que des cas de patients sont \u00e9tudi\u00e9s par la cour. Les experts sont pr\u00eats \u00e0 d\u00e9poser. Alain Miras est m\u00e9decin l\u00e9giste. Il commentera son diaporama, install\u00e9 \u00e0 la droite de la cour, pr\u00e8s de la greffi\u00e8re. Matthieu Biais, chef du service de r\u00e9animation du CHU de Bordeaux, l\u2019accompagne \u00e0 la barre.<\/p>\n<p><strong>7h45 :<\/strong> Bienvenue dans ce direct. Tout au long de la journ\u00e9e, vivez \u00e0 nos c\u00f4t\u00e9s le proc\u00e8s du m\u00e9decin anesth\u00e9siste Fr\u00e9d\u00e9ric P\u00e9chier, comme si vous \u00e9tiez dans la salle d&rsquo;audience. L&rsquo;audience commencera \u00e0 9h avec les d\u00e9positions des experts Matthieu Biais et Alain Miras. \u00c0 14h, Fr\u00e9d\u00e9ric P\u00e9chier r\u00e9pondra aux questions de la cour, pour la 15e fois depuis le d\u00e9but de ce proc\u00e8s fleuve.<\/p>\n<p>Le docteur P\u00e9chier est soup\u00e7onn\u00e9 par la justice d&rsquo;avoir empoisonn\u00e9 30 personnes, dont 12 mortellement, entre 2008 et 2017. Son proc\u00e8s devant les assises au tribunal de Besan\u00e7on doit se terminer la semaine du 15 d\u00e9cembre au terme de 15 semaines de proc\u00e8s. Il comparait libre, il n&rsquo;a jamais \u00e9t\u00e9 incarc\u00e9r\u00e9 durant les 8 ann\u00e9es d&rsquo;instruction.<\/p>\n<p>Que s&rsquo;est-il pass\u00e9 la veille ?<\/p>\n<p>La veille, mercredi 26 novembre, le Dr Assila a livr\u00e9 une d\u00e9position \u00ab\u00a0coup de poing\u00a0\u00bb (selon l&rsquo;expression de Me Berna) dans la salle du Parlement. Confront\u00e9e au d\u00e9c\u00e8s de son patient, alors enceinte de huit mois et de retour d&rsquo;arr\u00eat maladie, cette anesth\u00e9siste n&rsquo;a exprim\u00e9 aucun doute sur la culpabilit\u00e9 de Fr\u00e9d\u00e9ric P\u00e9chier. \u00ab\u00a0Il n\u2019a pas h\u00e9sit\u00e9 \u00e0 m\u2019infliger cette \u00e9preuve, en prenant le risque que je perde \u00e0 nouveau un enfant.\u201d Selon elle, \u00ab\u00a0c&rsquo;est un monstre\u00a0\u00bb, \u00ab\u00a0les aveux, on ne les aura pas\u00a0\u00bb.<\/p>\n<p>Au nom de toutes les familles de victimes, la fille de Bertrand Collette, d\u00e9c\u00e9d\u00e9 en 2016 des suites d&rsquo;une op\u00e9ration de la hanche, a aussi racont\u00e9 la difficult\u00e9 \u00ab\u00a0de dire au revoir \u00e0 son papa \u00e0 l\u2019h\u00f4pital sans comprendre pourquoi il meurt\u00a0\u00bb, \u00ab\u00a0que d\u2019entendre qu\u2019il s\u2019est vu mourir dans d\u2019atroces douleurs dans cette cour d&rsquo;assises, alors que nous avions toujours cru qu\u2019il \u00e9tait parti paisiblement\u00a0\u00bb.<\/p>\n<p>L&rsquo;apr\u00e8s-midi s&rsquo;est sold\u00e9e par des d\u00e9bats techniques, avec la derni\u00e8re d\u00e9position des experts Tracqui et Diemunsch. Apr\u00e8s l&rsquo;\u00e9tude des d\u00e9c\u00e8s de Messieurs Quenillet et Collette, ces deux m\u00e9decins ne les expliquent pas par un empoisonnement. Mais l&rsquo;insistance des avocats des parties civiles les a pouss\u00e9s \u00e0 nuancer leurs r\u00e9sultats. Plus de d\u00e9tails sur ce lien :<\/p>\n<p>Pourquoi la justice soup\u00e7onne le docteur P\u00e9chier ?<\/p>\n<p>Fr\u00e9d\u00e9ric P\u00e9chier, ancien m\u00e9decin anesth\u00e9siste, a travaill\u00e9 au sein de la clinique Saint-Vincent, mais \u00e9galement de la polyclinique de Franche-Comt\u00e9, \u00e0 Besan\u00e7on, entre 2008 et 2017. \u00c0 cette \u00e9poque, plusieurs EIG, acronyme utilis\u00e9 pour \u00ab\u00a0\u00e9v\u00e9nements ind\u00e9sirables graves\u00a0\u00bb, se produisent dans ces deux \u00e9tablissements priv\u00e9s de soin, dans une proportion d\u00e9mesur\u00e9e.<\/p>\n<p>    dur\u00e9e de la vid\u00e9o : 00h02mn49s<\/p>\n<p>        <img decoding=\"async\" width=\"640\" height=\"426\" class=\"article-image not-lazy\" src=\"https:\/\/www.europesays.com\/fr\/wp-content\/uploads\/2025\/09\/269d6f63-bc5f-48b5-ba8e-6058a5cdd6fb.jpg\" alt=\"\" fetchpriority=\"high\"\/><\/p>\n<p>              Voir la video\u00a0(2 minutes 49 secondes).\u00a0<br \/>\n                  2 min 49 s<\/p>\n<p>\n          Notre journaliste Sarah Rebouh vous aide \u00e0 comprendre les enjeux du proc\u00e8s de l&rsquo;ex-anesth\u00e9siste Fr\u00e9d\u00e9ric P\u00e9chier, en moins de 3 min.<\/p>\n<p>        \u2022<\/p>\n<p>              \u00a9Sarah Rebouh \/ France T\u00e9l\u00e9visions\n      <\/p>\n<p>De trop nombreux patients qui ne pr\u00e9sentent pas de fragilit\u00e9s particuli\u00e8res, font des arr\u00eats cardiaques en pleines op\u00e9rations chirurgicales. Sur 30 cas dont la responsabilit\u00e9 est attribu\u00e9e \u00e0 Fr\u00e9d\u00e9ric P\u00e9chier par les enqu\u00eateurs, douze d\u00e9c\u00e8dent. L&rsquo;anesth\u00e9siste, un professionnel particuli\u00e8rement impliqu\u00e9 dans son travail selon ses pairs, est soup\u00e7onn\u00e9 d&rsquo;avoir provoqu\u00e9 ces incidents m\u00e9dicaux pour faire valoir ces qualit\u00e9s de r\u00e9animateur, mais aussi pour nuire \u00e0 certains de ses coll\u00e8gues avec qui il \u00e9tait en conflit.<\/p>\n<p>Fr\u00e9d\u00e9ric P\u00e9chier a toujours ni\u00e9 fermement les faits. Il risque la r\u00e9clusion criminelle \u00e0 perp\u00e9tuit\u00e9. Ce dernier compara\u00eet libre, sous contr\u00f4le judiciaire. Son proc\u00e8s doit durer 15 semaines, du 8 septembre au 19 d\u00e9cembre 2025.<\/p>\n<p>\u279c <a href=\"https:\/\/france3-regions.franceinfo.fr\/societe\/justice\/affaire-anesthesiste-besancon\" target=\"_blank\" rel=\"noopener noreferrer nofollow\" data-tooltip-url=\"https:\/\/france3-regions.franceinfo.fr\/societe\/justice\/affaire-anesthesiste-besancon\">Relire tous nos articles au sujet de l&rsquo;affaire P\u00e9chier.<\/a><\/p>\n<p>Les grandes dates de l&rsquo;affaire P\u00e9chier<\/p>\n<ul>\n<li><strong>11 janvier 2017 <\/strong>: une femme de 36 ans fait un arr\u00eat cardiaque inexpliqu\u00e9 \u00e0 la Clinique Saint-Vincent \u00e0 Besan\u00e7on alors qu&rsquo;elle est op\u00e9r\u00e9e.<\/li>\n<li><strong>20 janvier 2017<\/strong> : un nouveau malaise cardiaque inexpliqu\u00e9 se produit dans la m\u00eame clinique. Des fortes quantit\u00e9s de potassium ou d&rsquo;anesth\u00e9sique, \u00e0 dose l\u00e9tale, sont retrouv\u00e9es dans les poches d&rsquo;anesth\u00e9sie des deux patients.<\/li>\n<li><strong>6 mars 2017<\/strong> : Fr\u00e9d\u00e9ric P\u00e9chier est plac\u00e9 en garde \u00e0 vue et mis en examen pour \u00ab\u00a0empoisonnements avec pr\u00e9m\u00e9ditation\u00a0\u00bb sur sept patients, dont deux sont morts entre 2008 et 2017. Il clame son innocence.<\/li>\n<li><strong>D\u00e9cembre<\/strong> <strong>2017<\/strong> : les corps de quatre personnes dont les morts sont suspectes sont exhum\u00e9s pour analyses. La justice n&rsquo;ordonne ce type d&rsquo;acte que tr\u00e8s exceptionnellement.<\/li>\n<li><strong>17 mai 2019<\/strong> : le docteur P\u00e9chier est mis en examen pour 17 nouveaux \u00e9v\u00e9nements ind\u00e9sirables graves (EIG). Il clame toujours son innocence. Il n\u2019a plus le droit de para\u00eetre dans le Doubs.Il ne peut plus exercer son m\u00e9tier.<\/li>\n<li><strong>1er octobre 2021<\/strong> : Fr\u00e9d\u00e9ric P\u00e9chier fait une tentative de suicide en se d\u00e9fenestrant du premier \u00e9tage.<\/li>\n<li><strong>27 septembre 2022<\/strong> : les soup\u00e7ons concernent d\u00e9sormais 32 patients qui auraient \u00e9t\u00e9 empoisonn\u00e9s dont 13 mortellement.<\/li>\n<li><strong>22 mars 2023<\/strong> : Fr\u00e9d\u00e9ric P\u00e9chier est mis en examen pour 30 cas, dont 12 mortels.<\/li>\n<li><strong>5 ao\u00fbt 2024<\/strong> : le m\u00e9decin anesth\u00e9siste est renvoy\u00e9 devant la cour d&rsquo;assises du Doubs pour 30 empoisonnements, dont 12 mortels.<\/li>\n<li><strong>8 septembre 2025<\/strong> : ouverture pr\u00e9vue du proc\u00e8s de Fr\u00e9d\u00e9ric P\u00e9chier devant la cour d&rsquo;assises du Doubs. Il doit durer 15 semaines.<\/li>\n<\/ul>\n<p><strong>France 3 Franche-Comt\u00e9 se mobilise pour vous faire vivre le proc\u00e8s de Fr\u00e9d\u00e9ric P\u00e9chier, comme si vous y \u00e9tiez. Du 8 septembre au 19 d\u00e9cembre 2025, suivez les d\u00e9bats en cours dans la salle d&rsquo;audience, en direct sur notre site internet, gr\u00e2ce \u00e0 nos journalistes web sur place Jeanne Casez, Antoine Comte et Sarah Rebouh.<\/strong><\/p>\n<p><strong>Avec la collaboration de Sophie Courageot, r\u00e9dactrice en chef adjointe et Morgane Hecky, charg\u00e9e d&rsquo;\u00e9dition num\u00e9rique et des \u00e9quipes de reportage pr\u00e9sentes \u00e0 l&rsquo;audience.<\/strong><\/p>\n","protected":false},"excerpt":{"rendered":"Ce jeudi 27 novembre se poursuit le proc\u00e8s du m\u00e9decin anesth\u00e9siste Fr\u00e9d\u00e9ric P\u00e9chier, soup\u00e7onn\u00e9 d&rsquo;avoir empoisonn\u00e9 30 personnes,&hellip;\n","protected":false},"author":2,"featured_media":562042,"comment_status":"","ping_status":"","sticky":false,"template":"","format":"standard","meta":{"footnotes":""},"categories":[1888],"tags":[1111,1928,11,1927,1777,674,1011,27,12,1926,626,1925,25],"class_list":{"0":"post-562041","1":"post","2":"type-post","3":"status-publish","4":"format-standard","5":"has-post-thumbnail","7":"category-paris","8":"tag-actu","9":"tag-actu-paris","10":"tag-actualites","11":"tag-actualites-paris","12":"tag-eu","13":"tag-europe","14":"tag-fr","15":"tag-france","16":"tag-news","17":"tag-news-paris","18":"tag-paris","19":"tag-paris-news","20":"tag-republique-francaise"},"share_on_mastodon":{"url":"https:\/\/pubeurope.com\/@fr\/115621155351929032","error":""},"_links":{"self":[{"href":"https:\/\/www.europesays.com\/fr\/wp-json\/wp\/v2\/posts\/562041","targetHints":{"allow":["GET"]}}],"collection":[{"href":"https:\/\/www.europesays.com\/fr\/wp-json\/wp\/v2\/posts"}],"about":[{"href":"https:\/\/www.europesays.com\/fr\/wp-json\/wp\/v2\/types\/post"}],"author":[{"embeddable":true,"href":"https:\/\/www.europesays.com\/fr\/wp-json\/wp\/v2\/users\/2"}],"replies":[{"embeddable":true,"href":"https:\/\/www.europesays.com\/fr\/wp-json\/wp\/v2\/comments?post=562041"}],"version-history":[{"count":0,"href":"https:\/\/www.europesays.com\/fr\/wp-json\/wp\/v2\/posts\/562041\/revisions"}],"wp:featuredmedia":[{"embeddable":true,"href":"https:\/\/www.europesays.com\/fr\/wp-json\/wp\/v2\/media\/562042"}],"wp:attachment":[{"href":"https:\/\/www.europesays.com\/fr\/wp-json\/wp\/v2\/media?parent=562041"}],"wp:term":[{"taxonomy":"category","embeddable":true,"href":"https:\/\/www.europesays.com\/fr\/wp-json\/wp\/v2\/categories?post=562041"},{"taxonomy":"post_tag","embeddable":true,"href":"https:\/\/www.europesays.com\/fr\/wp-json\/wp\/v2\/tags?post=562041"}],"curies":[{"name":"wp","href":"https:\/\/api.w.org\/{rel}","templated":true}]}}