{"id":562047,"date":"2025-11-27T10:21:12","date_gmt":"2025-11-27T10:21:12","guid":{"rendered":"https:\/\/www.europesays.com\/fr\/562047\/"},"modified":"2025-11-27T10:21:12","modified_gmt":"2025-11-27T10:21:12","slug":"loccitanie-en-force-dans-ce-salon-professionnel-a-paris-et-cest-bien-naturel","status":"publish","type":"post","link":"https:\/\/www.europesays.com\/fr\/562047\/","title":{"rendered":"L&rsquo;Occitanie en force dans ce salon professionnel \u00e0 Paris et c&rsquo;est bien naturel"},"content":{"rendered":"<p>                    Par<br \/>\n        <strong><br \/>\n            <a href=\"https:\/\/actu.fr\/auteur\/fabien-hisbacq-actu-fr\" title=\"Consulter tous les articles de Fabien Hisbacq\" target=\"_blank\" rel=\"noopener\">Fabien Hisbacq<\/a><br \/>\n                    <\/strong><\/p>\n<p>        Publi\u00e9 le<\/p>\n<p>            27 nov. 2025 \u00e0 11h02        <\/p>\n<p>C\u2019est le <strong>salon professionnel national des produits biologiques<\/strong>, di\u00e9t\u00e9tiques et \u00e9cologiques. Et l\u2019<a href=\"https:\/\/actu.fr\/occitanie\/\" target=\"_blank\" rel=\"noopener\">Occitanie<\/a> y tiendra une place \u00e0 part du 30\u00a0novembre au 2\u00a0d\u00e9cembre 2025 \u00e0 Paris Expo, <strong>porte de Versailles<\/strong>. Ce qui est naturel.<\/p>\n<p class=\" wall-content\">On l\u2019oublie parfois, mais, malgr\u00e9 la crise que semble conna\u00eetre le secteur, l\u2019Occitanie reste la premi\u00e8re r\u00e9gion bio de France, avec <strong>plus de 14\u2009000 producteurs<\/strong>, repr\u00e9sentant <strong>21\u2009% des agriculteurs r\u00e9gionaux<\/strong> (et 19\u2009% de la surface agricole utile). \u00ab\u2009Semble conna\u00eetre\u2009\u00bb parce que le march\u00e9 montre <strong>des signes de stabilisation, voire de regain.<\/strong> Selon l\u2019Agence Bio, 54\u2009% des Fran\u00e7ais consomment des produits bio au moins une fois par mois et 24\u2009% des consommateurs d\u00e9clarent m\u00eame acheter davantage de bio depuis un an.<\/p>\n<p>Un pavillon entier<\/p>\n<p class=\" wall-content\">Port\u00e9e par AD\u2019OCC et Interbio Occitanie, la r\u00e9gion mettra donc logiquement en avant son mod\u00e8le et ses fili\u00e8res phares (viticulture, lait et huiles) \u00e0 Paris. Avec un pavillon rien que pour elle. Et <strong>pr\u00e8s de 70 entreprises<\/strong> embl\u00e9matiques venant de la r\u00e9gion. Dans la continuit\u00e9 des ann\u00e9es pr\u00e9c\u00e9dentes. En 2023, 12\u2009% des exposants \u00e0 Paris \u00e9taient issus de la r\u00e9gion Occitanie.<\/p>\n<p><a href=\"https:\/\/static.actu.fr\/uploads\/2025\/11\/2025listeexposantsregionauxnatexpo.pdf\" target=\"_blank\" rel=\"noopener\">Afficher ou t\u00e9l\u00e9charger le fichier.<\/a><\/p>\n<p class=\" wall-content\">La r\u00e9gion comptait pr\u00e8s de <strong>292 magasins sp\u00e9cialis\u00e9s en 2024.<\/strong> Malgr\u00e9 une baisse du nombre (13 en moins cette ann\u00e9e-l\u00e0), <strong>la surface moyenne par point de vente (288\u00a0m2) augmente<\/strong> (pour une surface totale cumul\u00e9e de 84\u2009068 m\u00b2). Et <a href=\"https:\/\/actu.fr\/economie\/commerce-accord-bio-renforce-sa-presence-dans-le-tarn-le-gers-la-lozere-l-herault_63155060.html\" target=\"_blank\" rel=\"noopener\">les ouvertures se poursuivent en 2025<\/a>.<\/p>\n<blockquote class=\"ac-article-quote wall-content\">\n<p>\u00ab\u00a0Malgr\u00e9 les turbulences du march\u00e9, l\u2019Occitanie reste une terre d\u2019innovation et de r\u00e9silience pour la bio. Natexpo est une opportunit\u00e9 cl\u00e9 pour valoriser notre savoir-faire, cr\u00e9er des synergies et d\u00e9montrer la pertinence d\u2019un mod\u00e8le agricole et \u00e9conomique durable\u00a0\u00bb. <\/p>\n<p>    <strong>Nancy Faur\u00e9<\/strong><br \/>\n        Directrice Interbio Occitanie    <\/p><\/blockquote>\n<p>Vid\u00e9os : en ce moment sur Actu<br \/>\n    <a href=\"https:\/\/www.facebook.com\/plugins\/post.php?href=https%3A%2F%2Fwww.facebook.com%2Fsalonnatexpo%2Fposts%2Fpfbid02CjioNNuvhnNtWFbs4r2BfdXfGD7t9htNsUJZytkCoVzMzUNz4WUS38UXDx6BDKf4l&amp;show_text=true&amp;width=350\" title=\"Ouvrie le lien\" target=\"_blank\" rel=\"noopener\">Cliquez ici pour visualiser le contenu<\/a><\/p>\n<p class=\" wall-content\">Sur le pavillon Occitanie, on pourra assister, entre autres, \u00e0 des animations culinaires, des conf\u00e9rences et des d\u00e9monstrations de savoir-faire.<\/p>\n<p>Votre r\u00e9gion, votre actu !<\/p>\n<p>Recevez chaque jour les infos qui comptent pour vous.<\/p>\n<p>\t<a href=\"https:\/\/actu.fr\/newsletter\" class=\"ac-btn ac-btn--corner ac-btn--medium ac-btn--blue800\" target=\"_blank\" rel=\"noopener\">S&rsquo;incrire<\/a><br \/>\nSalon Natexpo, du 30\u00a0novembre au 2\u00a0d\u00e9cembre 2025 \u00e0 Paris Expo, porte de Versailles. <a href=\"https:\/\/natexpo.com\/\" target=\"_blank\" rel=\"noopener\">Pour plus d\u2019infos, c\u2019est ici.<\/a><\/p>\n<p class=\" wall-content\">Personnalisez votre actualit\u00e9 en ajoutant vos villes et m\u00e9dias en favori avec <a href=\"https:\/\/moncompte.actu.fr\" title=\"D\u00e9couvez Mon Actu\" rel=\"nofollow noopener\" data-trk=\"{&quot;cta&quot;:{&quot;action&quot;:&quot;https:\\\/\\\/moncompte.actu.fr&quot;,&quot;category&quot;:&quot;mon compte&quot;,&quot;from&quot;:&quot;article footer&quot;,&quot;name&quot;:&quot;Mon actu&quot;,&quot;type&quot;:&quot;cta&quot;}}\" target=\"_blank\">Mon Actu<\/a>.<\/p>\n","protected":false},"excerpt":{"rendered":"Par Fabien Hisbacq Publi\u00e9 le 27 nov. 2025 \u00e0 11h02 C\u2019est le salon professionnel national des produits biologiques,&hellip;\n","protected":false},"author":2,"featured_media":562048,"comment_status":"","ping_status":"","sticky":false,"template":"","format":"standard","meta":{"footnotes":""},"categories":[1888],"tags":[11,327,258,33,1777,674,1011,27,26213,12,626,25],"class_list":{"0":"post-562047","1":"post","2":"type-post","3":"status-publish","4":"format-standard","5":"has-post-thumbnail","7":"category-paris","8":"tag-actualites","9":"tag-agriculture","10":"tag-alimentation","11":"tag-economie","12":"tag-eu","13":"tag-europe","14":"tag-fr","15":"tag-france","16":"tag-industrie-agroalimentaire","17":"tag-news","18":"tag-paris","19":"tag-republique-francaise"},"share_on_mastodon":{"url":"https:\/\/pubeurope.com\/@fr\/115621166130983480","error":""},"_links":{"self":[{"href":"https:\/\/www.europesays.com\/fr\/wp-json\/wp\/v2\/posts\/562047","targetHints":{"allow":["GET"]}}],"collection":[{"href":"https:\/\/www.europesays.com\/fr\/wp-json\/wp\/v2\/posts"}],"about":[{"href":"https:\/\/www.europesays.com\/fr\/wp-json\/wp\/v2\/types\/post"}],"author":[{"embeddable":true,"href":"https:\/\/www.europesays.com\/fr\/wp-json\/wp\/v2\/users\/2"}],"replies":[{"embeddable":true,"href":"https:\/\/www.europesays.com\/fr\/wp-json\/wp\/v2\/comments?post=562047"}],"version-history":[{"count":0,"href":"https:\/\/www.europesays.com\/fr\/wp-json\/wp\/v2\/posts\/562047\/revisions"}],"wp:featuredmedia":[{"embeddable":true,"href":"https:\/\/www.europesays.com\/fr\/wp-json\/wp\/v2\/media\/562048"}],"wp:attachment":[{"href":"https:\/\/www.europesays.com\/fr\/wp-json\/wp\/v2\/media?parent=562047"}],"wp:term":[{"taxonomy":"category","embeddable":true,"href":"https:\/\/www.europesays.com\/fr\/wp-json\/wp\/v2\/categories?post=562047"},{"taxonomy":"post_tag","embeddable":true,"href":"https:\/\/www.europesays.com\/fr\/wp-json\/wp\/v2\/tags?post=562047"}],"curies":[{"name":"wp","href":"https:\/\/api.w.org\/{rel}","templated":true}]}}