{"id":562053,"date":"2025-11-27T10:24:12","date_gmt":"2025-11-27T10:24:12","guid":{"rendered":"https:\/\/www.europesays.com\/fr\/562053\/"},"modified":"2025-11-27T10:24:12","modified_gmt":"2025-11-27T10:24:12","slug":"afghan-ex-collaborateur-de-la-cia-le-profil-du-suspect-des-tirs-ayant-vise-des-membres-de-la-garde-nationale-a-washington","status":"publish","type":"post","link":"https:\/\/www.europesays.com\/fr\/562053\/","title":{"rendered":"Afghan, ex-collaborateur de la CIA&#8230; Le profil du suspect des tirs ayant vis\u00e9 des membres de la Garde nationale \u00e0 Washington"},"content":{"rendered":"<p>L&rsquo;homme suspect\u00e9 d&rsquo;avoir tir\u00e9 sur des gardes nationaux \u00e0 Washington est un Aghan exfiltr\u00e9 par les \u00c9tats-Unis en 2021 apr\u00e8s le retrait chaotique de l&rsquo;arm\u00e9e am\u00e9ricaine de son pays.<\/p>\n<p>Son profil se pr\u00e9cise. L&rsquo;homme arr\u00eat\u00e9 apr\u00e8s avoir <a href=\"https:\/\/www.bfmtv.com\/international\/amerique-nord\/etats-unis\/militaires-blesses-suspect-arrete-ce-que-l-on-sait-sur-les-tirs-qui-ont-vise-deux-membres-de-la-garde-nationale-a-washington_AV-202511261125.html\" title=\"Militaires bless\u00e9s, suspect arr\u00eat\u00e9... Ce que l&#039;on sait sur les tirs qui ont vis\u00e9 deux membres de la Garde nationale \u00e0 Washington\" class=\"internal_link\" target=\"_blank\" rel=\"noopener\">fait feu sur deux militaires de la Garde nationale \u00e0 Washington<\/a> est un ressortissant afghan exfiltr\u00e9 par les \u00c9tats-Unis apr\u00e8s le retrait chaotique des troupes am\u00e9ricaines d&rsquo;Afghanistan \u00e0 l&rsquo;\u00e9t\u00e9 2021.<\/p>\n<p>Le suspect \u00ab\u00a0faisait partie des nombreuses personnes non v\u00e9rifi\u00e9es et admises en masse aux \u00c9tats-Unis dans le cadre de l&rsquo;op\u00e9ration Allies Welcome le 8 septembre 2021, sous l&rsquo;administration Biden\u00a0\u00bb, a d\u00e9clar\u00e9 sur X la secr\u00e9taire \u00e0 la S\u00e9curit\u00e9 int\u00e9rieure Kristi Noem.<\/p>\n<p>L&rsquo;op\u00e9ration Allies Welcome visait \u00e0 accueillir aux \u00c9tats-Unis les Afghans rendus vuln\u00e9rables par le retrait am\u00e9ricain et le retour au pouvoir des <a href=\"https:\/\/www.bfmtv.com\/international\/moyen-orient\/afghanistan\/l-afghanistan-est-un-des-pays-les-plus-vulnerables-au-changement-climatique-les-talibans-regrettent-de-ne-pas-avoir-ete-invites-a-la-cop30_AD-202511090297.html\" title=\"&quot;L&#039;Afghanistan est un des pays les plus vuln\u00e9rables au changement climatique&quot;: les Talibans regrettent de ne pas avoir \u00e9t\u00e9 invit\u00e9s \u00e0 la COP30\" class=\"internal_link\" target=\"_blank\" rel=\"noopener\">talibans<\/a>.<\/p>\n<p>Un collaborateur de la CIA<\/p>\n<p>Selon la cha\u00eene conservatrice <a href=\"https:\/\/www.foxnews.com\/politics\/alleged-national-guard-shooter-worked-us-government-entities-afghanistan-including-cia-ratcliffe\" target=\"_blank\" class=\"external_link\" rel=\"noopener\">Fox News<\/a>, Rahmanullah Lakanwal, 29 ans, a travaill\u00e9 avec l&rsquo;arm\u00e9e am\u00e9ricaine et la CIA en Afghanistan et est arriv\u00e9 aux \u00c9tats-Unis un mois apr\u00e8s le retrait pr\u00e9cipit\u00e9 des forces am\u00e9ricaines.<\/p>\n<p>Fox News cite le directeur de la CIA, John Ratcliffe, selon qui le suspect avait travaill\u00e9 avec les \u00c9tats-Unis \u00e0 Kandahar, dans le sud de l&rsquo;Afghanistan, o\u00f9 se trouvait une des plus importantes bases militaires am\u00e9ricaines.<\/p>\n<p>\u00ab\u00a0Dans le sillage du retrait d\u00e9sastreux d&rsquo;Afghanistan par Joe Biden, l&rsquo;administration Biden a justifi\u00e9 d&#8217;emmener le tireur pr\u00e9sum\u00e9 aux Etats-Unis en septembre 2021 en raison de son travail pass\u00e9 avec le gouvernement am\u00e9ricain, y compris la CIA, en tant que membre d&rsquo;une force partenaire \u00e0 Kandahar\u00a0\u00bb, a d\u00e9clar\u00e9 John Ratcliffe \u00e0 Fox News.<\/p>\n<p>Selon les informations de plusieurs m\u00e9dias am\u00e9ricains comme <a href=\"https:\/\/edition.cnn.com\/us\/live-news\/shooting-washington-dc-national-guard-11-26-25?post-id=cmigvet790005356qltq2bixx&amp;t=1764237423288\" target=\"_blank\" class=\"external_link\" rel=\"noopener\">CNN<\/a> et <a href=\"https:\/\/abcnews.go.com\/US\/national-guardsmen-shooting-dc-suspect\/story?id=127912861\" target=\"_blank\" class=\"external_link\" rel=\"noopener\">ABC<\/a>, le suspect a demand\u00e9 l&rsquo;asile en 2024 et l&rsquo;a obtenu en 2025, sous l&rsquo;administration Trump.<\/p>\n<p>Le suspect \u00ab\u00a0s\u00e9v\u00e8rement bless\u00e9\u00a0\u00bb<\/p>\n<p>Depuis le drame, toutes les demandes d&rsquo;immigration concernant les ressortissants afghans sont \u00ab\u00a0suspendues ind\u00e9finiment\u00a0\u00bb, a annonc\u00e9 l&rsquo;agence am\u00e9ricaine d&rsquo;immigration sur X.<\/p>\n<p>Donald Trump a indiqu\u00e9 que suspect arr\u00eat\u00e9 \u00ab\u00a0est un \u00e9tranger qui est entr\u00e9 dans notre pays en provenance d&rsquo;Afghanistan\u00a0\u00bb et qui \u00ab\u00a0a \u00e9t\u00e9 amen\u00e9 ici par le gouvernement Biden en septembre 2021\u00a0\u00bb. Depuis la Floride, o\u00f9 il passe la f\u00eate de Thanksgiving, le pr\u00e9sident am\u00e9ricain a d\u00e9nonc\u00e9 un \u00ab\u00a0acte de terreur\u00a0\u00bb.<\/p>\n<p>Les deux militaires touch\u00e9s, originaires de Virginie-Occidentale, sont \u00ab\u00a0gri\u00e8vement bless\u00e9s\u00a0\u00bb et le tireur pr\u00e9sum\u00e9 est lui aussi \u00ab\u00a0s\u00e9v\u00e8rement bless\u00e9\u00a0\u00bb, a \u00e9crit Donald Trump sur son r\u00e9seau Truth Social, qualifiant l&rsquo;auteur d'\u00a0\u00bbanimal\u00a0\u00bb qui \u00ab\u00a0paiera tr\u00e8s cher\u00a0\u00bb son acte.<\/p>\n<p>Partager <\/p>\n","protected":false},"excerpt":{"rendered":"L&rsquo;homme suspect\u00e9 d&rsquo;avoir tir\u00e9 sur des gardes nationaux \u00e0 Washington est un Aghan exfiltr\u00e9 par les \u00c9tats-Unis en&hellip;\n","protected":false},"author":2,"featured_media":562054,"comment_status":"","ping_status":"","sticky":false,"template":"","format":"standard","meta":{"footnotes":""},"categories":[1589],"tags":[11,73,1866,12,1864,1865,1863,308],"class_list":{"0":"post-562053","1":"post","2":"type-post","3":"status-publish","4":"format-standard","5":"has-post-thumbnail","7":"category-etats-unis","8":"tag-actualites","9":"tag-etats-unis","10":"tag-etats-unis-damerique","11":"tag-news","12":"tag-united-states","13":"tag-united-states-of-america","14":"tag-us","15":"tag-usa"},"share_on_mastodon":{"url":"https:\/\/pubeurope.com\/@fr\/115621177845522645","error":""},"_links":{"self":[{"href":"https:\/\/www.europesays.com\/fr\/wp-json\/wp\/v2\/posts\/562053","targetHints":{"allow":["GET"]}}],"collection":[{"href":"https:\/\/www.europesays.com\/fr\/wp-json\/wp\/v2\/posts"}],"about":[{"href":"https:\/\/www.europesays.com\/fr\/wp-json\/wp\/v2\/types\/post"}],"author":[{"embeddable":true,"href":"https:\/\/www.europesays.com\/fr\/wp-json\/wp\/v2\/users\/2"}],"replies":[{"embeddable":true,"href":"https:\/\/www.europesays.com\/fr\/wp-json\/wp\/v2\/comments?post=562053"}],"version-history":[{"count":0,"href":"https:\/\/www.europesays.com\/fr\/wp-json\/wp\/v2\/posts\/562053\/revisions"}],"wp:featuredmedia":[{"embeddable":true,"href":"https:\/\/www.europesays.com\/fr\/wp-json\/wp\/v2\/media\/562054"}],"wp:attachment":[{"href":"https:\/\/www.europesays.com\/fr\/wp-json\/wp\/v2\/media?parent=562053"}],"wp:term":[{"taxonomy":"category","embeddable":true,"href":"https:\/\/www.europesays.com\/fr\/wp-json\/wp\/v2\/categories?post=562053"},{"taxonomy":"post_tag","embeddable":true,"href":"https:\/\/www.europesays.com\/fr\/wp-json\/wp\/v2\/tags?post=562053"}],"curies":[{"name":"wp","href":"https:\/\/api.w.org\/{rel}","templated":true}]}}