{"id":562057,"date":"2025-11-27T10:26:12","date_gmt":"2025-11-27T10:26:12","guid":{"rendered":"https:\/\/www.europesays.com\/fr\/562057\/"},"modified":"2025-11-27T10:26:12","modified_gmt":"2025-11-27T10:26:12","slug":"lallemagne-negocie-avec-israel-lachat-de-systemes-antimissiles-arrow-3-supplementaires","status":"publish","type":"post","link":"https:\/\/www.europesays.com\/fr\/562057\/","title":{"rendered":"L\u2019Allemagne N\u00e9gocie Avec Isra\u00ebl L&rsquo;achat De Syst\u00e8mes Antimissiles Arrow 3 Suppl\u00e9mentaires"},"content":{"rendered":"<p class=\"\" data-is=\"component-paragraph\">L\u2019Allemagne a entam\u00e9 des pourparlers avec Isra\u00ebl pour l\u2019acquisition de syst\u00e8mes antimissiles suppl\u00e9mentaires Arrow 3, apr\u00e8s avoir d\u00e9j\u00e0 achet\u00e9 des batteries de cette technologie en 2023.<\/p>\n<p class=\"\" data-is=\"component-paragraph\">Berlin justifie cette d\u00e9marche par la mont\u00e9e des menaces sur sa s\u00e9curit\u00e9 et celle de ses alli\u00e9s europ\u00e9ens, en particulier dans le contexte des tensions li\u00e9es \u00e0 la Russie.<\/p>\n<p class=\"\" data-is=\"component-paragraph\">Ces futurs missiles viendraient renforcer la protection longue port\u00e9e du territoire allemand, tout en s\u2019int\u00e9grant au dispositif europ\u00e9en de d\u00e9fense a\u00e9rienne collectivement d\u00e9fendu, le projet European Sky Shield Initiative (ESSI &#8211; Initiative europ\u00e9enne Bouclier c\u00e9leste).<\/p>\n<p class=\"\" data-is=\"component-paragraph\">Le syst\u00e8me Arrow 3, d\u00e9velopp\u00e9 par Israel Aerospace Industries (IAI) en collaboration avec l\u2019agence am\u00e9ricaine de d\u00e9fense antimissile, est capable d\u2019intercepter des missiles balistiques \u00e0 tr\u00e8s longue port\u00e9e, y compris ceux pouvant transporter des ogives non conventionnelles, avant qu\u2019ils ne r\u00e9int\u00e8grent l\u2019atmosph\u00e8re terrestre.<\/p>\n<p><img alt=\"Video poster\" class=\"video-poster\" data-is=\"lazy-image\" data-observed-item-id=\"https:\/\/api.i24news.tv\/fr\/brightcove\/6385208073112\/poster\"\/>Berlin reprend la livraison d&rsquo;armes \u00e0 Isra\u00ebl<\/p>\n<p class=\"\" data-is=\"component-paragraph\">Cette capacit\u00e9 \u00e0 engager des cibles dans l\u2019espace extra-atmosph\u00e9rique en fait la \u201ctroisi\u00e8me couche\u201d du bouclier allemand : une couche compl\u00e9mentaire aux syst\u00e8mes \u00e0 courte et moyenne port\u00e9e d\u00e9j\u00e0 en service, tels que les IRIS-T et les Patriot.\u00a0<\/p>\n<p class=\"\" data-is=\"component-paragraph\"><a data-is=\"component-link\" href=\"https:\/\/www.i24news.tv\/fr\/actu\/israel\/diplomatie-defense\/1695906783-l-allemagne-scelle-avec-israel-un-accord-historique-sur-l-achat-du-bouclier-antimissiles-arrow-3\" title=\"https:\/\/www.i24news.tv\/fr\/actu\/israel\/diplomatie-defense\/1695906783-l-allemagne-scelle-avec-israel-un-accord-historique-sur-l-achat-du-bouclier-antimissiles-arrow-3\" target=\"\" class=\"link\" rel=\"noopener\">Sign\u00e9 en 2023, le premier contrat pour Arrow 3 <\/a>repr\u00e9sente avec environ 3,5 \u00e0 4 milliards de dollars\/euros l\u2019exportation d\u2019armement la plus importante jamais r\u00e9alis\u00e9e par Isra\u00ebl.\u00a0Les premi\u00e8res batteries doivent \u00eatre livr\u00e9es d\u2019ici fin 2025, pour une mise en service progressive.\u00a0<\/p>\n<p class=\"\" data-is=\"component-paragraph\">Les n\u00e9gociations actuelles visent donc \u00e0 accro\u00eetre le nombre de missiles disponibles, afin de garantir une meilleure capacit\u00e9 de riposte en cas de saturation par des attaques multiples, ou face \u00e0 des missiles balistiques intercontinentaux.<\/p>\n<p class=\"\" data-is=\"component-paragraph\">Ce renforcement de la d\u00e9fense allemande illustre une<a data-is=\"component-link\" href=\"https:\/\/www.i24news.tv\/fr\/actu\/israel\/diplomatie-defense\/artc-elbit-systems-remporte-un-contrat-de-260-millions-de-dollars-pour-equiper-l-armee-de-l-air-allemande\" title=\"https:\/\/www.i24news.tv\/fr\/actu\/israel\/diplomatie-defense\/artc-elbit-systems-remporte-un-contrat-de-260-millions-de-dollars-pour-equiper-l-armee-de-l-air-allemande\" target=\"\" class=\"link\" rel=\"noopener\"> mont\u00e9e en puissance des liens strat\u00e9giques entre Berlin et J\u00e9rusalem<\/a>, une coop\u00e9ration rendue possible par l\u2019accord pr\u00e9alable des \u00c9tats-Unis, et marque un tournant dans l\u2019architecture de s\u00e9curit\u00e9 europ\u00e9enne face aux menaces \u00e9mergentes.<\/p>\n","protected":false},"excerpt":{"rendered":"L\u2019Allemagne a entam\u00e9 des pourparlers avec Isra\u00ebl pour l\u2019acquisition de syst\u00e8mes antimissiles suppl\u00e9mentaires Arrow 3, apr\u00e8s avoir d\u00e9j\u00e0&hellip;\n","protected":false},"author":2,"featured_media":562058,"comment_status":"","ping_status":"","sticky":false,"template":"","format":"standard","meta":{"footnotes":""},"categories":[1587],"tags":[11,672,1804,1805,1803,1777,674,1801,12,1802],"class_list":{"0":"post-562057","1":"post","2":"type-post","3":"status-publish","4":"format-standard","5":"has-post-thumbnail","7":"category-allemagne","8":"tag-actualites","9":"tag-allemagne","10":"tag-bundesrepublik-deutschland","11":"tag-de","12":"tag-deutschland","13":"tag-eu","14":"tag-europe","15":"tag-germany","16":"tag-news","17":"tag-republique-federale-dallemagne"},"share_on_mastodon":{"url":"https:\/\/pubeurope.com\/@fr\/115621185769860479","error":""},"_links":{"self":[{"href":"https:\/\/www.europesays.com\/fr\/wp-json\/wp\/v2\/posts\/562057","targetHints":{"allow":["GET"]}}],"collection":[{"href":"https:\/\/www.europesays.com\/fr\/wp-json\/wp\/v2\/posts"}],"about":[{"href":"https:\/\/www.europesays.com\/fr\/wp-json\/wp\/v2\/types\/post"}],"author":[{"embeddable":true,"href":"https:\/\/www.europesays.com\/fr\/wp-json\/wp\/v2\/users\/2"}],"replies":[{"embeddable":true,"href":"https:\/\/www.europesays.com\/fr\/wp-json\/wp\/v2\/comments?post=562057"}],"version-history":[{"count":0,"href":"https:\/\/www.europesays.com\/fr\/wp-json\/wp\/v2\/posts\/562057\/revisions"}],"wp:featuredmedia":[{"embeddable":true,"href":"https:\/\/www.europesays.com\/fr\/wp-json\/wp\/v2\/media\/562058"}],"wp:attachment":[{"href":"https:\/\/www.europesays.com\/fr\/wp-json\/wp\/v2\/media?parent=562057"}],"wp:term":[{"taxonomy":"category","embeddable":true,"href":"https:\/\/www.europesays.com\/fr\/wp-json\/wp\/v2\/categories?post=562057"},{"taxonomy":"post_tag","embeddable":true,"href":"https:\/\/www.europesays.com\/fr\/wp-json\/wp\/v2\/tags?post=562057"}],"curies":[{"name":"wp","href":"https:\/\/api.w.org\/{rel}","templated":true}]}}