{"id":562059,"date":"2025-11-27T10:27:13","date_gmt":"2025-11-27T10:27:13","guid":{"rendered":"https:\/\/www.europesays.com\/fr\/562059\/"},"modified":"2025-11-27T10:27:13","modified_gmt":"2025-11-27T10:27:13","slug":"apres-son-titre-national-melanie-brille-aux-championnats-deurope","status":"publish","type":"post","link":"https:\/\/www.europesays.com\/fr\/562059\/","title":{"rendered":"apr\u00e8s son titre national, M\u00e9lanie brille aux championnats d\u2019Europe"},"content":{"rendered":"<p>                    Par<br \/>\n        <strong><br \/>\n            <a href=\"https:\/\/actu.fr\/auteur\/bertrand-parent\" title=\"Consulter tous les articles de Bertrand Parent\" target=\"_blank\" rel=\"noopener\">Bertrand Parent<\/a><br \/>\n                    <\/strong><\/p>\n<p>        Publi\u00e9 le<\/p>\n<p>            27 nov. 2025 \u00e0 11h15        <\/p>\n<p>Titr\u00e9e championne de France en dressage <a href=\"https:\/\/actu.fr\/bretagne\/camors_56031\/encore-un-titre-de-championne-de-france-pour-ce-club-equestre-du-morbihan_63316233.html\" target=\"_blank\" rel=\"noopener\">il y a quelques semaines en MCI<\/a> (Master du cheval ib\u00e9rique), M\u00e9lanie Conteras, avec son cheval Genial XVI, \u00e9tait s\u00e9lectionn\u00e9e pour les championnats d\u2019Europe MCI qui se sont d\u00e9roul\u00e9s mi-novembre \u00e0 Yvr\u00e9-l\u2019\u00c9v\u00eaque, pr\u00e8s du\u00a0Mans.<\/p>\n<p>Une premi\u00e8re participation r\u00e9ussie<\/p>\n<p class=\" wall-content\">\u00ab\u2009C\u2019\u00e9tait ma premi\u00e8re participation\u2009\u00bb, confie la cavali\u00e8re du club l\u2019\u00catre Cheval de <a href=\"https:\/\/actu.fr\/bretagne\/camors_56031\" target=\"_blank\" rel=\"noopener\">Camors <\/a>qui y allait sans pression mais non sans ambition. Face aux cavaliers et cavali\u00e8res italiens, belges, n\u00e9erlandais ou britanniques, M\u00e9lanie et Genial ont r\u00e9ussi leur concours avec une tr\u00e8s belle place de 8e (sur 33) en reprise impos\u00e9e et 9e (sur 31) en reprise libre en musique.<\/p>\n<p>    <img   decoding=\"async\" loading=\"lazy\" class=\"size-large\" src=\"https:\/\/www.europesays.com\/fr\/wp-content\/uploads\/2025\/11\/59fb08ee2c1967dfb08ee2c19710c0v-683x640.jpg\" alt=\"M\u00e9lanie Contreras cavali\u00e8re de Camors nov 2025 championnats europe\" width=\"683\" height=\"640\"\/><br \/>\n    M\u00e9lanie Contreras lors de la remise des prix. \u00a9Les GarennesUne retraite bien m\u00e9rit\u00e9e pour Genial XVI<\/p>\n<p class=\" wall-content\">\u00ab\u2009Je suis tr\u00e8s heureuse de ces r\u00e9sultats. Et surtout nous avons fini 3e au classement par \u00e9quipe\u2009!\u2009\u00bb, se r\u00e9jouit M\u00e9lanie.<\/p>\n<p class=\" wall-content\">Une belle performance \u00e9galement pour Genial XVI, apr\u00e8s ses deux titres de champion de France conquis cette ann\u00e9e (avec M\u00e9lanie <a href=\"https:\/\/actu.fr\/bretagne\/camors_56031\/dressage-cette-jeune-cavaliere-du-morbihan-a-decroche-lor-aux-championnats-de-france_63073980.html\" target=\"_blank\" rel=\"noopener\">et avec Julianne-Rose Ngom, autre cavali\u00e8re de Camors<\/a>).<\/p>\n<p class=\" wall-content\">\u00ab\u2009Il aura 19\u00a0ans en f\u00e9vrier et, pour lui, \u00e7a va \u00eatre le moment d\u2019une retraite bien m\u00e9rit\u00e9e\u2009\u00bb, explique M\u00e9lanie. \u00ab\u2009On va continuer \u00e0 travailler tous les deux, mais tranquillement et on va se faire des balades en for\u00eat\u2009\u00bb.<\/p>\n<p class=\" wall-content\">Personnalisez votre actualit\u00e9 en ajoutant vos villes et m\u00e9dias en favori avec <a href=\"https:\/\/moncompte.actu.fr\" title=\"D\u00e9couvez Mon Actu\" rel=\"nofollow noopener\" data-trk=\"{&quot;cta&quot;:{&quot;action&quot;:&quot;https:\\\/\\\/moncompte.actu.fr&quot;,&quot;category&quot;:&quot;mon compte&quot;,&quot;from&quot;:&quot;article footer&quot;,&quot;name&quot;:&quot;Mon actu&quot;,&quot;type&quot;:&quot;cta&quot;}}\" target=\"_blank\">Mon Actu<\/a>.<\/p>\n","protected":false},"excerpt":{"rendered":"Par Bertrand Parent Publi\u00e9 le 27 nov. 2025 \u00e0 11h15 Titr\u00e9e championne de France en dressage il y&hellip;\n","protected":false},"author":2,"featured_media":562060,"comment_status":"","ping_status":"","sticky":false,"template":"","format":"standard","meta":{"footnotes":""},"categories":[1586],"tags":[11,12668,10869,1777,674,1011,27,12,25,60],"class_list":{"0":"post-562059","1":"post","2":"type-post","3":"status-publish","4":"format-standard","5":"has-post-thumbnail","7":"category-europe","8":"tag-actualites","9":"tag-cheval","10":"tag-equitation","11":"tag-eu","12":"tag-europe","13":"tag-fr","14":"tag-france","15":"tag-news","16":"tag-republique-francaise","17":"tag-sports"},"share_on_mastodon":{"url":"https:\/\/pubeurope.com\/@fr\/115621190801152877","error":""},"_links":{"self":[{"href":"https:\/\/www.europesays.com\/fr\/wp-json\/wp\/v2\/posts\/562059","targetHints":{"allow":["GET"]}}],"collection":[{"href":"https:\/\/www.europesays.com\/fr\/wp-json\/wp\/v2\/posts"}],"about":[{"href":"https:\/\/www.europesays.com\/fr\/wp-json\/wp\/v2\/types\/post"}],"author":[{"embeddable":true,"href":"https:\/\/www.europesays.com\/fr\/wp-json\/wp\/v2\/users\/2"}],"replies":[{"embeddable":true,"href":"https:\/\/www.europesays.com\/fr\/wp-json\/wp\/v2\/comments?post=562059"}],"version-history":[{"count":0,"href":"https:\/\/www.europesays.com\/fr\/wp-json\/wp\/v2\/posts\/562059\/revisions"}],"wp:featuredmedia":[{"embeddable":true,"href":"https:\/\/www.europesays.com\/fr\/wp-json\/wp\/v2\/media\/562060"}],"wp:attachment":[{"href":"https:\/\/www.europesays.com\/fr\/wp-json\/wp\/v2\/media?parent=562059"}],"wp:term":[{"taxonomy":"category","embeddable":true,"href":"https:\/\/www.europesays.com\/fr\/wp-json\/wp\/v2\/categories?post=562059"},{"taxonomy":"post_tag","embeddable":true,"href":"https:\/\/www.europesays.com\/fr\/wp-json\/wp\/v2\/tags?post=562059"}],"curies":[{"name":"wp","href":"https:\/\/api.w.org\/{rel}","templated":true}]}}