{"id":562061,"date":"2025-11-27T10:28:16","date_gmt":"2025-11-27T10:28:16","guid":{"rendered":"https:\/\/www.europesays.com\/fr\/562061\/"},"modified":"2025-11-27T10:28:16","modified_gmt":"2025-11-27T10:28:16","slug":"sil-peut-avoir-une-vie-cest-parce-quil-a-eu-cette-therapie-genique-a-quelques-jours-du-telethon-la-recherche-expliquee-dans-les-colleges","status":"publish","type":"post","link":"https:\/\/www.europesays.com\/fr\/562061\/","title":{"rendered":"\u201cS\u2019il peut avoir une vie, c&rsquo;est parce qu&rsquo;il a eu cette th\u00e9rapie g\u00e9nique\u201d. \u00c0 quelques jours du T\u00e9l\u00e9thon, la recherche expliqu\u00e9e dans les coll\u00e8ges"},"content":{"rendered":"<p class=\"article__intro\">\u00c0 quelques jours du T\u00e9l\u00e9thon, qui se d\u00e9roulera les 5 et 6 d\u00e9cembre 2025, l&rsquo;association fran\u00e7aise des myopathies (AFM) organise des rencontres dans les coll\u00e8ges et lyc\u00e9es o\u00f9 des scientifiques viennent expliquer leur m\u00e9tier et d\u00e9cortiquer des termes comme \u00ab\u00a0th\u00e9rapie g\u00e9nique\u00a0\u00bb. Reportage \u00e0 Saint-Erblon, pr\u00e8s de Rennes.<\/p>\n<p>\n      La Quotidienne Soci\u00e9t\u00e9\n    <\/p>\n<p>\n      De la vie quotidienne aux grands enjeux, recevez tous les jours les sujets qui font la soci\u00e9t\u00e9 locale, comme la justice, l\u2019\u00e9ducation, la sant\u00e9 et la famille.\n    <\/p>\n<p>    France T\u00e9l\u00e9visions utilise votre adresse e-mail afin de vous envoyer la newsletter \u00ab\u00a0La Quotidienne Soci\u00e9t\u00e9\u00a0\u00bb. Vous pouvez vous d\u00e9sinscrire \u00e0 tout moment via le lien en bas de cette newsletter. <a target=\"_blank\" href=\"https:\/\/www.francetelevisions.fr\/groupe\/confidentialite\/politique-de-confidentialite\/politique-de-confidentialite-de-france-televisions-6503\" rel=\"noopener\">Notre politique de confidentialit\u00e9<\/a><\/p>\n<p>\u00ab\u00a0Ce que je vous propose, c&rsquo;est de parler de maladies rares, de maladies g\u00e9n\u00e9tiques. Et on va voir comment on peut traiter ce genre de pathologie\u00a0!\u00a0\u00bb. <a href=\"https:\/\/france3-regions.franceinfo.fr\/bretagne\/ille-et-vilaine\/rennes\/telethon-c-est-une-competition-positive-decouvrez-le-departement-breton-qui-a-enregistre-le-plus-de-dons-cette-annee-3130738.html\" target=\"_blank\" data-tooltip-url=\"https:\/\/france3-regions.franceinfo.fr\/bretagne\/ille-et-vilaine\/rennes\/telethon-c-est-une-competition-positive-decouvrez-le-departement-breton-qui-a-enregistre-le-plus-de-dons-cette-annee-3130738.html\" rel=\"noopener\">\u00c0 quelques jours du T\u00e9l\u00e9thon<\/a>, la sc\u00e8ne se passe devant une classe de 3e du coll\u00e8ge Saint-Paul de Saint-Erblon (Ille-et-Vilaine), Guillaume Corre d\u00e9taille son travail de chercheur en bio-informatique. Il exerce depuis une\u00a0quinzaine\u00a0d\u2019ann\u00e9es au sein d&rsquo;un laboratoire de r\u00e9putation international, pionnier dans la th\u00e9rapie g\u00e9nique.<\/p>\n<p>\u00ab\u00a0J&rsquo;ai d\u00e9couvert un m\u00e9tier que je ne connaissais pas. \u00c7a ouvre des possibilit\u00e9s pour m&rsquo;orienter, confie Oscar, l&rsquo;un des coll\u00e9giens. Sa camarade Lou-Anne acquiesce\u00a0: \u00ab\u00a0On comprend mieux leur travail, les ann\u00e9es d&rsquo;\u00e9tudes. Et \u00e7a fait un lien avec nos cours.\u00a0\u00bb<\/p>\n<p>Le principe de son m\u00e9tier, c&rsquo;est de traiter la\u00a0maladie \u00e0 la source, au niveau du\u00a0mat\u00e9riel\u00a0g\u00e9n\u00e9tique\u00a0qui\u00a0se trouve dans le\u00a0noyau\u00a0de la cellule. Ces derni\u00e8res ann\u00e9es, la science <a>a fait de\u00a0v\u00e9ritables\u00a0prouesses<\/a>\u00a0: on peut aujourd\u2019hui introduire du\u00a0mat\u00e9riel\u00a0g\u00e9n\u00e9tique dans\u00a0une\u00a0cellule\u00a0pour soigner une maladie. Son intervention, qui s&rsquo;inscrit dans l&rsquo;op\u00e9ration \u00ab\u00a01000 chercheurs dans les \u00e9coles \u00ab\u00a0de l&rsquo;Association fran\u00e7aise des myopathies (AMF), est l&rsquo;occasion d&rsquo;un petit film explicatif.<\/p>\n<p>\u00ab\u00a0C&rsquo;est un syst\u00e8me d&rsquo;origine bact\u00e9rienne, un syst\u00e8me de d\u00e9fense contre les virus, qu&rsquo;on a d\u00e9tourn\u00e9 \u00e0 notre avantage pour cibler dans l&rsquo;ADN du patient une r\u00e9gion tr\u00e8s particuli\u00e8re, pour venir corriger une mutation qui cause la maladie g\u00e9n\u00e9tique. On vient couper l&rsquo;ADN pour remplacer par le \u00ab\u00a0g\u00e8ne m\u00e9dicament\u00a0\u00bb qui nous int\u00e9resse.\u00a0\u00bb<\/p>\n<p>Une intervention concr\u00e8te pour ces coll\u00e9giens et leur professeur\u00a0appuy\u00e9 par des t\u00e9moignages\u00a0comme celui de la maman d&rsquo;un jeune gar\u00e7on atteint d&rsquo;une maladie g\u00e9n\u00e9tique. \u00ab\u00a0S&rsquo;il peut aller \u00e0 l&rsquo;\u00e9cole, avoir des copains, avoir une vie, c&rsquo;est parce qu&rsquo;il a eu cette th\u00e9rapie g\u00e9nique,\u00a0\u00bb glisse cette derni\u00e8re dans le film diffus\u00e9 aux coll\u00e9giens.<\/p>\n<p>Pour susciter des vocations\u00a0?<\/p>\n<p>\u00ab\u00a0Je trouvais \u00e7a int\u00e9ressant parce qu&rsquo;on comprend mieux o\u00f9 on place notre argent lorsqu&rsquo;on donne au T\u00e9l\u00e9thon,\u00a0\u00bb glisse Ann, en 3e \u00e9galement. \u00ab\u00a0Ce que j&rsquo;ai appr\u00e9ci\u00e9 dans l&rsquo;intervention, c&rsquo;est que Guillaume [Corre] a rappel\u00e9 tous les m\u00e9tiers qu&rsquo;on pouvait avoir dans la recherche scientifique, du bac pro au bac +8\u00a0\u00bb, consid\u00e8re Gentiane Lan\u00e7on, la professeur de Sciences et vie et de la Terre de la classe.<\/p>\n<p>Une journ\u00e9e r\u00e9ussie pour les coll\u00e9giens qui va peut \u00eatre faire na\u00eetre des vocations pour soigner les trois millions de personnes atteintes de maladie rare en France &#8211;\u00a0comme la myopathie de Duch\u00eane\u00a0&#8211; soit une personne sur vingt.<\/p>\n<p>    dur\u00e9e de la vid\u00e9o : 00h02mn20s<\/p>\n<p>        <img decoding=\"async\" width=\"640\" height=\"426\" class=\"article-image not-lazy\" src=\"https:\/\/www.europesays.com\/fr\/wp-content\/uploads\/2025\/11\/b0fcb59f-cd8a-40c6-865f-88f49dd67d56.jpg\" alt=\"\" fetchpriority=\"high\"\/><\/p>\n<p>              Voir la video\u00a0(2 minutes 20 secondes).\u00a0<br \/>\n                  2 min 20 s<\/p>\n<p>\n          Reportage sur l&rsquo;intervention de Guillaume Corre, chercheur en bio informatique, dans un \u00e9tablissement de Saint-Erblon en Ille-et-Vilaine, pour parler de th\u00e9rapie g\u00e9nique.<\/p>\n<p>        \u2022<\/p>\n<p>              \u00a9G. Raoult, V. Bars et A. Tourquetil\n      <\/p>\n<p>(Avec Gilles Raoult)<\/p>\n","protected":false},"excerpt":{"rendered":"\u00c0 quelques jours du T\u00e9l\u00e9thon, qui se d\u00e9roulera les 5 et 6 d\u00e9cembre 2025, l&rsquo;association fran\u00e7aise des myopathies&hellip;\n","protected":false},"author":2,"featured_media":562062,"comment_status":"","ping_status":"","sticky":false,"template":"","format":"standard","meta":{"footnotes":""},"categories":[1586],"tags":[11,1777,674,1779,1011,27,12,25,1778,364],"class_list":{"0":"post-562061","1":"post","2":"type-post","3":"status-publish","4":"format-standard","5":"has-post-thumbnail","7":"category-europe","8":"tag-actualites","9":"tag-eu","10":"tag-europe","11":"tag-european-union","12":"tag-fr","13":"tag-france","14":"tag-news","15":"tag-republique-francaise","16":"tag-ue","17":"tag-union-europeenne"},"share_on_mastodon":{"url":"https:\/\/pubeurope.com\/@fr\/115621195069408184","error":""},"_links":{"self":[{"href":"https:\/\/www.europesays.com\/fr\/wp-json\/wp\/v2\/posts\/562061","targetHints":{"allow":["GET"]}}],"collection":[{"href":"https:\/\/www.europesays.com\/fr\/wp-json\/wp\/v2\/posts"}],"about":[{"href":"https:\/\/www.europesays.com\/fr\/wp-json\/wp\/v2\/types\/post"}],"author":[{"embeddable":true,"href":"https:\/\/www.europesays.com\/fr\/wp-json\/wp\/v2\/users\/2"}],"replies":[{"embeddable":true,"href":"https:\/\/www.europesays.com\/fr\/wp-json\/wp\/v2\/comments?post=562061"}],"version-history":[{"count":0,"href":"https:\/\/www.europesays.com\/fr\/wp-json\/wp\/v2\/posts\/562061\/revisions"}],"wp:featuredmedia":[{"embeddable":true,"href":"https:\/\/www.europesays.com\/fr\/wp-json\/wp\/v2\/media\/562062"}],"wp:attachment":[{"href":"https:\/\/www.europesays.com\/fr\/wp-json\/wp\/v2\/media?parent=562061"}],"wp:term":[{"taxonomy":"category","embeddable":true,"href":"https:\/\/www.europesays.com\/fr\/wp-json\/wp\/v2\/categories?post=562061"},{"taxonomy":"post_tag","embeddable":true,"href":"https:\/\/www.europesays.com\/fr\/wp-json\/wp\/v2\/tags?post=562061"}],"curies":[{"name":"wp","href":"https:\/\/api.w.org\/{rel}","templated":true}]}}