{"id":562067,"date":"2025-11-27T10:32:14","date_gmt":"2025-11-27T10:32:14","guid":{"rendered":"https:\/\/www.europesays.com\/fr\/562067\/"},"modified":"2025-11-27T10:32:14","modified_gmt":"2025-11-27T10:32:14","slug":"a-lassemblee-la-france-insoumise-fait-adopter-sa-resolution-contre-le-mercosur-liberation","status":"publish","type":"post","link":"https:\/\/www.europesays.com\/fr\/562067\/","title":{"rendered":"A l\u2019Assembl\u00e9e, La France insoumise fait adopter sa r\u00e9solution contre le Mercosur \u2013 Lib\u00e9ration"},"content":{"rendered":"<p class=\"sc-cPiKLX AiZTS text-element\">Premi\u00e8re victoire pour La France insoumise. <a href=\"https:\/\/www.liberation.fr\/politique\/mercosur-arcelormittal-ces-textes-que-la-france-insoumise-veut-porter-pendant-sa-niche-parlementaire-20251127_UACFJNH2WRCVVDFZDJSXLWSBJM\/\" target=\"_blank\" rel=\"noreferrer noopener\" title=\"https:\/\/www.liberation.fr\/politique\/mercosur-arcelormittal-ces-textes-que-la-france-insoumise-veut-porter-pendant-sa-niche-parlementaire-20251127_UACFJNH2WRCVVDFZDJSXLWSBJM\/\">Dans le cadre de leur niche parlementaire<\/a>, les d\u00e9put\u00e9s sont parvenus \u00e0 faire adopter, ce jeudi 27 novembre dans l\u2019h\u00e9micycle, leur proposition de r\u00e9solution contre le Mercosur. Le trait\u00e9 de libre-\u00e9change, en cours de n\u00e9gociation entre l\u2019Union europ\u00e9enne et quatre pays d\u2019Am\u00e9rique du Sud, a effectivement rassembl\u00e9 une forte majorit\u00e9 contre lui. Avant le scrutin, les repr\u00e9sentants des groupes avaient d\u2019ailleurs, pour une grande partie d\u2019entre eux, d\u00e9nonc\u00e9 cet accord commercial et annonc\u00e9 leur vote favorable au texte insoumis. Il a \u00e9t\u00e9 adopt\u00e9 par 244 voix contre 1. Les macronistes se sont abstenus, tandis que le seul votre d\u00e9favorable n\u2019est autre qu\u2019une simple erreur de bouton de Dieynaba Diop \u2013 la socialiste a ensuite pr\u00e9cis\u00e9 qu\u2019elle avait voulu voter pour.<\/p>\n<p class=\"sc-cPiKLX AiZTS text-element\">Ce texte, non contraignant mais \u00e0 port\u00e9e symbolique, est cens\u00e9 d\u00e9noncer \u00ables ravages du n\u00e9olib\u00e9ralisme dans l\u2019agriculture et l\u2019industrie\u00bb, avait affirm\u00e9 la pr\u00e9sidente du groupe LFI, Mathilde Panot. Mais si la pr\u00e9sentation qu\u2019en avait faite l\u2019insoumise \u00e9tait muscl\u00e9e, les troupes m\u00e9l<\/p>\n","protected":false},"excerpt":{"rendered":"Premi\u00e8re victoire pour La France insoumise. Dans le cadre de leur niche parlementaire, les d\u00e9put\u00e9s sont parvenus \u00e0&hellip;\n","protected":false},"author":2,"featured_media":562068,"comment_status":"","ping_status":"","sticky":false,"template":"","format":"standard","meta":{"footnotes":""},"categories":[4],"tags":[11,416,1011,27,780,21426,12,25,364],"class_list":{"0":"post-562067","1":"post","2":"type-post","3":"status-publish","4":"format-standard","5":"has-post-thumbnail","7":"category-france","8":"tag-actualites","9":"tag-assemblee-nationale","10":"tag-fr","11":"tag-france","12":"tag-lfi","13":"tag-mercosur","14":"tag-news","15":"tag-republique-francaise","16":"tag-union-europeenne"},"share_on_mastodon":{"url":"https:\/\/pubeurope.com\/@fr\/115621209451929363","error":""},"_links":{"self":[{"href":"https:\/\/www.europesays.com\/fr\/wp-json\/wp\/v2\/posts\/562067","targetHints":{"allow":["GET"]}}],"collection":[{"href":"https:\/\/www.europesays.com\/fr\/wp-json\/wp\/v2\/posts"}],"about":[{"href":"https:\/\/www.europesays.com\/fr\/wp-json\/wp\/v2\/types\/post"}],"author":[{"embeddable":true,"href":"https:\/\/www.europesays.com\/fr\/wp-json\/wp\/v2\/users\/2"}],"replies":[{"embeddable":true,"href":"https:\/\/www.europesays.com\/fr\/wp-json\/wp\/v2\/comments?post=562067"}],"version-history":[{"count":0,"href":"https:\/\/www.europesays.com\/fr\/wp-json\/wp\/v2\/posts\/562067\/revisions"}],"wp:featuredmedia":[{"embeddable":true,"href":"https:\/\/www.europesays.com\/fr\/wp-json\/wp\/v2\/media\/562068"}],"wp:attachment":[{"href":"https:\/\/www.europesays.com\/fr\/wp-json\/wp\/v2\/media?parent=562067"}],"wp:term":[{"taxonomy":"category","embeddable":true,"href":"https:\/\/www.europesays.com\/fr\/wp-json\/wp\/v2\/categories?post=562067"},{"taxonomy":"post_tag","embeddable":true,"href":"https:\/\/www.europesays.com\/fr\/wp-json\/wp\/v2\/tags?post=562067"}],"curies":[{"name":"wp","href":"https:\/\/api.w.org\/{rel}","templated":true}]}}