{"id":562073,"date":"2025-11-27T10:41:16","date_gmt":"2025-11-27T10:41:16","guid":{"rendered":"https:\/\/www.europesays.com\/fr\/562073\/"},"modified":"2025-11-27T10:41:16","modified_gmt":"2025-11-27T10:41:16","slug":"geraint-thomas-nomme-directeur-course-dineos","status":"publish","type":"post","link":"https:\/\/www.europesays.com\/fr\/562073\/","title":{"rendered":"Geraint Thomas nomm\u00e9 \u00ab\u00a0directeur course\u00a0\u00bb d&rsquo;Ineos"},"content":{"rendered":"\n<p class=\"Paragraph__content\" data-v-e14a34bc=\"\">Il a raccroch\u00e9 son v\u00e9lo en septembre au soir du Tour de Grande-Bretagne, <a href=\"https:\/\/www.lequipe.fr\/Cyclisme-sur-route\/Actualites\/Geraint-thomas-celebre-par-le-peloton-sur-le-tour-de-grande-bretagne-pour-son-dernier-jour-de-course-chez-les-pros\/1591252\" notaddlevel=\"true\" target=\"_blank\" rel=\"noopener\">apr\u00e8s une derni\u00e8re \u00e9tape chez lui, \u00e0 Cardiff<\/a>, mais Geraint Thomas nous confiait cette semaine qu&rsquo;\u00ab\u00a0au bout de deux jours \u00e0 la maison, (il) s&rsquo;ennuyait d\u00e9j\u00e0\u00a0\u00bb. Cela tombe bien, l&rsquo;id\u00e9e d&rsquo;occuper un nouveau r\u00f4le chez Ineos \u00e9tait dans les tuyaux et la formation britannique a officialis\u00e9 ce jeudi sa position de \u00ab\u00a0directeur course\u00a0\u00bb (director of racing selon la terminologie anglaise). Un statut qui doit permettre au Gallois de graviter autour de Dave Brailsford, qui reprend les manettes de la structure apr\u00e8s ses missions pour la maison m\u00e8re Ineos dans le football, \u00e0 Nice et Manchester United, de John Allert, le manager g\u00e9n\u00e9ral, et Scott Drawer, le directeur de la performance.<\/p>\n<p class=\"Paragraph__content\" data-v-e14a34bc=\"\">\u00ab\u00a0Avec Dave qui revient, \u00e9videmment on est super motiv\u00e9s, s&rsquo;enthousiasme Thomas. L&rsquo;\u00e9quipe a de grands objectifs et de les aider \u00e0 revenir au sommet, c&rsquo;est \u00e7a qui m&rsquo;excite. Je pourrais ne rien faire maintenant, aller \u00e0 Antibes (il vit \u00e0 Monaco), profiter de la plage, de la vie, emmener Macs (son fils) \u00e0 l&rsquo;\u00e9cole, mais j&rsquo;ai besoin d&rsquo;\u00eatre challeng\u00e9, d&rsquo;avoir cette excitation, de me lever le matin en me disant \u00ab\u00a0putain, c&rsquo;est dur, on doit continuer \u00e0 pousser, faire des efforts\u00a0\u00bb. C&rsquo;est ce que j&rsquo;ai toujours \u00e9t\u00e9, depuis les juniors, \u00e0 vouloir gagner les Mondiaux, toutes ces courses.\u00a0\u00bb<\/p>\n<p class=\"Quote__content\" data-v-534d67d4=\"\">\u00ab\u00a0Je suis trop vieux, mais aider les gars (&#8230;), prendre part \u00e0 ce voyage avec eux, \u00e7a m&rsquo;excite \u00bb<\/p>\n<p class=\"Paragraph__content\" data-v-e14a34bc=\"\">Concr\u00e8tement, le vainqueur du Tour de France 2018 estime que ses nouvelles fonctions consisteront au d\u00e9part \u00ab\u00a0\u00e0 apprendre de Dave\u00a0\u00bb et \u00e0 \u00ab\u00a0assimiler tout un tas de choses\u00a0\u00bb qui n&rsquo;appartenaient pas \u00e0 son monde de coureur cycliste, des domaines p\u00e9riph\u00e9riques comme les n\u00e9gociations commerciales par exemple. Il estime qu&rsquo;il gardera un oeil sur les calendriers des coureurs, sur le recrutement, en collaboration avec les directeurs sportifs et les entra\u00eeneurs, pour \u00ab\u00a0apporter un angle diff\u00e9rent, d&rsquo;autres perspectives de temps \u00e0 autre\u00a0\u00bb.<\/p>\n<p class=\"Paragraph__content\" data-v-e14a34bc=\"\">Mais le coeur de son r\u00f4le concernera les coureurs. \u00ab\u00a0Je voulais rester dans le sport et impliqu\u00e9 dans la haute performance, c&rsquo;est la cl\u00e9 pour moi, d\u00e9taille-t-il. Parce que je ne peux plus le faire maintenant, je suis trop vieux (39\u00a0ans), mais aider les gars, comme Pippo (Ganna), pour San Remo ou les classiques peut-\u00eatre, juste prendre part \u00e0 \u00e7a, \u00e0 ce voyage avec eux, \u00e7a m&rsquo;excite. J&rsquo;ai beaucoup d&rsquo;exp\u00e9rience, de connaissance des courses, de viser un grand objectif, comment tu d\u00e9coupes \u00e7a en phases, l&rsquo;\u00e9tat d&rsquo;esprit, donc mon r\u00f4le sera de travailler avec les coureurs, de partager tout \u00e7a, parce qu&rsquo;apr\u00e8s pr\u00e8s de vingt ans de comp\u00e9tition (il a pass\u00e9 dix-neuf saisons chez les pros), la plupart des choses qu&rsquo;ils vont traverser, je les ai connues \u00e0 un certain moment, ou alors j&rsquo;ai vu quelqu&rsquo;un qui \u00e9tait au m\u00eame point.\u00a0\u00bb<\/p>\n<p>                        Vauquelin, \u00ab\u00a0un immense talent\u00a0\u00bb \u00e0 d\u00e9velopper <\/p>\n<p class=\"Paragraph__content\" data-v-e14a34bc=\"\">Geraint Thomas prolonge ainsi une aventure avec l&rsquo;\u00e9quipe fond\u00e9e par Dave Brailsford qui dure depuis sa cr\u00e9ation, en 2010, sous le nom de Sky \u00e0 l&rsquo;\u00e9poque. Le Gallois aura un petit troupeau fran\u00e7ais \u00e0 chouchouter, puisque Axel Laurance est rejoint cet hiver par deux compatriotes, Dorian Godon et K\u00e9vin Vauquelin. Le Normand sera un cas d&rsquo;\u00e9tude int\u00e9ressant pour le nouveau manager, puisqu&rsquo;il partage avec lui des aptitudes contre la montre et pour les classements g\u00e9n\u00e9raux.<\/p>\n<p class=\"Paragraph__content\" data-v-e14a34bc=\"\">\u00ab\u00a0Je ne le connais pas encore trop bien, mais c&rsquo;est super excitant de l&rsquo;avoir avec nous, c&rsquo;est un immense talent, appr\u00e9cie Thomas. J&rsquo;ai vraiment envie de l&rsquo;aider \u00e0 optimiser son potentiel, m\u00eame si quand tu es un bon coureur fran\u00e7ais, il y a toujours des attentes, de la pression, donc j&rsquo;ai aussi envie de l&rsquo;aider \u00e0 g\u00e9rer \u00e7a. Il a eu une blessure \u00e0 la fin de la saison derni\u00e8re (fracture d&rsquo;une fibula dans un accident domestique), donc ce serait mauvais d&rsquo;assumer qu&rsquo;il va juste reprendre au niveau o\u00f9 il \u00e9tait dans le Tour de France. Il faut passer un peu de temps avec lui, arriver dans une nouvelle \u00e9quipe c&rsquo;est aussi un grand changement, d&rsquo;Ark\u00e9a \u00e0 ici, dans une \u00e9quipe britannique avec une autre culture, une autre taille, c&rsquo;est un d\u00e9fi.\u00a0\u00bb Les deux hommes pourront commencer \u00e0 b\u00e2tir ensemble \u00e0 partir de la semaine prochaine, o\u00f9 les Ineos se retrouvent pour un premier stage, \u00e0 Denia, en Espagne. Et o\u00f9 Geraint Thomas entamera sa nouvelle vie.<\/p>\n","protected":false},"excerpt":{"rendered":"Il a raccroch\u00e9 son v\u00e9lo en septembre au soir du Tour de Grande-Bretagne, apr\u00e8s une derni\u00e8re \u00e9tape chez&hellip;\n","protected":false},"author":2,"featured_media":562074,"comment_status":"","ping_status":"","sticky":false,"template":"","format":"standard","meta":{"footnotes":""},"categories":[1411],"tags":[1154,207,1011,27,60],"class_list":{"0":"post-562073","1":"post","2":"type-post","3":"status-publish","4":"format-standard","5":"has-post-thumbnail","7":"category-cyclisme","8":"tag-cycling","9":"tag-cyclisme","10":"tag-fr","11":"tag-france","12":"tag-sports"},"share_on_mastodon":{"url":"https:\/\/pubeurope.com\/@fr\/115621244915783273","error":""},"_links":{"self":[{"href":"https:\/\/www.europesays.com\/fr\/wp-json\/wp\/v2\/posts\/562073","targetHints":{"allow":["GET"]}}],"collection":[{"href":"https:\/\/www.europesays.com\/fr\/wp-json\/wp\/v2\/posts"}],"about":[{"href":"https:\/\/www.europesays.com\/fr\/wp-json\/wp\/v2\/types\/post"}],"author":[{"embeddable":true,"href":"https:\/\/www.europesays.com\/fr\/wp-json\/wp\/v2\/users\/2"}],"replies":[{"embeddable":true,"href":"https:\/\/www.europesays.com\/fr\/wp-json\/wp\/v2\/comments?post=562073"}],"version-history":[{"count":0,"href":"https:\/\/www.europesays.com\/fr\/wp-json\/wp\/v2\/posts\/562073\/revisions"}],"wp:featuredmedia":[{"embeddable":true,"href":"https:\/\/www.europesays.com\/fr\/wp-json\/wp\/v2\/media\/562074"}],"wp:attachment":[{"href":"https:\/\/www.europesays.com\/fr\/wp-json\/wp\/v2\/media?parent=562073"}],"wp:term":[{"taxonomy":"category","embeddable":true,"href":"https:\/\/www.europesays.com\/fr\/wp-json\/wp\/v2\/categories?post=562073"},{"taxonomy":"post_tag","embeddable":true,"href":"https:\/\/www.europesays.com\/fr\/wp-json\/wp\/v2\/tags?post=562073"}],"curies":[{"name":"wp","href":"https:\/\/api.w.org\/{rel}","templated":true}]}}