{"id":562075,"date":"2025-11-27T10:42:11","date_gmt":"2025-11-27T10:42:11","guid":{"rendered":"https:\/\/www.europesays.com\/fr\/562075\/"},"modified":"2025-11-27T10:42:11","modified_gmt":"2025-11-27T10:42:11","slug":"psg-tottenham-la-raison-de-la-sortie-prematuree-de-nuno-mendes-est-connue","status":"publish","type":"post","link":"https:\/\/www.europesays.com\/fr\/562075\/","title":{"rendered":"PSG &#8211; Tottenham : la raison de la sortie pr\u00e9matur\u00e9e de Nuno Mendes est connue"},"content":{"rendered":"<p>Lorsque Nuno Mendes a c\u00e9d\u00e9 sa place \u00e0 la pause, les cam\u00e9ras l\u2019ont montr\u00e9 assis sur le banc, prot\u00e9g\u00e9 par une grosse doudoune. Pas de boitement. Pas de mine inqui\u00e8te. Rien qui laisse deviner un coup re\u00e7u ou une g\u00eane visible. Pourtant, la d\u00e9cision a surpris tout le monde, car le lat\u00e9ral venait de disputer une premi\u00e8re p\u00e9riode solide, fid\u00e8le \u00e0 son profil offensif et \u00e9nergique.<\/p>\n<p>Selon les informations rapport\u00e9es par <a href=\"https:\/\/www.leparisien.fr\/sports\/football\/ligue-des-champions\/psg-tottenham-pourquoi-nuno-mendes-a-t-il-ete-remplace-a-la-mi-temps-26-11-2025-IIGYFEHRXRFKBDJ64CGCIHIQSM.php\" target=\"_self\" rel=\"noopener\">Le Parisien<\/a>, il ne s\u2019agit que d\u2019une pr\u00e9caution. Le staff parisien, tr\u00e8s attentif \u00e0 <a href=\"https:\/\/www.goal.com\/fr\/listes\/une-defaite-deux-blessures-la-soiree-noire-du-psg-face-au-bayern-1-2\/blt07ab05217952cae1\" target=\"_self\" rel=\"noopener\">son \u00e9tat depuis son entorse survenue face au Bayern Munich (d\u00e9faite 1-2)<\/a> d\u00e9but novembre, a choisi d\u2019\u00e9viter tout risque. La zone touch\u00e9e r\u00e9cemment n\u2019avait pas manifest\u00e9 de signe alarmant, mais Luis Enrique n\u2019a pas voulu tenter le diable. Le joueur revient d\u2019une blessure d\u00e9licate, et l\u2019encha\u00eenement des matchs peut parfois provoquer de petites alertes difficilement perceptibles.<\/p>\n","protected":false},"excerpt":{"rendered":"Lorsque Nuno Mendes a c\u00e9d\u00e9 sa place \u00e0 la pause, les cam\u00e9ras l\u2019ont montr\u00e9 assis sur le banc,&hellip;\n","protected":false},"author":2,"featured_media":562076,"comment_status":"","ping_status":"","sticky":false,"template":"","format":"standard","meta":{"footnotes":""},"categories":[1410],"tags":[448,63,1011,27,59542,447,17477,921,14974,91,60,18015],"class_list":{"0":"post-562075","1":"post","2":"type-post","3":"status-publish","4":"format-standard","5":"has-post-thumbnail","7":"category-football","8":"tag-champions-league","9":"tag-football","10":"tag-fr","11":"tag-france","12":"tag-l-hernandez","13":"tag-ligue-des-champions","14":"tag-lucas-hernandez","15":"tag-luis-enrique","16":"tag-n-mendes","17":"tag-paris-saint-germain","18":"tag-sports","19":"tag-tottenham"},"share_on_mastodon":{"url":"https:\/\/pubeurope.com\/@fr\/115621248633755622","error":""},"_links":{"self":[{"href":"https:\/\/www.europesays.com\/fr\/wp-json\/wp\/v2\/posts\/562075","targetHints":{"allow":["GET"]}}],"collection":[{"href":"https:\/\/www.europesays.com\/fr\/wp-json\/wp\/v2\/posts"}],"about":[{"href":"https:\/\/www.europesays.com\/fr\/wp-json\/wp\/v2\/types\/post"}],"author":[{"embeddable":true,"href":"https:\/\/www.europesays.com\/fr\/wp-json\/wp\/v2\/users\/2"}],"replies":[{"embeddable":true,"href":"https:\/\/www.europesays.com\/fr\/wp-json\/wp\/v2\/comments?post=562075"}],"version-history":[{"count":0,"href":"https:\/\/www.europesays.com\/fr\/wp-json\/wp\/v2\/posts\/562075\/revisions"}],"wp:featuredmedia":[{"embeddable":true,"href":"https:\/\/www.europesays.com\/fr\/wp-json\/wp\/v2\/media\/562076"}],"wp:attachment":[{"href":"https:\/\/www.europesays.com\/fr\/wp-json\/wp\/v2\/media?parent=562075"}],"wp:term":[{"taxonomy":"category","embeddable":true,"href":"https:\/\/www.europesays.com\/fr\/wp-json\/wp\/v2\/categories?post=562075"},{"taxonomy":"post_tag","embeddable":true,"href":"https:\/\/www.europesays.com\/fr\/wp-json\/wp\/v2\/tags?post=562075"}],"curies":[{"name":"wp","href":"https:\/\/api.w.org\/{rel}","templated":true}]}}