{"id":562079,"date":"2025-11-27T10:44:39","date_gmt":"2025-11-27T10:44:39","guid":{"rendered":"https:\/\/www.europesays.com\/fr\/562079\/"},"modified":"2025-11-27T10:44:39","modified_gmt":"2025-11-27T10:44:39","slug":"le-loup-le-renard-et-la-belette-tout-le-bestiaire-de-marie-jo-monnet-a-la-galerie-medicis-a-besancon-macommune-info","status":"publish","type":"post","link":"https:\/\/www.europesays.com\/fr\/562079\/","title":{"rendered":"Le loup, le renard et la belette\u2026 Tout le bestiaire de Marie-Jo Monnet \u00e0 la galerie M\u00e9dicis \u00e0 Besan\u00e7on \u2022 macommune.info"},"content":{"rendered":"<p>    Le loup, le renard et la belette\u2026 Tout le bestiaire de Marie-Jo Monnet \u00e0 la galerie M\u00e9dicis \u00e0 Besan\u00e7on \u2022 macommune.info<\/p>\n<p>    <a class=\"cd-back\" href=\"https:\/\/www.macommune.info\/le-loup-le-renard-et-la-belette-tout-le-bestiaire-de-marie-jo-monnet-a-la-galerie-medicis-a-besancon\/javascript:history.back();\" target=\"_blank\" rel=\"noopener\">\u00a0<\/a><\/p>\n","protected":false},"excerpt":{"rendered":"Le loup, le renard et la belette\u2026 Tout le bestiaire de Marie-Jo Monnet \u00e0 la galerie M\u00e9dicis \u00e0&hellip;\n","protected":false},"author":2,"featured_media":562080,"comment_status":"","ping_status":"","sticky":false,"template":"","format":"standard","meta":{"footnotes":""},"categories":[1358],"tags":[1348,1384,1385,1386,58,59,1011,27],"class_list":{"0":"post-562079","1":"post","2":"type-post","3":"status-publish","4":"format-standard","5":"has-post-thumbnail","7":"category-arts-et-design","8":"tag-arts","9":"tag-arts-and-design","10":"tag-arts-et-design","11":"tag-design","12":"tag-divertissement","13":"tag-entertainment","14":"tag-fr","15":"tag-france"},"share_on_mastodon":{"url":"https:\/\/pubeurope.com\/@fr\/115621256477135965","error":""},"_links":{"self":[{"href":"https:\/\/www.europesays.com\/fr\/wp-json\/wp\/v2\/posts\/562079","targetHints":{"allow":["GET"]}}],"collection":[{"href":"https:\/\/www.europesays.com\/fr\/wp-json\/wp\/v2\/posts"}],"about":[{"href":"https:\/\/www.europesays.com\/fr\/wp-json\/wp\/v2\/types\/post"}],"author":[{"embeddable":true,"href":"https:\/\/www.europesays.com\/fr\/wp-json\/wp\/v2\/users\/2"}],"replies":[{"embeddable":true,"href":"https:\/\/www.europesays.com\/fr\/wp-json\/wp\/v2\/comments?post=562079"}],"version-history":[{"count":0,"href":"https:\/\/www.europesays.com\/fr\/wp-json\/wp\/v2\/posts\/562079\/revisions"}],"wp:featuredmedia":[{"embeddable":true,"href":"https:\/\/www.europesays.com\/fr\/wp-json\/wp\/v2\/media\/562080"}],"wp:attachment":[{"href":"https:\/\/www.europesays.com\/fr\/wp-json\/wp\/v2\/media?parent=562079"}],"wp:term":[{"taxonomy":"category","embeddable":true,"href":"https:\/\/www.europesays.com\/fr\/wp-json\/wp\/v2\/categories?post=562079"},{"taxonomy":"post_tag","embeddable":true,"href":"https:\/\/www.europesays.com\/fr\/wp-json\/wp\/v2\/tags?post=562079"}],"curies":[{"name":"wp","href":"https:\/\/api.w.org\/{rel}","templated":true}]}}