{"id":562085,"date":"2025-11-27T10:48:39","date_gmt":"2025-11-27T10:48:39","guid":{"rendered":"https:\/\/www.europesays.com\/fr\/562085\/"},"modified":"2025-11-27T10:48:39","modified_gmt":"2025-11-27T10:48:39","slug":"lamour-et-les-forets-ce-percutant-film-avec-virginie-efira-et-melvil-poupaud-est-a-voir-absolument-ce-soir-a-la-tele-programme-tv-net","status":"publish","type":"post","link":"https:\/\/www.europesays.com\/fr\/562085\/","title":{"rendered":"L&#039;Amour et les For\u00eats : Ce percutant film avec Virginie Efira et Melvil Poupaud est \u00e0 voir absolument ce soir \u00e0 la t\u00e9l\u00e9 &#8211; programme-tv.net"},"content":{"rendered":"<ol>\n<li><a href=\"https:\/\/news.google.com\/rss\/articles\/CBMi-gFBVV95cUxOUFVTQzdxYVc0ZU1RRFV2RXFQNGZ4MXFHZi1tbXU2anFhV01DNmtDRXE3eDZoUjNvaldpTUxpOUc4dXlBT1QyTTJUSGZmMnJIRmVnTFBGZGdIZ2ptVmFiTW4zVmZZVFRkRkZNRmRXVjd6SHNYalFJTWhSbVpmRmwxbk9PWlptUzFxQTFUNjFVeGdZOVdHM0JxdnRDR1VJRjFvZnRKbS1hNWtiTlBuNzJmdDhTWW1iQ3huVFFRWU1CLUpQTUFQZldkbEo3aFJrOHdFdkl3OWhzc1BQTUhfVGpHb0czRzhMajZmMVpLX1llR3hkQTMzOUxhOWh3?oc=5\" target=\"_blank\" rel=\"noopener\">L&rsquo;Amour et les For\u00eats : Ce percutant film avec Virginie Efira et Melvil Poupaud est \u00e0 voir absolument ce soir \u00e0 la t\u00e9l\u00e9<\/a>&nbsp;&nbsp;programme-tv.net<\/li>\n<li><a href=\"https:\/\/news.google.com\/rss\/articles\/CBMigwFBVV95cUxPZk5lX0poYjFsRmRVSWJMNHdLUUNtc2VfcXJubVVNNTZELUZSdGhrVy1mVzV2SkpPbXRmTWxuWmZPM2pqNmF3WWpyVXFfeS03cTBMOVpkVnZPNXhxNk1laUxxd3J2a0hLbU0wZG5xQ2h0RjlfOVVfQ2ZVREVnQ2hSaEFEZw?oc=5\" target=\"_blank\" rel=\"noopener\">L&rsquo;amour et les for\u00eats en streaming<\/a>&nbsp;&nbsp;France TV<\/li>\n<li><a href=\"https:\/\/news.google.com\/rss\/articles\/CBMi9gFBVV95cUxOcVZidF9jck9rSkdfdWlRUkRpemFwN3FPcDB6cnBjaG95QWUtNHNGOTZhYmxObmRJeG52dDlBZ2ZrbTczRjg5ZWhFY3NQNzlRS2xRSENRemp2cWZrS2FOM19WdWF6cnk1QTBVX1JmWkZ0cXhGU2dzNmpCVEdfNlgzcW01dVVVdnZhUkwtZjZ0X3VMdmFCNTh1UTVYeXRtN0xsUGNvTVhidkk0ZlJScGJmS3RNN1RxVGJQQ0NWR1haUlhzNkFGbXgzOFVaSUd5V2JDTGtZWjE2bGh0ajVDYXhfNVEtYldRdGVSRHpMeFZnU0ZjWkFOT1E?oc=5\" target=\"_blank\" rel=\"noopener\">Audiences TV : France 2 petit leader, \u00ab Secrets d\u2019histoire \u00bb au plus bas depuis 2014<\/a>&nbsp;&nbsp;Le Parisien<\/li>\n<li><a href=\"https:\/\/news.google.com\/rss\/articles\/CBMi-AFBVV95cUxOalV0bXNmRTBHNDBCVUlsWWgyLWNweU1sTXNzd2pmUEsyWXJOMWZ5c2MyNDJuM0NyUWF0b1h1Mzl2M3pBNDBQbk1PWUM2eEZsaUNXOV9PZlpQZUtMQ1JIa0gwWGRsdnJ2QXJtQ1VmZjNOV2Q3UzhrMmhKai0zbjFFMjczM2lTbmtZWV9TejVRTGswdEh1N1VtZWVjem8tWlUwR0hfejJieW82VEpjWVVlWTZTVTdlSjhWUjAzbnVuQUpRNzVFMkpCdU1waG5Bb3N3VXdnZDRfX1Q0YkNVRHRJVHd1UjdnM2ZtM2std1czb2ItQV9mYUV5eA?oc=5\" target=\"_blank\" rel=\"noopener\">Audiences : Virginie Efira et Melvil Poupaud petits leaders sur France 2, le PSG en Ligue des champions fait monter Canal+ sur le podium<\/a>&nbsp;&nbsp;puremedias<\/li>\n<li><a href=\"https:\/\/news.google.com\/rss\/articles\/CBMi2gFBVV95cUxQb3JJcWEwTUVrdV9kcDBPb2UxWm91TkpmSFNweFpsQlJnbURxWjdaOFlCQjd0d3pER3plNGVSWEl0U3h0VG82UVFZckx0RlZVdXBvdlpMa29MQXMxTHlpa2wySjYxSzZWNFFTS3hJUWd5R1RneVdub2RncDJJVld3Rmt5eFNwX3FSWGNsN3ZoTjV0b0FVZnc1bzhrbTR3OGNGcUJuN25pMTBSVVlBUlItTWxyYkowRGhSOW1BeEMwd3Q0N0JmSG5Fb1VSZ3IwUlU2aWY2OUd2V1Bhdw?oc=5\" target=\"_blank\" rel=\"noopener\">Marans : un cin\u00e9-d\u00e9bat pour briser le silence autour des violences conjugales<\/a>&nbsp;&nbsp;Sud Ouest<\/li>\n<\/ol>\n","protected":false},"excerpt":{"rendered":"L&rsquo;Amour et les For\u00eats : Ce percutant film avec Virginie Efira et Melvil Poupaud est \u00e0 voir absolument&hellip;\n","protected":false},"author":2,"featured_media":395849,"comment_status":"","ping_status":"","sticky":false,"template":"","format":"standard","meta":{"footnotes":""},"categories":[1354],"tags":[58,59,1346,1011,27,1360],"class_list":{"0":"post-562085","1":"post","2":"type-post","3":"status-publish","4":"format-standard","5":"has-post-thumbnail","7":"category-films","8":"tag-divertissement","9":"tag-entertainment","10":"tag-films","11":"tag-fr","12":"tag-france","13":"tag-movies"},"share_on_mastodon":{"url":"https:\/\/pubeurope.com\/@fr\/115621272230709685","error":""},"_links":{"self":[{"href":"https:\/\/www.europesays.com\/fr\/wp-json\/wp\/v2\/posts\/562085","targetHints":{"allow":["GET"]}}],"collection":[{"href":"https:\/\/www.europesays.com\/fr\/wp-json\/wp\/v2\/posts"}],"about":[{"href":"https:\/\/www.europesays.com\/fr\/wp-json\/wp\/v2\/types\/post"}],"author":[{"embeddable":true,"href":"https:\/\/www.europesays.com\/fr\/wp-json\/wp\/v2\/users\/2"}],"replies":[{"embeddable":true,"href":"https:\/\/www.europesays.com\/fr\/wp-json\/wp\/v2\/comments?post=562085"}],"version-history":[{"count":0,"href":"https:\/\/www.europesays.com\/fr\/wp-json\/wp\/v2\/posts\/562085\/revisions"}],"wp:featuredmedia":[{"embeddable":true,"href":"https:\/\/www.europesays.com\/fr\/wp-json\/wp\/v2\/media\/395849"}],"wp:attachment":[{"href":"https:\/\/www.europesays.com\/fr\/wp-json\/wp\/v2\/media?parent=562085"}],"wp:term":[{"taxonomy":"category","embeddable":true,"href":"https:\/\/www.europesays.com\/fr\/wp-json\/wp\/v2\/categories?post=562085"},{"taxonomy":"post_tag","embeddable":true,"href":"https:\/\/www.europesays.com\/fr\/wp-json\/wp\/v2\/tags?post=562085"}],"curies":[{"name":"wp","href":"https:\/\/api.w.org\/{rel}","templated":true}]}}