{"id":562086,"date":"2025-11-27T10:49:10","date_gmt":"2025-11-27T10:49:10","guid":{"rendered":"https:\/\/www.europesays.com\/fr\/562086\/"},"modified":"2025-11-27T10:49:10","modified_gmt":"2025-11-27T10:49:10","slug":"le-premier-vaccin-mondial-a-dose-unique-contre-la-dengue-approuve-au-bresil","status":"publish","type":"post","link":"https:\/\/www.europesays.com\/fr\/562086\/","title":{"rendered":"le premier vaccin mondial \u00e0 dose unique contre la dengue approuv\u00e9 au Br\u00e9sil"},"content":{"rendered":"<p>                             Par Le Figaro avec AFP<\/p>\n<p>                Le 27 novembre 2025 \u00e0 09h31<\/p>\n<p>    L\u2019Agence nationale de vigilance sanitaire du Br\u00e9sil (Anvisa) a autoris\u00e9 l\u2019utilisation du vaccin Butantan-DV, d\u00e9velopp\u00e9 par l\u2019Institut Butantan de Sao Paulo, pour des personnes \u00e2g\u00e9es de 12 \u00e0 59 ans. (Image d\u2019illustration)<br \/>\n                Raquel CUNHA \/ REUTERS<\/p>\n<p>\n    D\u00e9velopp\u00e9 par l\u2019Institut Butantan, le vaccin Butantan-DV sera administr\u00e9 aux 12-59 ans et pourrait acc\u00e9l\u00e9rer les campagnes de vaccination dans un contexte d\u2019explosion des cas li\u00e9s au r\u00e9chauffement climatique.<\/p>\n<p class=\"fig-paragraph\">Le premier\u00a0<a href=\"http:\/\/sante.lefigaro.fr\/medecine\/dengue-20-millions-d-euros-investis-par-l-europe-pour-de-nouveaux-traitements-20251104\" data-fig-type=\"NewsFlash\" data-gtm-custom-categorie=\"navigation\" data-gtm-custom-action=\"crossclick\" data-gtm-custom-label=\"Contextuel\" data-gtm-event=\"customEventSPE\" data-fig-domain=\"SANTE\" target=\"_blank\" rel=\"noopener\">vaccin mondial \u00e0 dose unique contre la dengue<\/a>\u00a0a \u00e9t\u00e9 approuv\u00e9 mercredi au\u00a0<a href=\"http:\/\/www.lefigaro.fr\/international\/bresil-l-ancien-president-jair-bolsonaro-a-ete-arrete-et-place-en-detention-20251122\" data-fig-type=\"NewsFlash\" data-gtm-custom-categorie=\"navigation\" data-gtm-custom-action=\"crossclick\" data-gtm-custom-label=\"Contextuel\" data-gtm-event=\"customEventSPE\" data-fig-domain=\"LEFIGARO\" target=\"_blank\" rel=\"noopener\">Br\u00e9sil<\/a>, une avanc\u00e9e qualifi\u00e9e d&rsquo;\u00abhistorique\u00bb par les autorit\u00e9s du pays sud-am\u00e9ricain, le plus touch\u00e9 par cette maladie l&rsquo;an dernier.<\/p>\n<p class=\"fig-paragraph\">L&rsquo;Agence nationale de vigilance sanitaire du Br\u00e9sil (Anvisa) a autoris\u00e9 l&rsquo;utilisation du vaccin Butantan-DV, d\u00e9velopp\u00e9 par l&rsquo;Institut Butantan de Sao Paulo, pour des personnes \u00e2g\u00e9es de 12 \u00e0 59 ans.<\/p>\n<p>                                    <a class=\"fig-a11y-skip a11y-hidden\" href=\"#fig-a11y-skip-main-inarticle\"><br \/>\n        Passer la publicit\u00e9<br \/>\n    <\/a><\/p>\n<p class=\"fig-paragraph\">Jusqu&rsquo;\u00e0 pr\u00e9sent, le seul vaccin disponible contre la dengue \u00e0 l&rsquo;\u00e9chelle mondiale est le TAK-003, pour lequel deux doses espac\u00e9es de trois mois sont n\u00e9cessaires, selon l&rsquo;Organisation mondiale de la sant\u00e9 (OMS). La dose unique peut permettre d&rsquo;acc\u00e9l\u00e9rer et de faciliter des campagnes de vaccination de masse.<\/p>\n<p>Le nouveau vaccin a \u00e9t\u00e9 test\u00e9 sur plus de 16.000 volontaires<\/p>\n<p class=\"fig-paragraph\">\u00abC&rsquo;est un succ\u00e8s historique pour la science et la sant\u00e9 au Br\u00e9sil\u00bb, a d\u00e9clar\u00e9 Esper Kallas, directeur de l&rsquo;Institut Butantan, un organisme public, lors d&rsquo;une conf\u00e9rence de presse \u00e0 Sao Paulo. \u00abUne maladie qui nous afflige depuis des d\u00e9cennies peut \u00e0 pr\u00e9sent \u00eatre combattue avec une arme tr\u00e8s puissante\u00bb, a-t-il ajout\u00e9. Le Br\u00e9sil a conclu un accord avec l&rsquo;entreprise chinoise WuXi pour la fourniture d&rsquo;environ 30 millions de doses au second semestre 2026, a expliqu\u00e9 le ministre de la Sant\u00e9, Alexandre Padilha.<\/p>\n<p class=\"fig-paragraph\">Le nouveau vaccin a \u00e9t\u00e9 test\u00e9 sur plus de 16.000 volontaires dans 14 \u00c9tats br\u00e9siliens sur une p\u00e9riode de huit ans, avec une efficacit\u00e9 de 91,6% contre la forme la plus grave de la maladie. Transmise aux humains par\u00a0<a href=\"http:\/\/www.lefigaro.fr\/nice\/moustique-tigre-un-foyer-de-chikungunya-detecte-dans-les-alpes-maritimes-38-cas-rien-qu-a-antibes-20250905\" data-fig-type=\"NewsFlash\" data-gtm-custom-categorie=\"navigation\" data-gtm-custom-action=\"crossclick\" data-gtm-custom-label=\"Contextuel\" data-gtm-event=\"customEventSPE\" data-fig-domain=\"LEFIGARO\" target=\"_blank\" rel=\"noopener\">le moustique tigre<\/a>, la dengue peut provoquer une forte fi\u00e8vre, des maux de t\u00eate, des douleurs musculaires, des naus\u00e9es et des \u00e9ruptions cutan\u00e9es. Dans de rares cas, elle peut \u00eatre mortelle.<\/p>\n<p class=\"fig-paragraph\">L&rsquo;an dernier, le Br\u00e9sil a enregistr\u00e9 plus de 6.000 morts de la dengue, pr\u00e8s de la moiti\u00e9 du total mondial de d\u00e9c\u00e8s rapport\u00e9s. Une \u00e9tude de l&rsquo;Universit\u00e9 de Stanford publi\u00e9e en 2024 a estim\u00e9 que le r\u00e9chauffement climatique est responsable de 19% des cas actuels de dengue. Le moustique tigre, autrefois circonscrit aux r\u00e9gions tropicales, est d\u00e9sormais bien pr\u00e9sent en Europe, o\u00f9 il trouve des conditions climatiques de plus en plus favorables.<\/p>\n","protected":false},"excerpt":{"rendered":"Par Le Figaro avec AFP Le 27 novembre 2025 \u00e0 09h31 L\u2019Agence nationale de vigilance sanitaire du Br\u00e9sil&hellip;\n","protected":false},"author":2,"featured_media":562087,"comment_status":"","ping_status":"","sticky":false,"template":"","format":"standard","meta":{"footnotes":""},"categories":[10],"tags":[8704,47,8699,2548,8707,8706,16380,4988,1011,27,8705,72,8700,5362,226,224,8701,225,8702,298,71,8703,801,227,773],"class_list":{"0":"post-562086","1":"post","2":"type-post","3":"status-publish","4":"format-standard","5":"has-post-thumbnail","7":"category-sante","8":"tag-actu-sante","9":"tag-actualite","10":"tag-actualite-sante","11":"tag-bresil","12":"tag-conseil-medical","13":"tag-conseils-medicaux","14":"tag-dengue","15":"tag-forme","16":"tag-fr","17":"tag-france","18":"tag-guide-des-medicaments","19":"tag-health","20":"tag-info-sante","21":"tag-magazine-sante","22":"tag-maladie","23":"tag-medecine","24":"tag-medical","25":"tag-medicament","26":"tag-nutrition-et-sante","27":"tag-psychologie","28":"tag-sante","29":"tag-sexualite","30":"tag-social","31":"tag-traitement","32":"tag-vaccin"},"share_on_mastodon":{"url":"https:\/\/pubeurope.com\/@fr\/115621276244378968","error":""},"_links":{"self":[{"href":"https:\/\/www.europesays.com\/fr\/wp-json\/wp\/v2\/posts\/562086","targetHints":{"allow":["GET"]}}],"collection":[{"href":"https:\/\/www.europesays.com\/fr\/wp-json\/wp\/v2\/posts"}],"about":[{"href":"https:\/\/www.europesays.com\/fr\/wp-json\/wp\/v2\/types\/post"}],"author":[{"embeddable":true,"href":"https:\/\/www.europesays.com\/fr\/wp-json\/wp\/v2\/users\/2"}],"replies":[{"embeddable":true,"href":"https:\/\/www.europesays.com\/fr\/wp-json\/wp\/v2\/comments?post=562086"}],"version-history":[{"count":0,"href":"https:\/\/www.europesays.com\/fr\/wp-json\/wp\/v2\/posts\/562086\/revisions"}],"wp:featuredmedia":[{"embeddable":true,"href":"https:\/\/www.europesays.com\/fr\/wp-json\/wp\/v2\/media\/562087"}],"wp:attachment":[{"href":"https:\/\/www.europesays.com\/fr\/wp-json\/wp\/v2\/media?parent=562086"}],"wp:term":[{"taxonomy":"category","embeddable":true,"href":"https:\/\/www.europesays.com\/fr\/wp-json\/wp\/v2\/categories?post=562086"},{"taxonomy":"post_tag","embeddable":true,"href":"https:\/\/www.europesays.com\/fr\/wp-json\/wp\/v2\/tags?post=562086"}],"curies":[{"name":"wp","href":"https:\/\/api.w.org\/{rel}","templated":true}]}}