{"id":562093,"date":"2025-11-27T10:53:17","date_gmt":"2025-11-27T10:53:17","guid":{"rendered":"https:\/\/www.europesays.com\/fr\/562093\/"},"modified":"2025-11-27T10:53:17","modified_gmt":"2025-11-27T10:53:17","slug":"comment-recuperer-344e-par-an-maintenant-sans-attendre-les-promesses-du-gouvernement","status":"publish","type":"post","link":"https:\/\/www.europesays.com\/fr\/562093\/","title":{"rendered":"comment r\u00e9cup\u00e9rer 344\u20ac par an maintenant, sans attendre les promesses du gouvernement"},"content":{"rendered":"<p>              <img decoding=\"async\" class=\"article-author__picture webp\" src=\"https:\/\/www.europesays.com\/fr\/wp-content\/uploads\/2025\/04\/matias-perea-85px.jpg.webp\" alt=\"Matias Perea\"\/><\/p>\n<p class=\"article-author__info--name\"> Par<br \/>\n                      <a href=\"https:\/\/selectra.info\/equipe\/matias\" target=\"_blank\" rel=\"noopener author\"> Matias Perea <\/a><\/p>\n<p class=\"article-author__info--description\"> Analyste \u00c9nergie <\/p>\n<p>        Publi\u00e9 le<\/p>\n<p>                                27\/11\/2025<\/p>\n<p>            min de lecture\n        <\/p>\n<p>Sauf indication contraire, tous les prix pr\u00e9sent\u00e9s sur cette page sont TTC.<\/p>\n<p>  <img decoding=\"async\" class=\"new-ads__card-logo\" src=\"https:\/\/www.europesays.com\/fr\/wp-content\/uploads\/2025\/04\/ampoule-animee.gif\" alt=\"logo\" loading=\"lazy\"\/><\/p>\n<p class=\"new-ads__card-title\">Trouvez un fournisseur moins cher !<\/p>\n<p class=\"new-ads__card-description\">Obtenez votre comparatif par t\u00e9l\u00e9phone avec Selectra<\/p>\n<p>        <img decoding=\"async\" class=\"new-ads__card-logo\" src=\"https:\/\/www.europesays.com\/fr\/wp-content\/uploads\/2025\/06\/primeo-xs.png\" alt=\"logo\" loading=\"lazy\"\/><\/p>\n<p class=\"new-ads__card-title\">L&rsquo;offre du moment \u00e0 -20 % (HT) par rapport au tarif r\u00e9glement\u00e9<\/p>\n<p class=\"new-ads__card-description\">Une offre \u00e0 prix fixe moins ch\u00e8re<\/p>\n<p class=\"intro\">Alors que les prix de l&rsquo;\u00e9lectricit\u00e9 sur les march\u00e9s de gros s&rsquo;effondrent pour retrouver des niveaux raisonnables, votre facture, elle, ne semble conna\u00eetre que le chemin de la hausse. Le gouvernement promet d&rsquo;agir sur les taxes, mais les effets se font attendre. Pourtant, il existe une br\u00e8che dans ce syst\u00e8me, une opportunit\u00e9 imm\u00e9diate que beaucoup ignorent encore : en quittant le tarif historique d&rsquo;EDF, vous pouvez r\u00e9duire votre facture de plusieurs centaines d&rsquo;euros d\u00e8s aujourd&rsquo;hui. Voici pourquoi la fid\u00e9lit\u00e9 ne paie plus.<\/p>\n<p>Le grand malentendu du tarif r\u00e9glement\u00e9<\/p>\n<p>Nous avons tous tendance \u00e0 voir le <a href=\"https:\/\/selectra.info\/energie\/fournisseurs\/edf\/tarifs-reglementes\" target=\"_blank\" rel=\"noopener\">Tarif Bleu d&rsquo;EDF<\/a> (le tarif r\u00e9glement\u00e9 de vente ou TRV) comme un refuge, une valeur s\u00fbre qui nous prot\u00e8ge des temp\u00eates boursi\u00e8res. C&rsquo;\u00e9tait vrai au plus fort de la crise. <strong>Aujourd&rsquo;hui, la m\u00e9canique s&rsquo;est invers\u00e9e<\/strong>.<\/p>\n<p>Le probl\u00e8me r\u00e9side dans la m\u00e9thode de calcul de ce tarif qui se base en partie sur les prix du march\u00e9 observ\u00e9s <strong>sur ces deux derni\u00e8res ann\u00e9es<\/strong>. En clair, le prix que vous payez aujourd&rsquo;hui ne refl\u00e8te pas encore le prix r\u00e9el de l&rsquo;\u00e9lectricit\u00e9 sur les march\u00e9 qui a chut\u00e9 autour de 50 \u20ac le m\u00e9gawattheure (MWh).<\/p>\n<p>C&rsquo;est comme si vous payiez votre essence au prix fort de l&rsquo;\u00e9t\u00e9 dernier alors que le baril de p\u00e9trole s&rsquo;est effondr\u00e9 entre-temps. Cette lourdeur administrative cr\u00e9e un d\u00e9calage qui, en ce moment pr\u00e9cis, joue en votre d\u00e9faveur.<\/p>\n<p>344 \u20ac d&rsquo;\u00e9cart : l&rsquo;\u00e9conomie qui change tout cet hiver<\/p>\n<p>Face \u00e0 cette rigidit\u00e9, les fournisseurs alternatifs ont les mains plus libres. Ils ach\u00e8tent leur \u00e9lectricit\u00e9 au prix actuel du march\u00e9 (qui est bas) et peuvent donc proposer des offres beaucoup plus r\u00e9actives. Le constat est sans appel : l&rsquo;\u00e9cart se creuse.<\/p>\n<p>Jusqu&rsquo;\u00e0 344 \u20ac \u00e0 r\u00e9cup\u00e9rer<\/p>\n<p>Actuellement, les meilleures offres de march\u00e9 proposent un prix de l&rsquo;\u00e9lectricit\u00e9 HT jusqu&rsquo;\u00e0 21 % moins cher que le tarif r\u00e9glement\u00e9. Par exemple, pour un m\u00e9nage vivant dans une maison de 100 m\u00b2 chauff\u00e9e \u00e0 l&rsquo;\u00e9lectricit\u00e9 (consommation moyenne de 10.800 kWh par an), <a href=\"https:\/\/selectra.info\/energie\/fournisseurs\/ekwateur\/tarifs\/electricite-verte-prix-fixe\" target=\"_blank\" rel=\"noopener\">l&rsquo;offre d&rsquo;Ekwateur<\/a> (fournisseur vert fran\u00e7ais) repr\u00e9sente <strong>une \u00e9conomie de pr\u00e8s de 344 \u20ac par an, le tout avec des prix HT bloqu\u00e9s pendant 1 an<\/strong>. C&rsquo;est une somme colossale, surtout quand on sait que le chauffage repr\u00e9sente deux tiers de la consommation \u00e9lectrique en hiver.<\/p>\n<p>Voici les offres qui permettent de r\u00e9aliser ces \u00e9conomies imm\u00e9diatement :<\/p>\n<p class=\"table__legend\">Tarifs \u20ac TTC.<br \/>\n            Simulations effectu\u00e9es pour une consommation domestique de 10800  kWh par an et une puissance de 9 kVA \u00e0 Lyon.<br \/>\n            En savoir plus sur notre <a href=\"https:\/\/selectra.info\/energie\/score\" target=\"_blank\" rel=\"noopener\">Selectra Score<\/a>.<br \/>\n            Seule l\u2019offre la plus comp\u00e9titive de chaque fournisseur d\u2019\u00e9nergie est mentionn\u00e9e.\n      \t  <\/p>\n<p>Pr\u00e9carit\u00e9 \u00e9nerg\u00e9tique : ne restez pas fig\u00e9<\/p>\n<p>Le M\u00e9diateur national de l&rsquo;\u00e9nergie <a href=\"https:\/\/selectra.info\/energie\/actualites\/marche\/precarite-energetique-un-francais-sur-trois-souffert-froid-barometre-mediateur\" target=\"_blank\" rel=\"noopener\">a r\u00e9cemment tir\u00e9 la sonnette d&rsquo;alarme<\/a> : 12 millions de personnes souffrent de pr\u00e9carit\u00e9 \u00e9nerg\u00e9tique en France. Les chiffres sont alarmants :<\/p>\n<ul class=\"list--cross\">\n<li><strong>74 % des Fran\u00e7ais<\/strong> d\u00e9clarent avoir restreint leur chauffage pour \u00e9viter une facture trop sal\u00e9e.<\/li>\n<li><strong>35 %<\/strong> avouent avoir souffert du froid dans leur propre logement.<\/li>\n<\/ul>\n<p>Dans ce contexte, payer son \u00e9lectricit\u00e9 plus cher que n\u00e9cessaire n&rsquo;est pas une fatalit\u00e9, c&rsquo;est une perte de pouvoir d&rsquo;achat \u00e9vitable. Que vous soyez locataire ou propri\u00e9taire, changer de fournisseur est la solution la plus rapide (elle ne co\u00fbte pas un centime et prend cinq minutes) pour all\u00e9ger ce poste de d\u00e9pense vital.<\/p>\n<p>  <img decoding=\"async\" class=\"new-ads__card-logo\" src=\"https:\/\/www.europesays.com\/fr\/wp-content\/uploads\/2025\/08\/electricite.png\" alt=\"logo\" loading=\"lazy\"\/><\/p>\n<p class=\"new-ads__card-title\">La m\u00eame \u00e9lectricit\u00e9, moins ch\u00e8re !<\/p>\n<p class=\"new-ads__card-description\">\u00c9conomisez en changeant d&rsquo;offre avec Selectra<\/p>\n<p>        <img decoding=\"async\" class=\"new-ads__card-logo\" src=\"https:\/\/www.europesays.com\/fr\/wp-content\/uploads\/2025\/06\/primeo-xs.png\" alt=\"logo\" loading=\"lazy\"\/><\/p>\n<p class=\"new-ads__card-title\">L&rsquo;offre du moment \u00e0 -20 % (HT) par rapport au tarif r\u00e9glement\u00e9<\/p>\n<p class=\"new-ads__card-description\">Une offre \u00e0 prix fixe moins ch\u00e8re<\/p>\n<p>Pourquoi attendre une hypoth\u00e9tique baisse des taxes ?<\/p>\n<p><a href=\"https:\/\/selectra.info\/energie\/actualites\/marche\/lecornu-baisse-electricite-augmentation-40-pourcent-10-ans\" target=\"_blank\" rel=\"noopener\">Le gouvernement multiplie les annonces sur une \u00e9ventuelle baisse des taxes pour 2026<\/a>. C&rsquo;est une bonne chose, mais le temps politique n&rsquo;est pas le temps de votre budget. Ces mesures, si elles sont vot\u00e9es, mettront des mois \u00e0 s&rsquo;appliquer.<\/p>\n<p>En attendant, le froid est l\u00e0, maintenant. Les radiateurs tournent \u00e0 plein r\u00e9gime. Passer sur une offre de march\u00e9 d\u00e8s aujourd&rsquo;hui, c&rsquo;est acter une baisse imm\u00e9diate du prix du kilowattheure. Rappelons une r\u00e8gle d&rsquo;or du march\u00e9 de l&rsquo;\u00e9nergie en France : <strong>le changement de fournisseur est sans engagement et r\u00e9versible \u00e0 tout moment<\/strong>. Si le tarif r\u00e9glement\u00e9 redevient int\u00e9ressant dans quelques mois, vous pourrez y revenir en un coup de fil.<\/p>\n<p>  <img decoding=\"async\" class=\"new-ads__card-logo\" src=\"https:\/\/www.europesays.com\/fr\/wp-content\/uploads\/2025\/04\/ampoule-animee.gif\" alt=\"logo\" loading=\"lazy\"\/><\/p>\n<p class=\"new-ads__card-title\">Besoin d&rsquo;aide ?<\/p>\n<p class=\"new-ads__card-description\">Un conseiller Selectra est disponible gratuitement au :<\/p>\n<p>        <img decoding=\"async\" class=\"new-ads__card-logo\" src=\"https:\/\/www.europesays.com\/fr\/wp-content\/uploads\/2025\/06\/primeo-xs.png\" alt=\"logo\" loading=\"lazy\"\/><\/p>\n<p class=\"new-ads__card-title\">L&rsquo;offre du moment \u00e0 -20 % (HT) par rapport au tarif r\u00e9glement\u00e9<\/p>\n<p class=\"new-ads__card-description\">Une offre \u00e0 prix fixe moins ch\u00e8re<\/p>\n<p>      Avez-vous trouv\u00e9 cet article utile ?<\/p>\n<p>100% des 1 votes trouvent l&rsquo;information utile.<\/p>\n","protected":false},"excerpt":{"rendered":"Par Matias Perea Analyste \u00c9nergie Publi\u00e9 le 27\/11\/2025 min de lecture Sauf indication contraire, tous les prix pr\u00e9sent\u00e9s&hellip;\n","protected":false},"author":2,"featured_media":562094,"comment_status":"","ping_status":"","sticky":false,"template":"","format":"standard","meta":{"footnotes":""},"categories":[6],"tags":[35,33,34,1011,27],"class_list":{"0":"post-562093","1":"post","2":"type-post","3":"status-publish","4":"format-standard","5":"has-post-thumbnail","7":"category-economie","8":"tag-business","9":"tag-economie","10":"tag-economy","11":"tag-fr","12":"tag-france"},"share_on_mastodon":{"url":"https:\/\/pubeurope.com\/@fr\/115621292982664519","error":""},"_links":{"self":[{"href":"https:\/\/www.europesays.com\/fr\/wp-json\/wp\/v2\/posts\/562093","targetHints":{"allow":["GET"]}}],"collection":[{"href":"https:\/\/www.europesays.com\/fr\/wp-json\/wp\/v2\/posts"}],"about":[{"href":"https:\/\/www.europesays.com\/fr\/wp-json\/wp\/v2\/types\/post"}],"author":[{"embeddable":true,"href":"https:\/\/www.europesays.com\/fr\/wp-json\/wp\/v2\/users\/2"}],"replies":[{"embeddable":true,"href":"https:\/\/www.europesays.com\/fr\/wp-json\/wp\/v2\/comments?post=562093"}],"version-history":[{"count":0,"href":"https:\/\/www.europesays.com\/fr\/wp-json\/wp\/v2\/posts\/562093\/revisions"}],"wp:featuredmedia":[{"embeddable":true,"href":"https:\/\/www.europesays.com\/fr\/wp-json\/wp\/v2\/media\/562094"}],"wp:attachment":[{"href":"https:\/\/www.europesays.com\/fr\/wp-json\/wp\/v2\/media?parent=562093"}],"wp:term":[{"taxonomy":"category","embeddable":true,"href":"https:\/\/www.europesays.com\/fr\/wp-json\/wp\/v2\/categories?post=562093"},{"taxonomy":"post_tag","embeddable":true,"href":"https:\/\/www.europesays.com\/fr\/wp-json\/wp\/v2\/tags?post=562093"}],"curies":[{"name":"wp","href":"https:\/\/api.w.org\/{rel}","templated":true}]}}