{"id":562095,"date":"2025-11-27T10:54:13","date_gmt":"2025-11-27T10:54:13","guid":{"rendered":"https:\/\/www.europesays.com\/fr\/562095\/"},"modified":"2025-11-27T10:54:13","modified_gmt":"2025-11-27T10:54:13","slug":"fusillade-a-washington-deux-gardes-nationaux-blesses-et-une-cabale-raciste-de-trump-en-reponse","status":"publish","type":"post","link":"https:\/\/www.europesays.com\/fr\/562095\/","title":{"rendered":"Fusillade \u00e0 Washington\u00a0: deux gardes nationaux bless\u00e9s et une cabale raciste de Trump en r\u00e9ponse"},"content":{"rendered":"<p>Deux membres de la <a href=\"https:\/\/www.humanite.fr\/monde\/donald-trump\/donald-trump-deploie-la-garde-nationale-a-washington-et-met-la-capitale-sous-tutelle\" target=\"_blank\" rel=\"noopener\">Garde nationale d\u00e9ploy\u00e9s dans la capitale<\/a> ont \u00e9t\u00e9 bless\u00e9s par balles, dans l\u2019apr\u00e8s-midi du mercredi 26\u00a0novembre (heure locale). Les deux soldats, touch\u00e9s aux abords de la Maison Blanche, se trouvent dans un \u00e9tat critique. Un suspect, bless\u00e9 lors de son interpellation par d\u2019autres gardes nationaux, a \u00e9t\u00e9 plac\u00e9 en garde \u00e0 vue.<\/p>\n<p>\u00ab\u00a0Il s\u2019agit d\u2019une fusillade cibl\u00e9e, a annonc\u00e9 la maire de Washington, Muriel E. Bowser (Parti d\u00e9mocrate). Un individu qui semble avoir <a href=\"https:\/\/www.humanite.fr\/monde\/donald-trump\/los-angeles-declare-letat-durgence-en-replique-a-la-chasse-aux-migrants-organisee-par-donald-trump\" target=\"_blank\" rel=\"noopener\">pris pour cible ces gardes nationaux<\/a>.\u00a0\u00bb Les soldats vis\u00e9s auraient \u00e9t\u00e9 victimes d\u2019une embuscade, pendant une patrouille dans une art\u00e8re tr\u00e8s fr\u00e9quent\u00e9e du centre-ville, estiment les autorit\u00e9s.<\/p>\n<p>Il \u00ab\u00a0paiera un prix tr\u00e8s \u00e9lev\u00e9\u00a0\u00bb<\/p>\n<p>L\u2019auteur pr\u00e9sum\u00e9 des tirs a \u00e9t\u00e9 identifi\u00e9 comme \u00e9tant Rahmanullah Lakanwal, un ressortissant afghan entr\u00e9 aux \u00c9tats-Unis en 2021, <a href=\"https:\/\/www.washingtonpost.com\/dc-md-va\/2025\/11\/26\/national-guard-shooting-downtown-washington\/\" target=\"_blank\" rel=\"noopener\">selon le Washington Post<\/a>, qui a interrog\u00e9 plusieurs personnes proches de l\u2019enqu\u00eate ayant requis l\u2019anonymat. Comme \u00e0 son habitude, le pr\u00e9sident des \u00c9tats-Unis, Donald Trump, a pr\u00e9f\u00e9r\u00e9 r\u00e9agir de fa\u00e7on autoritaire et raciste.<\/p>\n<p>D\u00e9j\u00e0 sur son r\u00e9seau Truth Social, o\u00f9 le milliardaire a trait\u00e9 \u00ab\u00a0d\u2019animal\u00a0\u00bb le tireur, en pr\u00e9venant qu\u2019il \u00ab\u00a0paiera un prix tr\u00e8s \u00e9lev\u00e9\u00a0\u00bb. Puis lors d\u2019une allocution film\u00e9e depuis la Floride, o\u00f9 il a condamn\u00e9 un \u00ab\u00a0crime contre l\u2019humanit\u00e9\u00a0\u00bb puis ordonn\u00e9 le <a href=\"https:\/\/www.humanite.fr\/monde\/donald-trump\/nous-donnons-carte-blanche-pour-intimider-traquer-et-tuer-les-ennemis-de-notre-pays-trump-accelere-sa-chasse-aux-wokes\" target=\"_blank\" rel=\"noopener\">d\u00e9ploiement de 500 soldats suppl\u00e9mentaires<\/a> dans la ville, ainsi qu\u2019un examen complet par son administration des ressortissants afghans admis dans le pays sous la pr\u00e9sidence de Joe Biden. Lors de sa prise de parole, Donald Trump en a profit\u00e9 pour attaquer les \u00ab\u00a0millions\u00a0\u00bb de ressortissants \u00e9trangers qui seraient entr\u00e9s aux \u00c9tats-Unis, sous la pr\u00e9sidence de son pr\u00e9d\u00e9cesseur.<\/p>\n<p>Les services de citoyennet\u00e9 et d\u2019immigration des \u00c9tats-Unis ont par la suite confirm\u00e9, sur leurs r\u00e9seaux sociaux, que toutes les demandes d\u2019immigration de ressortissants afghans \u00e9taient \u00ab\u00a0<a href=\"https:\/\/www.humanite.fr\/monde\/administration-trump\/obnubile-par-un-danger-de-rebellion-donald-trump-sattaque-aux-mineurs-isoles-comme-aux-elus-democrates\" target=\"_blank\" rel=\"noopener\">suspendues ind\u00e9finiment<\/a>, dans l\u2019attente d\u2019un examen plus approfondi des protocoles de s\u00e9curit\u00e9 et de v\u00e9rification\u00a0\u00bb.<\/p>\n<p>Une mesure \u00e0 l\u2019effet imm\u00e9diat. Des associations d\u2019anciens combattants tentent, elles, de jouer la carte de l\u2019apaisement. Ces derni\u00e8res demandent ainsi au public de ne pas diffuser de fausses informations et de ne pas s\u2019attaquer \u00e0 l\u2019ensemble de la communaut\u00e9 afghane aux \u00c9tats-Unis.<\/p>\n<p>Les membres de la Garde nationale bless\u00e9s ont \u00e9t\u00e9 d\u00e9p\u00each\u00e9s \u00e0 Washington D.C. dans le cadre du d\u00e9ploiement souhait\u00e9 par Donald Trump afin de <a href=\"https:\/\/www.humanite.fr\/monde\/administration-trump\/ladministration-trump-deploie-la-garde-nationale-dans-20-etats-pour-accelerer-sa-guerre-contre-limmigration\" target=\"_blank\" rel=\"noopener\">combattre une pr\u00e9tendue \u00ab\u00a0urgence criminelle\u00a0\u00bb<\/a> dans la capitale des \u00c9tats-Unis. Plus de 2\u00a0000 soldats ont \u00e9t\u00e9 r\u00e9quisitionn\u00e9s pour l\u2019op\u00e9ration. Une pr\u00e9sence jug\u00e9e ill\u00e9gale par la justice.<\/p>\n<p>\u00catre le journal de la paix, notre d\u00e9fi quotidien<\/p>\n<p>Depuis Jaur\u00e8s, la d\u00e9fense de la paix est dans notre ADN.<\/p>\n<ul class=\"wp-block-list\">\n<li>Qui informe encore aujourd\u2019hui sur <strong>les actions des pacifistes<\/strong> pour le d\u00e9sarmement\u00a0?<\/li>\n<li>Combien de m\u00e9dias rappellent que <strong>les combats de d\u00e9colonisation <\/strong>ont encore cours, et qu\u2019ils doivent \u00eatre soutenus\u00a0?<\/li>\n<li>Combien valorisent les <strong>solidarit\u00e9s internationales<\/strong>, et s\u2019engagent sans ambigu\u00eft\u00e9 aux c\u00f4t\u00e9s des exil\u00e9s\u00a0?<\/li>\n<\/ul>\n<p><strong>Nos valeurs n\u2019ont pas de fronti\u00e8res.<\/strong><\/p>\n<p>Aidez-nous \u00e0 soutenir le droit \u00e0 l\u2019autod\u00e9termination et l\u2019option de la paix.<br \/><a href=\"https:\/\/www.humanite.fr\/lhumanite-cest-vous\" target=\"_blank\" rel=\"noopener\">Je veux en savoir plus\u00a0!<\/a><\/p>\n","protected":false},"excerpt":{"rendered":"Deux membres de la Garde nationale d\u00e9ploy\u00e9s dans la capitale ont \u00e9t\u00e9 bless\u00e9s par balles, dans l\u2019apr\u00e8s-midi du&hellip;\n","protected":false},"author":2,"featured_media":562096,"comment_status":"","ping_status":"","sticky":false,"template":"","format":"standard","meta":{"footnotes":""},"categories":[5],"tags":[11,75,1011,27,42826,14,12,10162,2744,28],"class_list":{"0":"post-562095","1":"post","2":"type-post","3":"status-publish","4":"format-standard","5":"has-post-thumbnail","7":"category-international","8":"tag-actualites","9":"tag-donald-trump","10":"tag-fr","11":"tag-france","12":"tag-garde-nationale","13":"tag-international","14":"tag-news","15":"tag-racisme","16":"tag-washington","17":"tag-world"},"share_on_mastodon":{"url":"https:\/\/pubeurope.com\/@fr\/115621295778891985","error":""},"_links":{"self":[{"href":"https:\/\/www.europesays.com\/fr\/wp-json\/wp\/v2\/posts\/562095","targetHints":{"allow":["GET"]}}],"collection":[{"href":"https:\/\/www.europesays.com\/fr\/wp-json\/wp\/v2\/posts"}],"about":[{"href":"https:\/\/www.europesays.com\/fr\/wp-json\/wp\/v2\/types\/post"}],"author":[{"embeddable":true,"href":"https:\/\/www.europesays.com\/fr\/wp-json\/wp\/v2\/users\/2"}],"replies":[{"embeddable":true,"href":"https:\/\/www.europesays.com\/fr\/wp-json\/wp\/v2\/comments?post=562095"}],"version-history":[{"count":0,"href":"https:\/\/www.europesays.com\/fr\/wp-json\/wp\/v2\/posts\/562095\/revisions"}],"wp:featuredmedia":[{"embeddable":true,"href":"https:\/\/www.europesays.com\/fr\/wp-json\/wp\/v2\/media\/562096"}],"wp:attachment":[{"href":"https:\/\/www.europesays.com\/fr\/wp-json\/wp\/v2\/media?parent=562095"}],"wp:term":[{"taxonomy":"category","embeddable":true,"href":"https:\/\/www.europesays.com\/fr\/wp-json\/wp\/v2\/categories?post=562095"},{"taxonomy":"post_tag","embeddable":true,"href":"https:\/\/www.europesays.com\/fr\/wp-json\/wp\/v2\/tags?post=562095"}],"curies":[{"name":"wp","href":"https:\/\/api.w.org\/{rel}","templated":true}]}}