{"id":562097,"date":"2025-11-27T10:55:11","date_gmt":"2025-11-27T10:55:11","guid":{"rendered":"https:\/\/www.europesays.com\/fr\/562097\/"},"modified":"2025-11-27T10:55:11","modified_gmt":"2025-11-27T10:55:11","slug":"un-depute-lfi-provoque-un-tolle-en-affirmant-que-taiwan-est-chinoise","status":"publish","type":"post","link":"https:\/\/www.europesays.com\/fr\/562097\/","title":{"rendered":"Un d\u00e9put\u00e9 LFI provoque un toll\u00e9 en affirmant que \u00abTa\u00efwan est chinoise\u00bb"},"content":{"rendered":"<p>\n    Aur\u00e9lien Tach\u00e9, reprenant la ligne pro-Chine de son parti, a vivement critiqu\u00e9 la premi\u00e8re ministre japonaise qui a annonc\u00e9 que son pays d\u00e9fendrait militairement Ta\u00efwan en cas d\u2019invasion chinoise.<\/p>\n<p class=\"fig-paragraph\">Trois mots pour une affirmation on ne peut plus claire. \u00abTa\u00efwan est chinoise\u00bb, a \u00e9crit mercredi 26 novembre sur X le d\u00e9put\u00e9\u00a0<a href=\"http:\/\/www.lefigaro.fr\/politique\/la-porte-ouverte-a-des-profils-inquietants-a-denain-des-soupcons-d-entrisme-islamiste-autour-d-une-liste-proche-de-lfi-20251124\" target=\"_blank\" data-fig-type=\"Article\" rel=\"noopener\" data-gtm-custom-categorie=\"navigation\" data-gtm-custom-action=\"crossclick\" data-gtm-custom-label=\"Contextuel\" data-gtm-event=\"customEventSPE\" data-fig-domain=\"LEFIGARO\">La France insoumise<\/a>\u00a0Aur\u00e9lien Tach\u00e9. Alors que la\u00a0<a href=\"http:\/\/www.lefigaro.fr\/international\/menace-existentielle-taiwan-nouvel-abces-de-fixation-entre-la-chine-et-le-japon-20251124\" target=\"_blank\" data-fig-type=\"Article\" rel=\"noopener\" data-gtm-custom-categorie=\"navigation\" data-gtm-custom-action=\"crossclick\" data-gtm-custom-label=\"Contextuel\" data-gtm-event=\"customEventSPE\" data-fig-domain=\"LEFIGARO\">tension monte entre Tokyo et P\u00e9kin<\/a>\u00a0depuis que le Japon a indiqu\u00e9 qu\u2019il pourrait intervenir militairement en cas d\u2019attaque de la Chine contre Ta\u00efwan, LFI a clairement affich\u00e9 le parti qu\u2019elle prenait. Aur\u00e9lien Tach\u00e9, coordinateur LFI \u00e0 la commission des Affaires \u00e9trang\u00e8res, a partag\u00e9 sur son compte X un lien vers un article du Figaro abordant la situation entre P\u00e9kin et Tokyo et comment\u00e9\u00a0: \u00abLa premi\u00e8re ministre japonaise raciste et n\u00e9gationniste, persiste dans l\u2019escalade militaire. Quelle diff\u00e9rence avec les missiles que Kroutchev voulait installer \u00e0 Cuba\u00a0? Aucune mais lui avait fini par renoncer.\u00bb<\/p>\n<p class=\"fig-paragraph\">En r\u00e9action \u00e0 ce post, un internaute a repartag\u00e9 une ancienne publication d\u2019Aur\u00e9lien Tach\u00e9, qui posait avec le porte-parole du minist\u00e8re des Affaires \u00e9trang\u00e8res chinois. Il indiquait alors avoir abord\u00e9 \u00abla menace japonaise et Ta\u00efwan\u00bb et avait comment\u00e9\u00a0: \u00abFace \u00e0 l\u2019imp\u00e9rialisme version Trump, la France doit renforcer son partenariat avec la Chine, engag\u00e9e pour la paix et le multilat\u00e9ralisme\u00bb. L\u2019utilisateur a alors comment\u00e9\u00a0: \u00abDe la part de celui qui parle d\u2019une \u201cmenace japonaise\u201d alors que la menace dans la r\u00e9gion est chinoise (qui veut envahir Ta\u00efwan et certainement plus), c\u2019est os\u00e9\u00bb.<\/p>\n<p class=\"fig-body-link\">\n            \u00c0 lire aussi<br \/>\n        <a class=\"fig-body-link__link fig-premium-mark\" href=\"http:\/\/www.lefigaro.fr\/international\/menace-existentielle-taiwan-nouvel-abces-de-fixation-entre-la-chine-et-le-japon-20251124\" target=\"_blank\" data-fig-type=\"Article\" rel=\"noopener\" data-gtm-custom-categorie=\"navigation\" data-gtm-custom-action=\"crossclick\" data-gtm-custom-label=\"Contextuel\" data-gtm-event=\"customEventSPE\" data-fig-domain=\"LEFIGARO\"><\/p>\n<p>        \u00abMenace existentielle\u00bb\u00a0: Ta\u00efwan, nouvel abc\u00e8s de fixation entre la Chine et le Japon<br \/>\n    <\/a>\n<\/p>\n<p>                                    <a class=\"fig-a11y-skip a11y-hidden\" href=\"#fig-a11y-skip-main-inarticle\"><br \/>\n        Passer la publicit\u00e9<br \/>\n    <\/a><\/p>\n<p class=\"fig-paragraph\">En r\u00e9ponse, Aur\u00e9lien Tach\u00e9 a simplement affirm\u00e9\u00a0: \u00abTa\u00efwan est chinoise\u00bb. Un commentaire visionn\u00e9 plus d\u2019un million de fois en moins de 24 heures.<\/p>\n<p>\u00abCollabo de la pire esp\u00e8ce\u00bb<\/p>\n<p class=\"fig-paragraph\">Des internautes n\u2019ont pas manqu\u00e9 de faire remarquer le deux poids deux mesures dont fait preuve le d\u00e9put\u00e9 de Cergy Pontoise. En reprenant les \u00e9l\u00e9ments inscrits dans sa biographie sur son profil X, notamment le fait qu\u2019il se r\u00e9clame d\u2019 <strong>\u00ab<\/strong>une francophonie anti-imp\u00e9riale et d\u00e9coloniale\u00bb, certains ont fait le parall\u00e8le avec d\u2019autres conflits en cours. \u00abOn (ne) peut pas d\u00e9fendre la Palestine et en m\u00eame temps dire \u00e7a, y a (sic) absolument aucune coh\u00e9rence&#8230;\u00bb, constate par exemple l\u2019un d\u2019entre eux. \u00abEt l\u2019Ukraine est russe du coup\u00a0?\u00bb, l\u2019a interpell\u00e9 un autre. Alors que de nombreux utilisateurs lui rappellent que Ta\u00efwan est ind\u00e9pendant depuis 1949, d\u2019autres laissent libre cours \u00e0 leur imagination et partagent profusion d\u2019insultes.<\/p>\n<p class=\"fig-paragraph\">La position d\u2019Aur\u00e9lien Tach\u00e9 sur Ta\u00efwan et plus globalement sur la Chine refl\u00e8te celle des Insoumis. En septembre dernier, la d\u00e9put\u00e9e LFI\u00a0<a href=\"http:\/\/www.lefigaro.fr\/politique\/municipales-a-paris-lfi-investit-la-sulfureuse-sophia-chikirou-pour-une-campagne-bulldozer-20251114\" target=\"_blank\" data-fig-type=\"Article\" rel=\"noopener\" data-gtm-custom-categorie=\"navigation\" data-gtm-custom-action=\"crossclick\" data-gtm-custom-label=\"Contextuel\" data-gtm-event=\"customEventSPE\" data-fig-domain=\"LEFIGARO\">Sophia Chikirou<\/a>\u00a0avait d\u00e9clar\u00e9, interrog\u00e9e par l\u2019\u00e9mission Quotidien, que \u00abla Chine n\u2019est pas une dictature\u00bb. \u00abC\u2019est un syst\u00e8me politique \u00e0 parti dominant, le Parti communiste chinois. Il n\u2019y a pas un seul homme qui dirige la Chine\u00bb, avait-elle abond\u00e9. Lorsqu\u2019un journaliste lui avait demand\u00e9 si \u00abla libert\u00e9 d\u2019expression \u00e9tait menac\u00e9e\u00bb\u00a0dans le pays, elle avait affirm\u00e9 qu\u2019elle ne l\u2019\u00e9tait pas plus \u00e0 P\u00e9kin qu\u2019\u00e0 Paris.<\/p>\n","protected":false},"excerpt":{"rendered":"Aur\u00e9lien Tach\u00e9, reprenant la ligne pro-Chine de son parti, a vivement critiqu\u00e9 la premi\u00e8re ministre japonaise qui a&hellip;\n","protected":false},"author":2,"featured_media":562098,"comment_status":"","ping_status":"","sticky":false,"template":"","format":"standard","meta":{"footnotes":""},"categories":[4],"tags":[11,67842,1011,27,780,12,25,22053],"class_list":{"0":"post-562097","1":"post","2":"type-post","3":"status-publish","4":"format-standard","5":"has-post-thumbnail","7":"category-france","8":"tag-actualites","9":"tag-aurelien-tache","10":"tag-fr","11":"tag-france","12":"tag-lfi","13":"tag-news","14":"tag-republique-francaise","15":"tag-taiwan"},"share_on_mastodon":{"url":"","error":""},"_links":{"self":[{"href":"https:\/\/www.europesays.com\/fr\/wp-json\/wp\/v2\/posts\/562097","targetHints":{"allow":["GET"]}}],"collection":[{"href":"https:\/\/www.europesays.com\/fr\/wp-json\/wp\/v2\/posts"}],"about":[{"href":"https:\/\/www.europesays.com\/fr\/wp-json\/wp\/v2\/types\/post"}],"author":[{"embeddable":true,"href":"https:\/\/www.europesays.com\/fr\/wp-json\/wp\/v2\/users\/2"}],"replies":[{"embeddable":true,"href":"https:\/\/www.europesays.com\/fr\/wp-json\/wp\/v2\/comments?post=562097"}],"version-history":[{"count":0,"href":"https:\/\/www.europesays.com\/fr\/wp-json\/wp\/v2\/posts\/562097\/revisions"}],"wp:featuredmedia":[{"embeddable":true,"href":"https:\/\/www.europesays.com\/fr\/wp-json\/wp\/v2\/media\/562098"}],"wp:attachment":[{"href":"https:\/\/www.europesays.com\/fr\/wp-json\/wp\/v2\/media?parent=562097"}],"wp:term":[{"taxonomy":"category","embeddable":true,"href":"https:\/\/www.europesays.com\/fr\/wp-json\/wp\/v2\/categories?post=562097"},{"taxonomy":"post_tag","embeddable":true,"href":"https:\/\/www.europesays.com\/fr\/wp-json\/wp\/v2\/tags?post=562097"}],"curies":[{"name":"wp","href":"https:\/\/api.w.org\/{rel}","templated":true}]}}