{"id":562101,"date":"2025-11-27T10:57:24","date_gmt":"2025-11-27T10:57:24","guid":{"rendered":"https:\/\/www.europesays.com\/fr\/562101\/"},"modified":"2025-11-27T10:57:24","modified_gmt":"2025-11-27T10:57:24","slug":"ces-restaurants-qui-transforment-la-loire-en-station-dhiver","status":"publish","type":"post","link":"https:\/\/www.europesays.com\/fr\/562101\/","title":{"rendered":"ces restaurants qui transforment la Loire en station d\u2019hiver"},"content":{"rendered":"<p>Depuis trois ans, la Loire voit \u00e9clore un ph\u00e9nom\u00e8ne inattendu\u00a0: ces bulles transparentes qui, en plein c\u0153ur de l\u2019hiver, transforment terrasses et esplanades en v\u00e9ritables petits villages alpins. Chauff\u00e9es, d\u00e9cor\u00e9es fa\u00e7on chalet, parfois associ\u00e9es \u00e0 de vraies t\u00e9l\u00e9cabines venues de Courchevel ou Meg\u00e8ve, elles prolongent la belle saison et cr\u00e9ent de nouveaux espaces de restauration intime.<\/p>\n<p>Une mani\u00e8re pour les restaurateurs d\u2019\u00e9viter l\u2019hibernation et, pour les clients, de vivre une exp\u00e9rience d\u00e9paysante \u00e0 deux pas de chez eux\u00a0!<\/p>\n<p>D\u2019authentiques t\u00e9l\u00e9cabines de Courchevel<\/p>\n<p>Au VIP, \u00e0 Genilac, le concept fait figure d\u2019embl\u00e8me. \u00ab\u00a0On imagine l\u2019hiver autrement\u00a0\u00bb, explique S\u00e9bastien Veniant, fondateur du restaurant, qui d\u00e9voile cette ann\u00e9e l\u2019un&#8230;<\/p>\n","protected":false},"excerpt":{"rendered":"Depuis trois ans, la Loire voit \u00e9clore un ph\u00e9nom\u00e8ne inattendu\u00a0: ces bulles transparentes qui, en plein c\u0153ur de&hellip;\n","protected":false},"author":2,"featured_media":562102,"comment_status":"","ping_status":"","sticky":false,"template":"","format":"standard","meta":{"footnotes":""},"categories":[9653],"tags":[1111,11,2430,1687,7539,1777,674,107,1011,27,3367,6016,12,25,4001,7538,4604,10806],"class_list":{"0":"post-562101","1":"post","2":"type-post","3":"status-publish","4":"format-standard","5":"has-post-thumbnail","7":"category-saint-etienne","8":"tag-actu","9":"tag-actualites","10":"tag-auvergne-rhone-alpes","11":"tag-culture-loisirs","12":"tag-edition-loire-sud","13":"tag-eu","14":"tag-europe","15":"tag-fil-info","16":"tag-fr","17":"tag-france","18":"tag-loire","19":"tag-magazine-cuisine-et-vins","20":"tag-news","21":"tag-republique-francaise","22":"tag-saint-etienne","23":"tag-saint-etienne-ville","24":"tag-selection-abonne","25":"tag-selection-de-la-redaction-42"},"share_on_mastodon":{"url":"https:\/\/pubeurope.com\/@fr\/115621307779273152","error":""},"_links":{"self":[{"href":"https:\/\/www.europesays.com\/fr\/wp-json\/wp\/v2\/posts\/562101","targetHints":{"allow":["GET"]}}],"collection":[{"href":"https:\/\/www.europesays.com\/fr\/wp-json\/wp\/v2\/posts"}],"about":[{"href":"https:\/\/www.europesays.com\/fr\/wp-json\/wp\/v2\/types\/post"}],"author":[{"embeddable":true,"href":"https:\/\/www.europesays.com\/fr\/wp-json\/wp\/v2\/users\/2"}],"replies":[{"embeddable":true,"href":"https:\/\/www.europesays.com\/fr\/wp-json\/wp\/v2\/comments?post=562101"}],"version-history":[{"count":0,"href":"https:\/\/www.europesays.com\/fr\/wp-json\/wp\/v2\/posts\/562101\/revisions"}],"wp:featuredmedia":[{"embeddable":true,"href":"https:\/\/www.europesays.com\/fr\/wp-json\/wp\/v2\/media\/562102"}],"wp:attachment":[{"href":"https:\/\/www.europesays.com\/fr\/wp-json\/wp\/v2\/media?parent=562101"}],"wp:term":[{"taxonomy":"category","embeddable":true,"href":"https:\/\/www.europesays.com\/fr\/wp-json\/wp\/v2\/categories?post=562101"},{"taxonomy":"post_tag","embeddable":true,"href":"https:\/\/www.europesays.com\/fr\/wp-json\/wp\/v2\/tags?post=562101"}],"curies":[{"name":"wp","href":"https:\/\/api.w.org\/{rel}","templated":true}]}}