{"id":562123,"date":"2025-11-27T11:09:28","date_gmt":"2025-11-27T11:09:28","guid":{"rendered":"https:\/\/www.europesays.com\/fr\/562123\/"},"modified":"2025-11-27T11:09:28","modified_gmt":"2025-11-27T11:09:28","slug":"pres-de-rennes-ils-se-mobilisent-pour-une-famille-georgienne-menacee-dexpulsion-sport","status":"publish","type":"post","link":"https:\/\/www.europesays.com\/fr\/562123\/","title":{"rendered":"Pr\u00e8s de Rennes, ils se mobilisent pour une famille g\u00e9orgienne menac\u00e9e d\u2019expulsion . Sport"},"content":{"rendered":"<p>Un rassemblement est organis\u00e9 vendredi, \u00e0 16\u00a0h, devant l\u2019\u00e9cole primaire de la commune en soutien \u00e0 une famille g\u00e9orgienne menac\u00e9e d\u2019expulsion. Les deux enfants du couple g\u00e9orgien \u00e9tant scolaris\u00e9s dans l\u2019\u00e9tablissement.<\/p>\n<p>Lasha Garuchava est arriv\u00e9 en France de G\u00e9orgie avec sa femme Diana Dolakidze et leur enfant en 2018, le second na\u00eetra peu de temps apr\u00e8s. \u00a0J\u2019ai fui la G\u00e9orgie pour sauver ma famille apr\u00e8s avoir \u00e9t\u00e9 victimes de mesures d\u2019intimidation li\u00e9es \u00e0 la nouvelle situation politique dans mon pays. Nous avons choisi de venir en France.\u00a0<\/p>\n<p>Un refus<\/p>\n<p>Ils sont arriv\u00e9s dans la r\u00e9gion rennaise et ont fini par s\u2019installer \u00e0 Saint-Sulpice en 2021, gr\u00e2ce \u00e0 la g\u00e9n\u00e9rosit\u00e9 d\u2019une famille, avant de s\u2019installer dans un logement mis \u00e0 disposition par la municipalit\u00e9 dans le cadre du dispositif de mise \u00e0 l\u2019abri de Rennes m\u00e9tropole.<\/p>\n<p>Leur demande d\u2019obtention d\u2019un titre de s\u00e9jour d\u00e9pos\u00e9e en janvier vient d\u2019\u00eatre refus\u00e9e et la menace d\u2019un renvoi dans leur pays se profile.<\/p>\n<p>\u00ab\u00a0Deux conditions valid\u00e9es\u00a0\u00bb<\/p>\n<p>Deux associations locales se sont associ\u00e9es \u00e0 leurs d\u00e9marches afin que leur situation administrative soit revue. \u00a0Nous sommes tr\u00e8s surpris de la d\u00e9cision prise de renvoyer cette famille dans leur pays,r\u00e9agit Jessie Magana, co-pr\u00e9sidente des Arbres et des papiers. Ils rentrent dans le cadre de la circulaire Retailleau qui permet la r\u00e9gularisation d\u2019\u00e9trangers en place depuis sept\u00a0ans et dont les enfants sont scolaris\u00e9s depuis trois ans. Ces deux conditions sont valid\u00e9es. Nous ne comprenons pas ce refus, d\u2019autant plus que cette famille est incluse dans la vie du village et qu\u2019elle a tiss\u00e9s de nombreux liens avec les gens de la commune.\u00a0<\/p>\n<p>\u00ab\u00a0Nous connaissons bien les deux enfants\u00a0\u00bb<\/p>\n<p>Pour sa part, Micka\u00ebl Bardy, pr\u00e9sident de l\u2019Association des parents d\u2019\u00e9l\u00e8ves (APE), rappelle que \u00a0d\u00e8s que nous avons appris cette d\u00e9cision, on s\u2019est mobilis\u00e9 tr\u00e8s vite car cela touche directement la communaut\u00e9 \u00e9ducative. Nous connaissons bien les deux enfants. Ils participent activement \u00e0 la vie scolaire et aux activit\u00e9s sportives, nos enfants ne comprendraient pas de les voir partir\u00a0.<\/p>\n<p>Leurs enfants parlent le fran\u00e7ais, Diana a une promesse d\u2019emploi et Lasha, 47\u00a0ans, en raison de sa situation administrative, ajoute\u00a0:\u00a0Je ne peux pas travailler, c\u2019est insupportable \u00e0 47\u00a0ans.\u00a0<\/p>\n<p>Vendredi, le couple proposera du pain g\u00e9orgien sur le march\u00e9 et, \u00e0 17\u00a0h\u00a030, une soir\u00e9e se tiendra\u00a0au Guibra.<\/p>\n<p>\u00a0<\/p>\n","protected":false},"excerpt":{"rendered":"Un rassemblement est organis\u00e9 vendredi, \u00e0 16\u00a0h, devant l\u2019\u00e9cole primaire de la commune en soutien \u00e0 une famille&hellip;\n","protected":false},"author":2,"featured_media":562124,"comment_status":"","ping_status":"","sticky":false,"template":"","format":"standard","meta":{"footnotes":""},"categories":[2821],"tags":[1111,11,3809,1465,829,1777,674,63,1011,27,1792,1922,12,3086,584,25,479,517,1470],"class_list":{"0":"post-562123","1":"post","2":"type-post","3":"status-publish","4":"format-standard","5":"has-post-thumbnail","7":"category-rennes","8":"tag-actu","9":"tag-actualites","10":"tag-ball","11":"tag-basket","12":"tag-bretagne","13":"tag-eu","14":"tag-europe","15":"tag-football","16":"tag-fr","17":"tag-france","18":"tag-handball","19":"tag-info","20":"tag-news","21":"tag-redon","22":"tag-rennes","23":"tag-republique-francaise","24":"tag-rugby","25":"tag-sport","26":"tag-volley"},"share_on_mastodon":{"url":"https:\/\/pubeurope.com\/@fr\/115621354747677696","error":""},"_links":{"self":[{"href":"https:\/\/www.europesays.com\/fr\/wp-json\/wp\/v2\/posts\/562123","targetHints":{"allow":["GET"]}}],"collection":[{"href":"https:\/\/www.europesays.com\/fr\/wp-json\/wp\/v2\/posts"}],"about":[{"href":"https:\/\/www.europesays.com\/fr\/wp-json\/wp\/v2\/types\/post"}],"author":[{"embeddable":true,"href":"https:\/\/www.europesays.com\/fr\/wp-json\/wp\/v2\/users\/2"}],"replies":[{"embeddable":true,"href":"https:\/\/www.europesays.com\/fr\/wp-json\/wp\/v2\/comments?post=562123"}],"version-history":[{"count":0,"href":"https:\/\/www.europesays.com\/fr\/wp-json\/wp\/v2\/posts\/562123\/revisions"}],"wp:featuredmedia":[{"embeddable":true,"href":"https:\/\/www.europesays.com\/fr\/wp-json\/wp\/v2\/media\/562124"}],"wp:attachment":[{"href":"https:\/\/www.europesays.com\/fr\/wp-json\/wp\/v2\/media?parent=562123"}],"wp:term":[{"taxonomy":"category","embeddable":true,"href":"https:\/\/www.europesays.com\/fr\/wp-json\/wp\/v2\/categories?post=562123"},{"taxonomy":"post_tag","embeddable":true,"href":"https:\/\/www.europesays.com\/fr\/wp-json\/wp\/v2\/tags?post=562123"}],"curies":[{"name":"wp","href":"https:\/\/api.w.org\/{rel}","templated":true}]}}