{"id":56215,"date":"2025-04-27T06:42:11","date_gmt":"2025-04-27T06:42:11","guid":{"rendered":"https:\/\/www.europesays.com\/fr\/56215\/"},"modified":"2025-04-27T06:42:11","modified_gmt":"2025-04-27T06:42:11","slug":"a-marseille-le-cardinal-aveline-suscite-ladhesion-unanime-de-la-population","status":"publish","type":"post","link":"https:\/\/www.europesays.com\/fr\/56215\/","title":{"rendered":"\u00e0 Marseille, le cardinal Aveline suscite l\u2019adh\u00e9sion unanime de la population"},"content":{"rendered":"<p>Cit\u00e9 parfois parmi les favoris pour prendre la suite du pape Fran\u00e7ois, le cardinal Jean-Marc Aveline peut compter sur le soutien enthousiaste des habitants de Marseille.<\/p>\n<p class=\"fig-paragraph\"><a href=\"http:\/\/www.lefigaro.fr\/marseille\/ces-eglises-delabrees-qui-cherchent-un-avenir-a-marseille-20250213\" data-fig-type=\"NewsFlash\" data-gtm-custom-categorie=\"navigation\" data-gtm-custom-action=\"crossclick\" data-gtm-custom-label=\"Contextuel\" data-gtm-event=\"customEventSPE\" data-fig-domain=\"LEFIGARO\" target=\"_blank\" rel=\"noopener\">Devant l\u2019\u00e9glise de Notre-Dame-du-Mont,<\/a>\u00a0au c\u0153ur de Marseille, les fid\u00e8les qui sortent un \u00e0 un de la messe connaissent tous\u00a0<a href=\"https:\/\/www.lefigaro.fr\/actualite-france\/jean-marc-aveline-habemus-cardinalem-20220805\" data-fig-type=\"Article\" data-gtm-custom-categorie=\"navigation\" data-gtm-custom-action=\"crossclick\" data-gtm-custom-label=\"Contextuel\" data-gtm-event=\"customEventSPE\" data-fig-domain=\"LEFIGARO\" target=\"_blank\" rel=\"noopener\">Jean-Marc Aveline<\/a>. S\u2019il est n\u00e9 en 1958 \u00e0 Sidi Bel Abb\u00e8s, ce descendant d\u2019une lign\u00e9e de pieds-noirs andalous arriv\u00e9 \u00e0 Marseille durant l\u2019enfance a pass\u00e9 presque toute sa vie dans la cit\u00e9 phoc\u00e9enne, o\u00f9 il a embrass\u00e9 une carri\u00e8re eccl\u00e9siastique salu\u00e9e par tous. \u00abC\u2019est une tr\u00e8s belle personne, estime Pierre sur le parvis de l\u2019\u00e9glise. S\u2019il peut \u00eatre\u00a0<a href=\"http:\/\/www.lefigaro.fr\/actualite-france\/pres-de-neuf-francais-sur-dix-estiment-que-francois-a-ete-un-bon-pape-20250424\" data-fig-type=\"Article\" data-gtm-custom-categorie=\"navigation\" data-gtm-custom-action=\"crossclick\" data-gtm-custom-label=\"Contextuel\" data-gtm-event=\"customEventSPE\" data-fig-domain=\"LEFIGARO\" target=\"_blank\" rel=\"noopener\">pape<\/a> , si c\u2019est la volont\u00e9 de Dieu, \u00e7a sera tr\u00e8s bien. Il en est tout \u00e0 fait capable. S\u2019il peut mener le troupeau de l\u2019\u00c9glise au niveau mondial comme il le fait \u00e0 Marseille, s\u2019il devient pape, \u00e7a serait une belle mission.\u00bb<\/p>\n<p class=\"fig-paragraph\">Ordonn\u00e9 \u00e0 Marseille en 1984 , Jean-Marc Aveline a \u00e9t\u00e9 nomm\u00e9 archev\u00eaque de Marseille en 2019, avant que le pape le cr\u00e9e cardinal en ao\u00fbt 2022. Il s\u2019est ensuite progressivement fait une place au Vatican, au point de rejoindre la liste tr\u00e8s mouvante des papabili, les potentiels successeurs du<a href=\"http:\/\/www.lefigaro.fr\/international\/en-amerique-latine-l-echec-du-pape-francois-pour-enrayer-le-declin-de-l-eglise-catholique-20250424\" data-fig-type=\"Article\" data-gtm-custom-categorie=\"navigation\" data-gtm-custom-action=\"crossclick\" data-gtm-custom-label=\"Contextuel\" data-gtm-event=\"customEventSPE\" data-fig-domain=\"LEFIGARO\" target=\"_blank\" rel=\"noopener\">\u00a0pape Fran\u00e7ois<\/a>. \u00abIl repr\u00e9sente parfaitement le guide chr\u00e9tien, loue la pr\u00e9sidente du d\u00e9partement des Bouches-du-Rh\u00f4ne et de la m\u00e9tropole d\u2019Aix-Marseille Provence Martine Vassal. Pour moi, il coche toutes les cases. Il a une facult\u00e9 \u00e0 apaiser, \u00e0 \u00e9couter, \u00e0 convaincre. Et dans ce monde de violences, il faut avoir cette capacit\u00e9 d\u2019\u00e9coute. Il a une culture th\u00e9ologique remarquable. \u00c0 chacune de nos rencontres, j\u2019apprends beaucoup.\u00a0\u00bb \u00abIl a l\u2019\u00e2me d\u2019un guide\u00bb, abonde le maire de Marseille Beno\u00eet Payan.<\/p>\n<p>\u00abAdul\u00e9\u00bb \u00e0 Marseille<\/p>\n<p class=\"fig-paragraph\">\u00c0 Marseille, dans une ville o\u00f9 les clivages sont nombreux, l\u2019unanimit\u00e9 qui semble entourer Jean-Marc Aveline d\u00e9tonne. \u00abIci, tout le monde l\u2019aime\u00bb, s\u2019enthousiasme \u00c9douard Detaille, ami intime du cardinal et responsable du m\u00e9c\u00e9nat pour la restauration de la Bonne M\u00e8re.\u00ab \u00c0 Marseille, il est ador\u00e9, adul\u00e9, et nous avons la chance d\u2019avoir un cardinal hors normes, applaudit Beno\u00eet Payan. Il am\u00e8ne tout le monde avec lui et il fait l\u2019adh\u00e9sion autour de lui. Il sait rassembler dans les diff\u00e9rences et dans l\u2019unit\u00e9. Il est dot\u00e9 d\u2019un humour incroyable, d\u2019une douceur exemplaire et d\u2019une d\u00e9termination sans faille. Je ne connais pas une personne ayant rencontr\u00e9 Jean-Marc Aveline qui n\u2019en soit pas sorti, presque chang\u00e9 de ce moment avec lui.\u00bb \u00abC\u2019est un homme tr\u00e8s appr\u00e9ci\u00e9, profond\u00e9ment humain, avec un vrai souci des plus pauvres, affirme le vicaire g\u00e9n\u00e9ral de la Major Pierre Brunet. Il n\u2019est pas simplement l\u2019\u00e9v\u00eaque des catholiques de Marseille mais l\u2019\u00e9v\u00eaque de tout Marseille, de toute l\u2019humanit\u00e9.\u00bb<\/p>\n<p class=\"fig-paragraph\">\u00abIl a un attachement tr\u00e8s profond \u00e0 cette ville, estime Martine Vassal. On est partag\u00e9, car s\u2019il devait devenir pape, on perdrait un archev\u00eaque merveilleux.\u00bb \u00abMais Marseille serait tr\u00e8s fi\u00e8re d\u2019avoir un cardinal de Marseille qui devienne pape, m\u00eame si tout \u00e7a nous d\u00e9passe tous\u00bb, souffle \u00c9douard Detaille. Interrog\u00e9 d\u00e8s la mort du pape sur son d\u00e9part pour le Vatican, le cardinal Aveline avait affirm\u00e9 entamer d\u00e9sormais une \u00abretraite spirituelle.\u00bb \u00abIl est tr\u00e8s loin de tout ce qui est sp\u00e9culatif, croit savoir \u00c9douard Detaille. Sur le tarmac, il m\u2019a dit qu\u2019il partait \u00e0 Rome pour se recueillir. Et ensuite&#8230; Je ne peux pas r\u00e9pondre. Dieu seul le sait.\u00bb<\/p>\n","protected":false},"excerpt":{"rendered":"Cit\u00e9 parfois parmi les favoris pour prendre la suite du pape Fran\u00e7ois, le cardinal Jean-Marc Aveline peut compter&hellip;\n","protected":false},"author":2,"featured_media":56216,"comment_status":"","ping_status":"","sticky":false,"template":"","format":"standard","meta":{"footnotes":""},"categories":[2814],"tags":[1111,11,885,1182,1180,1181,1777,674,1011,27,1184,1185,884,12,1177,1176,149,12672,4692,1186,882,25,1178,1183,1179],"class_list":{"0":"post-56215","1":"post","2":"type-post","3":"status-publish","4":"format-standard","5":"has-post-thumbnail","7":"category-marseille","8":"tag-actu","9":"tag-actualites","10":"tag-bouches-du-rhone","11":"tag-calanques","12":"tag-canebiere","13":"tag-cite-phoceenne","14":"tag-eu","15":"tag-europe","16":"tag-fr","17":"tag-france","18":"tag-la-timone","19":"tag-les-baumettes-mediterranee","20":"tag-marseille","21":"tag-news","22":"tag-notre-dame-de-la-garde","23":"tag-olympique-de-marseille","24":"tag-om","25":"tag-pape","26":"tag-pape-francois","27":"tag-provence","28":"tag-provence-alpes-cote-dazur","29":"tag-republique-francaise","30":"tag-saint-charles","31":"tag-sormiou","32":"tag-vieux-port"},"share_on_mastodon":{"url":"https:\/\/pubeurope.com\/@fr\/114408570443334078","error":""},"_links":{"self":[{"href":"https:\/\/www.europesays.com\/fr\/wp-json\/wp\/v2\/posts\/56215","targetHints":{"allow":["GET"]}}],"collection":[{"href":"https:\/\/www.europesays.com\/fr\/wp-json\/wp\/v2\/posts"}],"about":[{"href":"https:\/\/www.europesays.com\/fr\/wp-json\/wp\/v2\/types\/post"}],"author":[{"embeddable":true,"href":"https:\/\/www.europesays.com\/fr\/wp-json\/wp\/v2\/users\/2"}],"replies":[{"embeddable":true,"href":"https:\/\/www.europesays.com\/fr\/wp-json\/wp\/v2\/comments?post=56215"}],"version-history":[{"count":0,"href":"https:\/\/www.europesays.com\/fr\/wp-json\/wp\/v2\/posts\/56215\/revisions"}],"wp:featuredmedia":[{"embeddable":true,"href":"https:\/\/www.europesays.com\/fr\/wp-json\/wp\/v2\/media\/56216"}],"wp:attachment":[{"href":"https:\/\/www.europesays.com\/fr\/wp-json\/wp\/v2\/media?parent=56215"}],"wp:term":[{"taxonomy":"category","embeddable":true,"href":"https:\/\/www.europesays.com\/fr\/wp-json\/wp\/v2\/categories?post=56215"},{"taxonomy":"post_tag","embeddable":true,"href":"https:\/\/www.europesays.com\/fr\/wp-json\/wp\/v2\/tags?post=56215"}],"curies":[{"name":"wp","href":"https:\/\/api.w.org\/{rel}","templated":true}]}}