{"id":562161,"date":"2025-11-27T11:32:16","date_gmt":"2025-11-27T11:32:16","guid":{"rendered":"https:\/\/www.europesays.com\/fr\/562161\/"},"modified":"2025-11-27T11:32:16","modified_gmt":"2025-11-27T11:32:16","slug":"a-paris-swarovski-pose-sa-capsule-de-noel-sur-les-champs-elysees","status":"publish","type":"post","link":"https:\/\/www.europesays.com\/fr\/562161\/","title":{"rendered":"A Paris, Swarovski pose sa capsule de No\u00ebl sur les Champs-\u00c9lys\u00e9es"},"content":{"rendered":"<p>L&rsquo;avenue des Champs-\u00c9lys\u00e9es est-elle toujours la plus belle du monde? Aucun doute pour Swarovski, la maison autrichienne qui c\u00e9l\u00e8bre ses cent trente ans cette ann\u00e9e. Le roi du cristal, qui se vit aussi bien en version bijoux qu&rsquo;objets d&rsquo;arts et cr\u00e9ations mode. A 7500 kilom\u00e8tres de l\u00e0, c&rsquo;est \u00e0 <a href=\"https:\/\/www.vanityfair.fr\/dossier\/hollywood\" isautogenerated=\"true\" target=\"_blank\" rel=\"noopener\">Hollywood<\/a> qu&rsquo;elle vient d&rsquo;ailleurs d&rsquo;inaugurer une spectaculaire exposition o\u00f9 retrouver la tenue de <a href=\"https:\/\/www.vanityfair.fr\/dossier\/nicole-kidman\" isautogenerated=\"true\" target=\"_blank\" rel=\"noopener\">Nicole Kidman<\/a> dans le \u00ab Moulin Rouge \u00bb de <strong>Baz Luhrmann<\/strong>, la robe iconique port\u00e9e par <a href=\"https:\/\/www.vanityfair.fr\/dossier\/marilyn-monroe\" isautogenerated=\"true\" target=\"_blank\" rel=\"noopener\">Marilyn Monroe<\/a> en 1962 lors de l&rsquo;anniversaire de John Kennedy (et qui a r\u00e9cemment fait parler d&rsquo;elle gr\u00e2ce \u00e0 <a href=\"https:\/\/www.vanityfair.fr\/dossier\/kim-kardashian\" isautogenerated=\"true\" target=\"_blank\" rel=\"noopener\">Kim Kardashian<\/a>) et autres tr\u00e9sors du style et du glamour des XXe et XXIe si\u00e8cles.<\/p>\n<p><img decoding=\"async\" alt=\"A l'intiruer du popup Swarovski sur les ChampsElyses \u00e0 Paris.\" loading=\"lazy\" class=\"ResponsiveImageContainer-eNxvmU cfBbTk responsive-image__image\"   src=\"https:\/\/www.europesays.com\/fr\/wp-content\/uploads\/2025\/11\/Swarovski_Champs-Elyse%CC%81es_Pop-up%20(4).jpg\"\/><\/p>\n<p>A l&rsquo;int\u00e9iruer du pop-up Swarovski sur les Champs-Elys\u00e9es, \u00e0 Paris.<\/p>\n<p>AGOSTINO-OSIO-2024La forme hexagonale d&rsquo;un \u00e9crin \u00e0 bijoux<\/p>\n<p>A <a href=\"https:\/\/www.vanityfair.fr\/dossier\/paris\" isautogenerated=\"true\" target=\"_blank\" rel=\"noopener\">Paris<\/a>, c&rsquo;est tout en haut des Champs-\u00c9lys\u00e9es, \u00e0 c\u00f4t\u00e9 de l&rsquo;Arc de Triomphe, que la maison fait parler d&rsquo;elle. A l&rsquo;occasion des illuminations de fin d&rsquo;ann\u00e9e, lanc\u00e9es en grande pompe par <a href=\"https:\/\/www.vanityfair.fr\/dossier\/lea-seydoux\" isautogenerated=\"true\" target=\"_blank\" rel=\"noopener\">L\u00e9a Seydoux<\/a> gr\u00e2ce, entre autre, \u00e0 son soutien, Swarovski vient en effet d&rsquo;y d\u00e9voiler un spectaculaire pop-up install\u00e9 devant l&rsquo;Arc de Triomphe, reprenant la forme embl\u00e9matique de ses \u00e9crins \u00e0 bijoux. Il faut dire que les liens entre l&rsquo;entreprise et la Ville-Lumi\u00e8re ne datent pas d&rsquo;aujourd&rsquo;hui : inventeur de la premi\u00e8re machine \u00e9lectrique \u00e0 tailler le cristal au monde, Daniel Swarovski avait d\u00e9j\u00e0 pr\u00e9sent\u00e9 son expertise lors de l&rsquo;Exposition universelle de Paris en 1900\u2026 et collabor\u00e9 avec \u00e0 peu pr\u00e8s toutes les maisons de mode et de couture de la capitale, ville que sa directrice artistique <strong>Giovanna Engelbert<\/strong> connait bien pour l&rsquo;avoir arpent\u00e9e en long et en large lors de ses <a href=\"https:\/\/www.vanityfair.fr\/dossier\/fashion-week\" isautogenerated=\"true\" target=\"_blank\" rel=\"noopener\">fashion week<\/a>s.<\/p>\n<p><img decoding=\"async\" alt=\"Au sein du popup Swarovski des Champs\u00c9lyses \u00e0 Paris.\" loading=\"lazy\" class=\"ResponsiveImageContainer-eNxvmU cfBbTk responsive-image__image\"   src=\"https:\/\/www.europesays.com\/fr\/wp-content\/uploads\/2025\/11\/Swarovski_Champs-Elyse%CC%81es_Pop-up%20(3).jpg\"\/><\/p>\n<p>Au sein du pop-up Swarovski des Champs-\u00c9lys\u00e9es, \u00e0 Paris.<\/p>\n<p>AGOSTINO-OSIO-2024La couleur de la fin de l&rsquo;ann\u00e9e<\/p>\n<p>Imm\u00e9diatement identifiable gr\u00e2ce \u00e0 sa silhouette hexagonale, cette boutique \u00e9ph\u00e9m\u00e8re s&rsquo;habille aussi de jaune mordor\u00e9, l&rsquo;une des signatures chromatiques de Swarovski, qui r\u00e9pond \u00e0 la lumi\u00e8re dor\u00e9e de l&rsquo;\u00e9clairage des Champs-\u00c9lys\u00e9es.<\/p>\n<p><strong>A lire aussi :<\/strong><\/p>\n<p>La pr\u00e9sence du cristallier ne se limite d&rsquo;ailleurs pas au haut de l&rsquo;avenue. Sur le Rond-Point des Champs-\u00c9lys\u00e9es, les fontaines sont orn\u00e9es de cha\u00eenes en cristal Swarovski qui tournent pour cr\u00e9er une chor\u00e9graphie lumineuse, tandis qu&rsquo;\u00e0 l&rsquo;ext\u00e9rieur de Paris, au ch\u00e2teau de Versailles, les experts de la Maison ont restaur\u00e9 les somptueux lustres baroques et install\u00e9 des bougies LED pour intensifier leur \u00e9clat. Une scintillante d\u00e9claration d&rsquo;amour \u00e0 Paris et \u00e0 ses environs, mais surtout une parfaite destination pour trouver ce qu&rsquo;il faut en mati\u00e8res de cadeaux pour cette fin d&rsquo;ann\u00e9e\u2026<\/p>\n","protected":false},"excerpt":{"rendered":"L&rsquo;avenue des Champs-\u00c9lys\u00e9es est-elle toujours la plus belle du monde? Aucun doute pour Swarovski, la maison autrichienne qui&hellip;\n","protected":false},"author":2,"featured_media":562162,"comment_status":"","ping_status":"","sticky":false,"template":"","format":"standard","meta":{"footnotes":""},"categories":[1888],"tags":[1111,1928,11,1927,1777,674,1011,27,985,12,1926,626,1925,25,6747,721],"class_list":{"0":"post-562161","1":"post","2":"type-post","3":"status-publish","4":"format-standard","5":"has-post-thumbnail","7":"category-paris","8":"tag-actu","9":"tag-actu-paris","10":"tag-actualites","11":"tag-actualites-paris","12":"tag-eu","13":"tag-europe","14":"tag-fr","15":"tag-france","16":"tag-mode","17":"tag-news","18":"tag-news-paris","19":"tag-paris","20":"tag-paris-news","21":"tag-republique-francaise","22":"tag-textabovecentergridwidth","23":"tag-web"},"share_on_mastodon":{"url":"https:\/\/pubeurope.com\/@fr\/115621446109208065","error":""},"_links":{"self":[{"href":"https:\/\/www.europesays.com\/fr\/wp-json\/wp\/v2\/posts\/562161","targetHints":{"allow":["GET"]}}],"collection":[{"href":"https:\/\/www.europesays.com\/fr\/wp-json\/wp\/v2\/posts"}],"about":[{"href":"https:\/\/www.europesays.com\/fr\/wp-json\/wp\/v2\/types\/post"}],"author":[{"embeddable":true,"href":"https:\/\/www.europesays.com\/fr\/wp-json\/wp\/v2\/users\/2"}],"replies":[{"embeddable":true,"href":"https:\/\/www.europesays.com\/fr\/wp-json\/wp\/v2\/comments?post=562161"}],"version-history":[{"count":0,"href":"https:\/\/www.europesays.com\/fr\/wp-json\/wp\/v2\/posts\/562161\/revisions"}],"wp:featuredmedia":[{"embeddable":true,"href":"https:\/\/www.europesays.com\/fr\/wp-json\/wp\/v2\/media\/562162"}],"wp:attachment":[{"href":"https:\/\/www.europesays.com\/fr\/wp-json\/wp\/v2\/media?parent=562161"}],"wp:term":[{"taxonomy":"category","embeddable":true,"href":"https:\/\/www.europesays.com\/fr\/wp-json\/wp\/v2\/categories?post=562161"},{"taxonomy":"post_tag","embeddable":true,"href":"https:\/\/www.europesays.com\/fr\/wp-json\/wp\/v2\/tags?post=562161"}],"curies":[{"name":"wp","href":"https:\/\/api.w.org\/{rel}","templated":true}]}}