{"id":562171,"date":"2025-11-27T11:37:14","date_gmt":"2025-11-27T11:37:14","guid":{"rendered":"https:\/\/www.europesays.com\/fr\/562171\/"},"modified":"2025-11-27T11:37:14","modified_gmt":"2025-11-27T11:37:14","slug":"ce-que-lon-sait-de-lattaque-qui-a-vise-deux-militaires-de-la-garde-nationale-americaine-a-washington","status":"publish","type":"post","link":"https:\/\/www.europesays.com\/fr\/562171\/","title":{"rendered":"Ce que l&rsquo;on sait de l&rsquo;attaque qui a vis\u00e9 deux militaires de la garde nationale am\u00e9ricaine \u00e0 Washington"},"content":{"rendered":"\n<p class=\"c-chapo \">\n  Deux militaires d\u00e9ploy\u00e9s dans la capitale am\u00e9ricaine sont dans un \u00e9tat critique apr\u00e8s avoir \u00e9t\u00e9 touch\u00e9s mercredi par des tirs. Un suspect, de nationalit\u00e9 afghane, a \u00e9t\u00e9 arr\u00eat\u00e9. Donald Trump a d\u00e9nonc\u00e9 un \u00ab\u00a0acte de terreur\u00a0\u00bb et s&rsquo;en est pris \u00e0 l&rsquo;immigration.\n<\/p>\n<p>      lire plus tard<\/p>\n<p id=\"dialog__title\" class=\"dialog__title\">Pour sauvegarder cet article, connectez-vous ou cr\u00e9ez un compte franceinfo<\/p>\n<p class=\"dialog__description\">Sans paiement. Sans abonnement.<\/p>\n<p>        Fermer la fen\u00eatre d\u2019activation des notifications France Info<\/p>\n<p>      cr\u00e9er votre compte<\/p>\n<p>      se connecter<\/p>\n<p>        Fermer la fen\u00eatre de pr\u00e9sentation<\/p>\n<p>    <img loading=\"lazy\" decoding=\"async\" class=\"signature__image lazyload\" width=\"100\" height=\"100\" data- alt=\"\" src=\"https:\/\/www.europesays.com\/fr\/wp-content\/uploads\/2025\/05\/64a68815cd1a7_placeholder-36b69ec8.png\"\/><\/p>\n<p>    Publi\u00e9 le 27\/11\/2025 09:50<\/p>\n<p>        Temps de lecture : 5min<\/p>\n<p>    <img decoding=\"async\"  alt=\"Des militaires de la garde nationale, le 26 novembre 2025 \u00e0 Washington, aux Etats-Unis. (BRENDAN SMIALOWSKI \/ AFP)\" width=\"432\" height=\"243\" src=\"https:\/\/www.europesays.com\/fr\/wp-content\/uploads\/2025\/11\/000-86aw8p6-1-6927fb062ecbf193622933.jpg\" fetchpriority=\"high\"\/><\/p>\n<p>      Des militaires de la garde nationale, le 26 novembre 2025 \u00e0 Washington, aux Etats-Unis. (BRENDAN SMIALOWSKI \/ AFP)<\/p>\n<p>L&rsquo;attaque s&rsquo;est d\u00e9roul\u00e9e en plein c\u0153ur\u00a0de Washington, \u00e0 deux pas de la Maison Blanche. Deux militaires de la garde nationale, d\u00e9ploy\u00e9s dans la capitale am\u00e9ricaine, <a href=\"https:\/\/www.franceinfo.fr\/monde\/usa\/donald-trump-denonce-un-acte-de-terreur-et-l-immigration-apres-des-tirs-visant-deux-militaires-a-washington_7642736.html\" target=\"_blank\" rel=\"noopener\">ont \u00e9t\u00e9 vis\u00e9s<\/a> mercredi 26\u00a0novembre par des \u00ab\u00a0tirs cibl\u00e9s\u00a0\u00bb, ont annonc\u00e9 les autorit\u00e9s. Ils se trouvent dans un \u00ab\u00a0\u00e9tat critique\u00a0\u00bb. Donald Trump a d\u00e9nonc\u00e9 un \u00ab\u00a0acte de terrorisme\u00a0\u00bb et promis de renforcer ses politiques anti-immigration, apr\u00e8s l&rsquo;arrestation d&rsquo;un suspect, un ressortissant afghan. Voici ce que l&rsquo;on sait de cette attaque.<\/p>\n<p>Une attaque en plein centre de Washington<\/p>\n<p>Peu apr\u00e8s 14h15 (20h15 heure de Paris), un homme a surgi d&rsquo;une rue du centre de Washington et a attaqu\u00e9 des militaires de la garde nationale qui patrouillaient. Il \u00ab\u00a0a soulev\u00e9 son arme \u00e0 feu et a tir\u00e9 en direction de gardes nationaux\u00a0\u00bb, a d\u00e9clar\u00e9 lors d&rsquo;une conf\u00e9rence de presse Jeffery Carroll, un responsable de la police de Washington. D&rsquo;autres gardes nationaux sont ensuite parvenus \u00e0 la \u00ab\u00a0ma\u00eetriser pour l&rsquo;arr\u00eater\u00a0\u00bb. Muriel Bowser, la maire d\u00e9mocrate de Washington, a affirm\u00e9 que les tirs \u00e9taient \u00ab\u00a0cibl\u00e9s\u00a0\u00bb.<\/p>\n<p>Des journalistes de l&rsquo;AFP ont vu une personne v\u00eatue d&rsquo;un uniforme militaire \u00eatre \u00e9vacu\u00e9e sur un brancard. L&rsquo;attaque s&rsquo;est d\u00e9roul\u00e9e au c\u0153ur de Washington, pr\u00e8s de Farragut Square, \u00e0 deux pas de la Maison Blanche. Les deux victimes font partie des 2\u00a0000 militaires d\u00e9ploy\u00e9s \u00e0 Washington <a href=\"https:\/\/www.franceinfo.fr\/monde\/usa\/presidentielle\/donald-trump\/pourquoi-donald-trump-deploie-t-il-les-militaires-de-la-garde-nationale-a-washington_7431424.html\" target=\"_blank\" rel=\"noopener\">depuis le 11 ao\u00fbt par Donald Trump<\/a>. Le pr\u00e9sident am\u00e9ricain dit avoir pris cette mesure pour endiguer une criminalit\u00e9 galopante dans la capitale f\u00e9d\u00e9rale, constat que contestent les autorit\u00e9s locales d\u00e9mocrates.<\/p>\n<p>Deux militaires gravement bless\u00e9s<\/p>\n<p>Les deux militaires touch\u00e9s sont dans un \u00ab\u00a0\u00e9tat critique\u00a0\u00bb, selon Kash Patel, le directeur du FBI.\u00a0Le gouverneur am\u00e9ricain de Virginie-Occidentale, d&rsquo;o\u00f9 sont originaires les deux victimes, avait dans un premier temps annonc\u00e9 <a href=\"https:\/\/www.franceinfo.fr\/monde\/usa\/deux-militaires-de-la-garde-nationale-touches-par-des-tirs-pres-de-la-maison-blanche-un-suspect-a-ete-arrete_7641662.html\" target=\"_blank\" rel=\"noopener\">leur mort<\/a>, avant de revenir sur sa d\u00e9claration. Il a affirm\u00e9 avoir re\u00e7u des \u00ab\u00a0informations contradictoires\u00a0\u00bb. Plus tard dans la soir\u00e9e, Donald Trump a expliqu\u00e9 sur son r\u00e9seau Truth Social que les deux victimes \u00e9taient \u00ab\u00a0gri\u00e8vement bless\u00e9es\u00a0\u00bb.<\/p>\n<p>Un suspect qui a travaill\u00e9 avec l&rsquo;arm\u00e9e am\u00e9ricaine, selon les m\u00e9dias<\/p>\n<p>La police de Washington a fait savoir qu&rsquo;elle n&rsquo;avait pour l&rsquo;instant \u00ab\u00a0connaissance d&rsquo;aucun mobile\u00a0\u00bb, alors que le suspect, qui a \u00e9t\u00e9 bless\u00e9, a agi seul et a \u00e9t\u00e9 arr\u00eat\u00e9. Selon Donald Trump, l&rsquo;homme suspect\u00e9 de l&rsquo;attaque est arriv\u00e9 aux Etats-Unis en septembre en 2021 en provenance d&rsquo;Afghanistan, <a href=\"https:\/\/www.franceinfo.fr\/monde\/afghanistan\/afghanistan-le-jour-ou-les-talibans-sont-entres-dans-kaboul_4738355.html\" target=\"_blank\" rel=\"noopener\">lors de la prise de Kaboul par les talibans<\/a>. Plusieurs m\u00e9dias am\u00e9ricains, dont <a href=\"https:\/\/www.nbcnews.com\/news\/us-news\/suspect-national-guard-shooting-served-us-troops-afghanistan-relative-rcna246170\" target=\"_blank\" rel=\"noopener\">NBC News<\/a> et le <a href=\"https:\/\/www.washingtonpost.com\/dc-md-va\/2025\/11\/26\/national-guard-shooting-downtown-washington\/?itid=hp-top-table-main_p001_f002\" target=\"_blank\" rel=\"noopener\">Washington Post<\/a>, ont r\u00e9v\u00e9l\u00e9 que le suspect \u00e9tait un ressortissant afghan. Le FBI, charg\u00e9 de l&rsquo;enqu\u00eate, n&rsquo;a pas imm\u00e9diatement r\u00e9pondu aux sollicitations de l&rsquo;AFP \u00e0 ce sujet.<\/p>\n<p>\u00ab\u00a0Dans le sillage du retrait d\u00e9sastreux d&rsquo;Afghanistan par Joe Biden, l&rsquo;administration Biden a justifi\u00e9 d&#8217;emmener le tireur pr\u00e9sum\u00e9 aux Etats-Unis en septembre 2021 en raison de son travail pass\u00e9 avec le gouvernement am\u00e9ricain, y compris la CIA, en tant que membre d&rsquo;une force partenaire \u00e0 Kandahar [dans le sud de l&rsquo;Afghanistan]\u00a0\u00bb, a d\u00e9clar\u00e9 le directeur de la CIA, John Ratcliffe, \u00e0 <a href=\"https:\/\/www.foxnews.com\/politics\/alleged-national-guard-shooter-worked-us-government-entities-afghanistan-including-cia-ratcliffe\" target=\"_blank\" rel=\"noopener\">Fox News<\/a>.<\/p>\n<p>Donald Trump d\u00e9nonce un \u00ab\u00a0acte de terreur\u00a0\u00bb et s&rsquo;en prend \u00e0 l&rsquo;immigration<\/p>\n<p>Peu apr\u00e8s l&rsquo;annonce des \u00e9v\u00e9nements \u00e0 Washington, Donald Trump a r\u00e9agi sur sa plateforme Truth Social, affirmant que \u00ab\u00a0l&rsquo;animal qui a tir\u00e9 sur les deux gardes (&#8230;) est s\u00e9rieusement bless\u00e9, mais quoi qu&rsquo;il en soit, il paiera tr\u00e8s cher ce qu&rsquo;il a fait\u00a0\u00bb. Dans une allocution depuis la Floride, o\u00f9 il se trouve durant Thanksgiving,\u00a0Donald Trump a ensuite d\u00e9nonc\u00e9 un \u00ab\u00a0acte de haine et de terreur\u00a0\u00bb.\u00a0<\/p>\n<p>Il s&rsquo;est aussi livr\u00e9 \u00e0 une diatribe contre l&rsquo;immigration, qualifi\u00e9e de \u00ab\u00a0plus grande menace pour la s\u00e9curit\u00e9 nationale\u00a0\u00bb, en reprochant \u00e0 son pr\u00e9d\u00e9cesseur, Joe Biden, d&rsquo;avoir laiss\u00e9 entrer des \u00ab\u00a0millions\u00a0\u00bb d&rsquo;\u00e9trangers aux Etats-Unis. Le dirigeant r\u00e9publicain a dit que son gouvernement devait maintenant \u00ab\u00a0r\u00e9examiner\u00a0\u00bb la situation de tous les individus venus d&rsquo;Afghanistan aux Etats-Unis durant le mandat de son pr\u00e9d\u00e9cesseur.<\/p>\n<p>Peu apr\u00e8s cette allocution, l&rsquo;USCIS, une agence f\u00e9d\u00e9rale charg\u00e9e de l&rsquo;immigration, a annonc\u00e9 sur ses r\u00e9seaux sociaux la suspension imm\u00e9diate et \u00e0 dur\u00e9e ind\u00e9finie du \u00ab\u00a0traitement de toutes les demandes d&rsquo;immigration concernant des ressortissants afghans\u00a0\u00bb, \u00ab\u00a0dans l&rsquo;attente d&rsquo;un nouvel examen des protocoles de s\u00e9curit\u00e9 et de v\u00e9rification\u00a0\u00bb.<\/p>\n","protected":false},"excerpt":{"rendered":"Deux militaires d\u00e9ploy\u00e9s dans la capitale am\u00e9ricaine sont dans un \u00e9tat critique apr\u00e8s avoir \u00e9t\u00e9 touch\u00e9s mercredi par&hellip;\n","protected":false},"author":2,"featured_media":562172,"comment_status":"","ping_status":"","sticky":false,"template":"","format":"standard","meta":{"footnotes":""},"categories":[1589],"tags":[11,73,1866,12,1864,1865,1863,308],"class_list":{"0":"post-562171","1":"post","2":"type-post","3":"status-publish","4":"format-standard","5":"has-post-thumbnail","7":"category-etats-unis","8":"tag-actualites","9":"tag-etats-unis","10":"tag-etats-unis-damerique","11":"tag-news","12":"tag-united-states","13":"tag-united-states-of-america","14":"tag-us","15":"tag-usa"},"share_on_mastodon":{"url":"https:\/\/pubeurope.com\/@fr\/115621465727410420","error":""},"_links":{"self":[{"href":"https:\/\/www.europesays.com\/fr\/wp-json\/wp\/v2\/posts\/562171","targetHints":{"allow":["GET"]}}],"collection":[{"href":"https:\/\/www.europesays.com\/fr\/wp-json\/wp\/v2\/posts"}],"about":[{"href":"https:\/\/www.europesays.com\/fr\/wp-json\/wp\/v2\/types\/post"}],"author":[{"embeddable":true,"href":"https:\/\/www.europesays.com\/fr\/wp-json\/wp\/v2\/users\/2"}],"replies":[{"embeddable":true,"href":"https:\/\/www.europesays.com\/fr\/wp-json\/wp\/v2\/comments?post=562171"}],"version-history":[{"count":0,"href":"https:\/\/www.europesays.com\/fr\/wp-json\/wp\/v2\/posts\/562171\/revisions"}],"wp:featuredmedia":[{"embeddable":true,"href":"https:\/\/www.europesays.com\/fr\/wp-json\/wp\/v2\/media\/562172"}],"wp:attachment":[{"href":"https:\/\/www.europesays.com\/fr\/wp-json\/wp\/v2\/media?parent=562171"}],"wp:term":[{"taxonomy":"category","embeddable":true,"href":"https:\/\/www.europesays.com\/fr\/wp-json\/wp\/v2\/categories?post=562171"},{"taxonomy":"post_tag","embeddable":true,"href":"https:\/\/www.europesays.com\/fr\/wp-json\/wp\/v2\/tags?post=562171"}],"curies":[{"name":"wp","href":"https:\/\/api.w.org\/{rel}","templated":true}]}}