{"id":56219,"date":"2025-04-27T06:44:16","date_gmt":"2025-04-27T06:44:16","guid":{"rendered":"https:\/\/www.europesays.com\/fr\/56219\/"},"modified":"2025-04-27T06:44:16","modified_gmt":"2025-04-27T06:44:16","slug":"lyon-les-6-infos-quil-ne-fallait-surtout-pas-manquer-cette-semaine","status":"publish","type":"post","link":"https:\/\/www.europesays.com\/fr\/56219\/","title":{"rendered":"Lyon. Les 6 infos qu&rsquo;il ne fallait surtout pas manquer cette semaine"},"content":{"rendered":"<p>  &#13;<br \/>\n      <a href=\"https:\/\/cdn-s-www.leprogres.fr\/images\/42f527c7-0788-47bd-a8c4-9d956f9983e9\/NW_raw\/marche-de-la-croix-rousse-a-lyon-le-18-avril-photo-joel-philippon-1745688069.jpg\" title=\"March\u00e9 de la Croix-rousse \u00e0 Lyon, le 18 avril. Photo Jo\u00ebl Philippon\" class=\"chocolat-image GA-tracking\" data-ga_type=\"click\" data-ga_category=\"D\u00e9tail\" data-ga_action=\"zoomer\" data-ga_label=\"agrandir image\" rel=\"nofollow noopener\" target=\"_blank\">&#13;<br \/>\n          <img loading=\"lazy\" decoding=\"async\" src=\"https:\/\/www.europesays.com\/fr\/wp-content\/uploads\/2025\/04\/marche-de-la-croix-rousse-a-lyon-le-18-avril-photo-joel-philippon-1745688069.jpg\" data-mobile=\"NW_listC_M|1745688069\" data-base=\"NW_listC|1745688069\" alt=\"March\u00e9 de la Croix-rousse \u00e0 Lyon, le 18 avril. Photo Jo\u00ebl Philippon\"\/>&#13;<br \/>\n      <\/a>&#13;<\/p>\n<p>March\u00e9 de la Croix-rousse \u00e0 Lyon, le 18 avril. Photo Jo\u00ebl Philippon<\/p>\n<p>&#13;<\/p>\n<p>  Ces commerces qui ont du mal \u00e0 cohabiter\u00a0: \u00ab La Croix-Rousse est un march\u00e9 compliqu\u00e9 \u00bb<\/p>\n<p>Il arrive que le ton monte, bd de la Croix-Rousse. Les raisons de cette mauvaise humeur r\u00e9currente ?\u00a0 La cohabitation entre les commerces s\u00e9dentaires, les riverains\u00a0et les forains du march\u00e9 qui se tient tous les jours sauf le lundi sur de larges trottoirs. C&rsquo;est l&rsquo;un des plus gros march\u00e9 de Lyon. Le r\u00e8glement des march\u00e9s lyonnais est pourtant clair \u00a0: \u00ab les all\u00e9es de circulation sont laiss\u00e9es libre en permanence\u00a0\u00bb (&#8230;) \u00ab aucun v\u00e9hicule ne doit y stationner en dehors des op\u00e9rations de chargement et de d\u00e9chargement\u00a0\u00bb.<\/p>\n<p>&gt;&gt; Notre article \u00e0 <a href=\"https:\/\/www.leprogres.fr\/economie\/2025\/04\/22\/ces-commerces-qui-ont-du-mal-a-cohabiter-la-croix-rousse-est-un-marche-complique\" target=\"_blank\" rel=\"nofollow noopener\">LIRE ICI<\/a><\/p>\n<p>  &#13;<br \/>\n      <a href=\"https:\/\/cdn-s-www.leprogres.fr\/images\/ae2121f9-c0b3-4074-a241-559a32b1fb03\/NW_raw\/un-abri-de-100-m2-permettra-aux-enfants-de-se-refugier-en-cas-de-grosse-pluie-ou-de-forte-chaleur-realise-en-ossature-bois-il-beneficie-d-une-isolation-biosourcee-photo-remi-liogier-1745688068.jpg\" title=\"Un abri de 100 m2\u00a0permettra aux enfants de se r\u00e9fugier en cas de grosse pluie ou de forte chaleur. R\u00e9alis\u00e9 en ossature bois, il b\u00e9n\u00e9ficie d\u2019une isolation biosourc\u00e9e.\u00a0 Photo\u00a0R\u00e9mi Liogier\" class=\"chocolat-image GA-tracking\" data-ga_type=\"click\" data-ga_category=\"D\u00e9tail\" data-ga_action=\"zoomer\" data-ga_label=\"agrandir image\" rel=\"nofollow noopener\" target=\"_blank\">&#13;<br \/>\n          <img loading=\"lazy\" decoding=\"async\" src=\"https:\/\/www.europesays.com\/fr\/wp-content\/uploads\/2025\/04\/un-abri-de-100-m2-permettra-aux-enfants-de-se-refugier-en-cas-de-grosse-pluie-ou-de-forte-chaleur-re.jpeg\" data-mobile=\"NW_listC_M|1745688068\" data-base=\"NW_listC|1745688068\" alt=\"Un abri de 100 m2\u00a0permettra aux enfants de se r\u00e9fugier en cas de grosse pluie ou de forte chaleur. R\u00e9alis\u00e9 en ossature bois, il b\u00e9n\u00e9ficie d\u2019une isolation biosourc\u00e9e.\u00a0 Photo\u00a0R\u00e9mi Liogier\"\/>&#13;<br \/>\n      <\/a>&#13;<\/p>\n<p>Un abri de 100 m2\u00a0permettra aux enfants de se r\u00e9fugier en cas de grosse pluie ou de forte chaleur. R\u00e9alis\u00e9 en ossature bois, il b\u00e9n\u00e9ficie d\u2019une isolation biosourc\u00e9e.\u00a0 Photo\u00a0R\u00e9mi Liogier<\/p>\n<p>&#13;<\/p>\n<p>  Des enfants qui jouent, dorment et mangent \u00e0\u00a0l\u2019ext\u00e9rieur\u00a0: la premi\u00e8re cr\u00e8che de plein air s\u2019installe \u00e0 Lyon<\/p>\n<p>La future cr\u00e8che associative d\u2019ext\u00e9rieur du sud du parc Nelson-Mandela (Lyon 3e), permettra aux tout-petits d\u2019\u00e9voluer dehors, \u00e9t\u00e9 comme hiver. \u00ab\u00a0Une structure avant-gardiste\u00a0\u00bb, selon la Ville, qui entend dupliquer le concept, pour l&rsquo;instant unique en France. Parmi les bienfaits \u00a0: un meilleur sommeil, une hausse de la concentration ou encore une baisse de l\u2019agressivit\u00e9.<\/p>\n<p>&gt;&gt; Notre article \u00e0 <a href=\"https:\/\/www.leprogres.fr\/education\/2025\/04\/25\/des-enfants-qui-jouent-dorment-et-mangent-a-l-exterieur-cette-creche-de-plein-air-s-installe-a-lyon-une-premiere-en-france\" target=\"_blank\" rel=\"nofollow noopener\">LIRE ICI<\/a><\/p>\n<p>  &#13;<br \/>\n      <a href=\"https:\/\/cdn-s-www.leprogres.fr\/images\/038317e7-9f50-4962-9254-06cbc9a4f8da\/NW_raw\/la-terrasse-du-203-au-7-quai-fulchiron-a-lyon-5e-photo-sophie-majou-1745428337.jpg\" title=\"La terrasse du 203 au 7 quai Fulchiron \u00e0 Lyon 5e.Photo Sophie Majou\" class=\"chocolat-image GA-tracking\" data-ga_type=\"click\" data-ga_category=\"D\u00e9tail\" data-ga_action=\"zoomer\" data-ga_label=\"agrandir image\" rel=\"nofollow noopener\" target=\"_blank\">&#13;<br \/>\n          <img loading=\"lazy\" decoding=\"async\" src=\"https:\/\/www.europesays.com\/fr\/wp-content\/uploads\/2025\/04\/la-terrasse-du-203-au-7-quai-fulchiron-a-lyon-5e-photo-sophie-majou-1745428337.jpg\" data-mobile=\"NW_listC_M|1745428337\" data-base=\"NW_listC|1745428337\" alt=\"La terrasse du 203 au 7 quai Fulchiron \u00e0 Lyon 5e.Photo Sophie Majou\"\/>&#13;<br \/>\n      <\/a>&#13;<\/p>\n<p>La terrasse du 203 au 7 quai Fulchiron \u00e0 Lyon 5e.<br \/>Photo Sophie Majou<\/p>\n<p>&#13;<\/p>\n<p>  Terrasse non conforme\u00a0: la Ville veut faire fermer le caf\u00e9 restaurant 203<\/p>\n<p>Le caf\u00e9-restaurant 203 dans le Vieux Lyon est en danger. La Ville de Lyon demand\u00e9, le 27\u00a0mars\u00a02025, \u00e0 la Pr\u00e9fecture de fermer administrativement l\u2019\u00e9tablissement. En cause\u00a0: un agrandissement sauvage du p\u00e9rim\u00e8tre des deux jolies terrasses.\u00a0Le 203 a mis en ligne une p\u00e9tition de soutien, en milieu de semaine derni\u00e8re.<\/p>\n<p>&gt;&gt; Notre article \u00e0 <a href=\"https:\/\/www.leprogres.fr\/faits-divers-justice\/2025\/04\/23\/terrasse-non-conforme-la-ville-veut-faire-fermer-le-cafe-restaurant-203\" target=\"_blank\" rel=\"nofollow noopener\">LIRE ICI<\/a><\/p>\n<p>  &#13;<br \/>\n      <a href=\"https:\/\/cdn-s-www.leprogres.fr\/images\/909646ed-2f53-4a13-b870-e2a16ef6f04c\/NW_raw\/edouard-hoffmann-candidat-a-l-election-municipale-derriere-l-etiquette-saccage-lyon-evacue-par-des-policiers-municipaux-apres-avoir-apostrophe-la-premiere-adjointe-photo-maxime-jegat-1745578159.jpg\" title=\"\u00c9douard Hoffmann, candidat \u00e0 l\u2019\u00e9lection municipale derri\u00e8re l\u2019\u00e9tiquette &quot;Saccage Lyon&quot;, \u00e9vacu\u00e9 par des policiers municipaux apr\u00e8s avoir apostroph\u00e9 la premi\u00e8re adjointe.\u00a0 Photo Maxime Jegat\" class=\"chocolat-image GA-tracking\" data-ga_type=\"click\" data-ga_category=\"D\u00e9tail\" data-ga_action=\"zoomer\" data-ga_label=\"agrandir image\" rel=\"nofollow noopener\" target=\"_blank\">&#13;<br \/>\n          <img loading=\"lazy\" decoding=\"async\" src=\"https:\/\/www.europesays.com\/fr\/wp-content\/uploads\/2025\/04\/edouard-hoffmann-candidat-a-l-election-municipale-derriere-l-etiquette-saccage-lyon-evacue-par-des-p.jpeg\" data-mobile=\"NW_listC_M|1745578159\" data-base=\"NW_listC|1745578159\" alt=\"\u00c9douard Hoffmann, candidat \u00e0 l\u2019\u00e9lection municipale derri\u00e8re l\u2019\u00e9tiquette &quot;Saccage Lyon&quot;, \u00e9vacu\u00e9 par des policiers municipaux apr\u00e8s avoir apostroph\u00e9 la premi\u00e8re adjointe.\u00a0 Photo Maxime Jegat\"\/>&#13;<br \/>\n      <\/a>&#13;<\/p>\n<p>\u00c9douard Hoffmann, candidat \u00e0 l\u2019\u00e9lection municipale derri\u00e8re l\u2019\u00e9tiquette \u00ab\u00a0Saccage Lyon\u00a0\u00bb, \u00e9vacu\u00e9 par des policiers municipaux apr\u00e8s avoir apostroph\u00e9 la premi\u00e8re adjointe.\u00a0 Photo Maxime Jegat<\/p>\n<p>&#13;<\/p>\n<p>  Clash sur la place Bellecour\u00a0: un candidat aux municipales \u00e9vacu\u00e9 manu militari par la police<\/p>\n<p>Ce jeudi apr\u00e8s-midi, \u00c9douard Hoffmann, candidat d\u00e9clar\u00e9 aux municipales \u00e0 Lyon a surgi pour apostropher Audrey H\u00e9nocque, 1re\u00a0adjointe \u00e9cologiste qui pr\u00e9sentait le chantier de l\u2019ombri\u00e8re g\u00e9ante \u00e0 Bellecour (Lyon, 2e). \u00ab\u00a0Tournez-vous Mme\u00a0H\u00e9nocque\u00a0!\u00a0\u00bb, a lanc\u00e9 le Lyonnais, en montrant du doigt le tag g\u00e9ant \u00ab\u00a0Palestine vaincra\u00a0!\u00a0\u00bb assorti du drapeau palestinien, trac\u00e9 sur le fronton central d\u2019un immeuble \u00e0 l\u2019Est de la place Bellecour.\u00a0Il a \u00e9t\u00e9 \u00e9vacu\u00e9 manu militari par des policiers municipaux.<\/p>\n<p>&gt;&gt; Notre article \u00e0 <a href=\"https:\/\/www.leprogres.fr\/faits-divers-justice\/2025\/04\/24\/clash-sur-la-place-bellecour-edouard-hoffmann-evacue-manu-militari-par-la-police-municipale\" target=\"_blank\" rel=\"nofollow noopener\">LIRE ICI<\/a><\/p>\n<p>  &#13;<br \/>\n      <a href=\"https:\/\/cdn-s-www.leprogres.fr\/images\/b496aa86-21a8-4d94-92c5-c37ee67ea4f8\/NW_raw\/un-premier-test-durant-le-week-end-de-paques-sur-la-pelouse-de-la-coupole-photo-sylvie-silvestre-1745256627.jpg\" title=\"Un premier test durant le week-end de P\u00e2ques, sur la pelouse de la Coupole.Photo Sylvie Silvestre.\" class=\"chocolat-image GA-tracking\" data-ga_type=\"click\" data-ga_category=\"D\u00e9tail\" data-ga_action=\"zoomer\" data-ga_label=\"agrandir image\" rel=\"nofollow noopener\" target=\"_blank\">&#13;<br \/>\n          <img loading=\"lazy\" decoding=\"async\" src=\"https:\/\/www.europesays.com\/fr\/wp-content\/uploads\/2025\/04\/un-premier-test-durant-le-week-end-de-paques-sur-la-pelouse-de-la-coupole-photo-sylvie-silvestre-174.jpeg\" data-mobile=\"NW_listC_M|1745256627\" data-base=\"NW_listC|1745256627\" alt=\"Un premier test durant le week-end de P\u00e2ques, sur la pelouse de la Coupole.Photo Sylvie Silvestre.\"\/>&#13;<br \/>\n      <\/a>&#13;<\/p>\n<p>Un premier test durant le week-end de P\u00e2ques, sur la pelouse de la Coupole.<br \/>Photo Sylvie Silvestre.<\/p>\n<p>&#13;<\/p>\n<p>  In\u00e9dit\u00a0: une course solidaire\u2026 pieds nus au parc de la T\u00eate d\u2019Or<\/p>\n<p>La premi\u00e8re Foul\u00e9e d\u00e9chauss\u00e9e aura lieu le 25\u00a0mai sur les pelouses du parc. Elle est organis\u00e9e par le Foyer Notre-Dame des sans-abri.\u00a0\u00ab\u00a0Cette course propose de retirer ses chaussures comme un geste solidaire vis-\u00e0-vis de la grande pr\u00e9carit\u00e9 \u00bb,\u00a0pr\u00e9cisent les organisateurs.<\/p>\n<p>&gt;&gt; Notre article \u00e0 <a href=\"https:\/\/www.leprogres.fr\/insolite\/2025\/04\/21\/inedit-une-course-solidaire-pieds-nus-au-parc-de-la-tete-d-or\" target=\"_blank\" rel=\"nofollow noopener\">LIRE ICI<\/a><\/p>\n<p>  &#13;<br \/>\n      <a href=\"https:\/\/cdn-s-www.leprogres.fr\/images\/42b01ddf-9bc2-45ad-8d54-a6d177b43e97\/NW_raw\/des-sondages-ont-ete-realises-ces-derniers-a-la-confluence-le-trace-du-tramway-express-de-l-ouest-lyonnais-devrait-passer-par-la-rue-montrochet-photo-aline-duret-1745257230.jpg\" title=\"Des sondages ont \u00e9t\u00e9 r\u00e9alis\u00e9s ces derniers \u00e0 la Confluence. Le trac\u00e9 du Tramway Express de l&#039;Ouest Lyonnais devrait passer par la rue Montrochet.Photo Aline Duret\" class=\"chocolat-image GA-tracking\" data-ga_type=\"click\" data-ga_category=\"D\u00e9tail\" data-ga_action=\"zoomer\" data-ga_label=\"agrandir image\" rel=\"nofollow noopener\" target=\"_blank\">&#13;<br \/>\n          <img loading=\"lazy\" decoding=\"async\" src=\"https:\/\/www.europesays.com\/fr\/wp-content\/uploads\/2025\/04\/des-sondages-ont-ete-realises-ces-derniers-a-la-confluence-le-trace-du-tramway-express-de-l-ouest-ly.jpeg\" data-mobile=\"NW_listC_M|1745257230\" data-base=\"NW_listC|1745257230\" alt=\"Des sondages ont \u00e9t\u00e9 r\u00e9alis\u00e9s ces derniers \u00e0 la Confluence. Le trac\u00e9 du Tramway Express de l'Ouest Lyonnais devrait passer par la rue Montrochet.Photo Aline Duret\"\/>&#13;<br \/>\n      <\/a>&#13;<\/p>\n<p>Des sondages ont \u00e9t\u00e9 r\u00e9alis\u00e9s ces derniers \u00e0 la Confluence. Le trac\u00e9 du Tramway Express de l&rsquo;Ouest Lyonnais devrait passer par la rue Montrochet.<br \/>Photo Aline Duret<\/p>\n<p>&#13;<\/p>\n<p>  Le projet avance, les sondages se multiplient : o\u00f9 en est TEOL\u00a0qui va relier Lyon et Tassin ?<\/p>\n<p>L&rsquo;imposant projet du Tramway de l\u2019Ouest lyonnais (TEOL) doit relier Ala\u00ef (Tassin) \u00e0 Montrochet via la colline de Fourvi\u00e8re \u00e0 l\u2019horizon 2032.\u00a0Les interrogations sont nombreuses, les d\u00e9saccords subsistent\u00a0notamment du c\u00f4t\u00e9 de Tassin-la-Demi-Lune\u00a0et\u00a0l\u2019Autorit\u00e9 environnementale (Ae) qui a \u00e9t\u00e9 saisie pour avis par la pr\u00e9f\u00e8te du Rh\u00f4ne a, dans son rapport, multipli\u00e9 les recommandations comme autant de points de vigilance.<\/p>\n<p>&gt;&gt; Notre article \u00e0 <a href=\"https:\/\/www.leprogres.fr\/transport\/2025\/04\/21\/tram-de-l-ouest-lyonnais-deja-80-points-de-sondages-realises-a-plus-de-30-m-de-profondeur\" target=\"_blank\" rel=\"nofollow noopener\">LIRE ICI<\/a><\/p>\n","protected":false},"excerpt":{"rendered":"&#13; &#13; &#13; &#13; March\u00e9 de la Croix-rousse \u00e0 Lyon, le 18 avril. Photo Jo\u00ebl Philippon &#13; Ces&hellip;\n","protected":false},"author":2,"featured_media":56220,"comment_status":"","ping_status":"","sticky":false,"template":"","format":"standard","meta":{"footnotes":""},"categories":[1889],"tags":[1111,11,2430,4406,2757,1777,674,274,1011,27,2428,6016,12,25,2429,2803,800],"class_list":{"0":"post-56219","1":"post","2":"type-post","3":"status-publish","4":"format-standard","5":"has-post-thumbnail","7":"category-lyon","8":"tag-actu","9":"tag-actualites","10":"tag-auvergne-rhone-alpes","11":"tag-commerce-et-services","12":"tag-edition-lyon-villeurbanne","13":"tag-eu","14":"tag-europe","15":"tag-faits-divers-justice","16":"tag-fr","17":"tag-france","18":"tag-lyon","19":"tag-magazine-cuisine-et-vins","20":"tag-news","21":"tag-republique-francaise","22":"tag-rhone","23":"tag-transport","24":"tag-transports"},"share_on_mastodon":{"url":"https:\/\/pubeurope.com\/@fr\/114408578686097244","error":""},"_links":{"self":[{"href":"https:\/\/www.europesays.com\/fr\/wp-json\/wp\/v2\/posts\/56219","targetHints":{"allow":["GET"]}}],"collection":[{"href":"https:\/\/www.europesays.com\/fr\/wp-json\/wp\/v2\/posts"}],"about":[{"href":"https:\/\/www.europesays.com\/fr\/wp-json\/wp\/v2\/types\/post"}],"author":[{"embeddable":true,"href":"https:\/\/www.europesays.com\/fr\/wp-json\/wp\/v2\/users\/2"}],"replies":[{"embeddable":true,"href":"https:\/\/www.europesays.com\/fr\/wp-json\/wp\/v2\/comments?post=56219"}],"version-history":[{"count":0,"href":"https:\/\/www.europesays.com\/fr\/wp-json\/wp\/v2\/posts\/56219\/revisions"}],"wp:featuredmedia":[{"embeddable":true,"href":"https:\/\/www.europesays.com\/fr\/wp-json\/wp\/v2\/media\/56220"}],"wp:attachment":[{"href":"https:\/\/www.europesays.com\/fr\/wp-json\/wp\/v2\/media?parent=56219"}],"wp:term":[{"taxonomy":"category","embeddable":true,"href":"https:\/\/www.europesays.com\/fr\/wp-json\/wp\/v2\/categories?post=56219"},{"taxonomy":"post_tag","embeddable":true,"href":"https:\/\/www.europesays.com\/fr\/wp-json\/wp\/v2\/tags?post=56219"}],"curies":[{"name":"wp","href":"https:\/\/api.w.org\/{rel}","templated":true}]}}