{"id":562206,"date":"2025-11-27T12:00:20","date_gmt":"2025-11-27T12:00:20","guid":{"rendered":"https:\/\/www.europesays.com\/fr\/562206\/"},"modified":"2025-11-27T12:00:20","modified_gmt":"2025-11-27T12:00:20","slug":"les-regions-les-plus-touchees","status":"publish","type":"post","link":"https:\/\/www.europesays.com\/fr\/562206\/","title":{"rendered":"les r\u00e9gions les plus touch\u00e9es"},"content":{"rendered":"<p>                    Par<br \/>\n        <strong><br \/>\n            <a href=\"https:\/\/actu.fr\/auteur\/briac-trebert\" title=\"Consulter tous les articles de Briac Tr\u00e9bert\" target=\"_blank\" rel=\"noopener\">Briac Tr\u00e9bert<\/a><br \/>\n                    <\/strong><\/p>\n<p>        Publi\u00e9 le<\/p>\n<p>            27 nov. 2025 \u00e0 10h37        <\/p>\n<p>La <a href=\"https:\/\/actu.fr\/tag\/grippe\" target=\"_blank\" rel=\"noopener\">grippe<\/a> d\u00e9barque. <a href=\"https:\/\/actu.fr\/tag\/sante\" target=\"_blank\" rel=\"noopener\">Sant\u00e9<\/a> publique France, qui analyse les donn\u00e9es \u00e9pid\u00e9miologiques et virologiques issues de la m\u00e9decine ambulatoire (de ville), des collectivit\u00e9s de <a href=\"https:\/\/actu.fr\/tag\/seniors\" target=\"_blank\" rel=\"noopener\">personnes \u00e2g\u00e9es<\/a> et des <a href=\"https:\/\/actu.fr\/tag\/hopital\" target=\"_blank\" rel=\"noopener\">h\u00f4pitaux<\/a>, ainsi que les donn\u00e9es concernant les d\u00e9c\u00e8s, le confirme dans son bulletin diffus\u00e9 ce mercredi 26 novembre 2025.\u00a0<\/p>\n<p class=\" wall-content\">L\u2019augmentation des indicateurs grippe est d\u00e9sormais bien perceptible, et certaines r\u00e9gions passent ainsi en pr\u00e9-\u00e9pid\u00e9mie en cette fin novembre 2025, ainsi qu\u2019un d\u00e9partement en \u00e9pid\u00e9mie.<\/p>\n<p class=\" wall-content\">Les r\u00e9gions <strong style=\"font-size: 1.8rem;\">\u00cele-de-France<\/strong>, <strong style=\"font-size: 1.8rem;\">Normandie<\/strong> et <strong style=\"font-size: 1.8rem;\">Nouvelle-Aquitaine<\/strong> sont celles identifi\u00e9es en <strong>pr\u00e9-\u00e9pid\u00e9mie grippe<\/strong>. Le d\u00e9partement d\u2019outre-mer de Mayotte, lui, est en <strong>alerte \u00e9pid\u00e9mie<\/strong>.<\/p>\n<p>Les enfants particuli\u00e8rement touch\u00e9s<\/p>\n<p class=\" wall-content\">Et ce sont les <a style=\"font-size: 1.8rem;\" href=\"https:\/\/actu.fr\/tag\/enfants\" target=\"_blank\" rel=\"noopener\">enfants<\/a> qui semblent pour l\u2019heure les plus touch\u00e9s, selon Sant\u00e9 publique France. Les indicateurs \u00e0 l\u2019\u00e9chelle nationale grimpent (doucement) et l\u2019\u00e9pid\u00e9mie annuelle d\u00e9bute, donc.<\/p>\n<p class=\" wall-content\">Le stade de pr\u00e9-\u00e9pid\u00e9mie est\u00a0le moment o\u00f9 les chiffres commencent \u00e0 grimper, mais o\u00f9 tous les indicateurs ne sont pas encore dans le rouge.<\/p>\n<blockquote class=\"ac-article-quote wall-content\">\n<p>Du 17 au 23 novembre 2025, l&rsquo;activit\u00e9 grippale a augment\u00e9 dans toutes les classes d&rsquo;\u00e2ge dans l&rsquo;Hexagone, indiquant un d\u00e9marrage de la circulation des virus grippaux en population g\u00e9n\u00e9rale et particuli\u00e8rement chez les enfants. L&rsquo;Ile-de-France, la Normandie et<br \/>\nla Nouvelle-Aquitaine passent en pr\u00e9-\u00e9pid\u00e9mie. Les virus de type A est tr\u00e8s largement<br \/>\nmajoritaire, avec une co-circulation des sous-types A(H1N1)pdm09 et A(H3N2).<\/p>\n<p>    <strong>Sant\u00e9 publique France, ce mercredi 26 novembre 2025<\/strong>\n            <\/p><\/blockquote>\n<p class=\" wall-content\">Comme l\u2019ann\u00e9e derni\u00e8re, les clusters de grippe en Ehpad (\u00e9tablissement d\u2019h\u00e9bergement pour personnes \u00e2g\u00e9es d\u00e9pendantes) devraient prendre le relais de ceux de <a href=\"https:\/\/actu.fr\/societe\/coronavirus\" target=\"_blank\" rel=\"noopener\">Covid-19<\/a>, ces prochaines semaines.<\/p>\n<p>L\u2019an dernier, la grippe avait d\u00e9but\u00e9 en d\u00e9cembre 2024 et dur\u00e9 12 semaines<\/p>\n<p class=\" wall-content\">Le virus de la grippe s\u00e9vit habituellement d\u2019octobre \u00e0 mars. En m\u00e9tropole, l\u2019an pass\u00e9, l\u2019\u00e9pid\u00e9mie de grippe avait \u00e9t\u00e9 longue et s\u00e9v\u00e8re. Elle avait d\u00e9but\u00e9 en d\u00e9cembre 2024 et dur\u00e9 12 semaines.<\/p>\n<p class=\" wall-content\">Elle avait \u00e9t\u00e9 marqu\u00e9e par la co-circulation des trois virus A(H1N1), A(H3N2) et B\/Victoria, et avait \u00e9t\u00e9 responsable de pr\u00e8s de trois millions de consultations chez un m\u00e9decin pour syndrome grippal, 29 000 hospitalisations apr\u00e8s passage aux urgences pour grippe\/syndrome grippal et environ <strong>17 600 d\u00e9c\u00e8s en exc\u00e8s<\/strong>, toutes causes confondues.<\/p>\n<p>Votre r\u00e9gion, votre actu !<\/p>\n<p>Recevez chaque jour les infos qui comptent pour vous.<\/p>\n<p>\t<a href=\"https:\/\/actu.fr\/newsletter\" class=\"ac-btn ac-btn--corner ac-btn--medium ac-btn--blue800\" target=\"_blank\" rel=\"noopener\">S&rsquo;incrire<\/a><br \/>\nLa campagne de vaccination ouverte jusqu\u2019au 31 janvier 2026 avec cinq vaccins<\/p>\n<p class=\" wall-content\">L\u2019importance de la <strong>vaccination contre la grippe<\/strong> des personnes \u00e0 risque de complications et les professionnels de sant\u00e9, est mise en avant par les autorit\u00e9s sanitaires.<\/p>\n<p class=\" wall-content\">Si la vaccination ne permet pas toujours d\u2019\u00e9viter la grippe, <strong>elle r\u00e9duit le risque de complications graves ou de d\u00e9c\u00e8s<\/strong>. La campagne de vaccination a d\u00e9but\u00e9 le 9 septembre \u00e0 Mayotte et le 14 octobre 2025 en m\u00e9tropole, aux Antilles et en Guyane. Une campagne ouverte <strong>jusqu\u2019au 31 janvier 2026<\/strong>.<\/p>\n<p class=\" wall-content\">Parce que ce virus \u00e9volue chaque ann\u00e9e, il est indispensable de s\u2019en prot\u00e9ger et de se faire vacciner tous les ans \u00ab d\u00e8s l\u2019ouverture de la campagne \u00bb, conseillent les autorit\u00e9s.<\/p>\n<p class=\" wall-content\">Pour la saison 2025-2026,\u00a0cinq vaccins trivalents\u00a0prot\u00e9geant contre trois souches de virus sont utilis\u00e9s\u00a0: deux souches virales de type A (H1N1 et H3N2) et une souche virale de type B (Victoria), qui sont les souches circulantes actuellement.\u00a0<\/p>\n<p class=\" wall-content\">Ces vaccins sont Flucelvax Trivalent\u00ae, Influvac Trivalent\u00ae et Vaxigrip Trivalent\u00ae. Ils sont utilisables chez l\u2019enfant \u00e0 partir de six mois et chez l\u2019adulte. Les vaccins trivalents\u00a0Efluelda\u00ae\u00a0et\u00a0Fluad\u00ae\u00a0sont indiqu\u00e9s uniquement pour les plus de 65 ans.<\/p>\n<p class=\" wall-content\">Et il est possible de <strong>se faire vacciner contre la grippe et le Covid-19 le m\u00eame jour<\/strong>. Les injections se font alors dans deux endroits diff\u00e9rents (les deux bras par exemple).<\/p>\n<p>Quelles sont les personnes \u00e0 risque ?<\/p>\n<p class=\" wall-content\">Les personnes \u00e9ligibles \u00e0 la vaccination contre la grippe sont :<\/p>\n<ul class=\" wall-content\">\n<li>Les personnes \u00e2g\u00e9es de 65 ans et plus.<\/li>\n<li>Les personnes de moins de 65 ans, y compris les enfants d\u00e8s l\u2019\u00e2ge de 6 mois, souffrant de certaines maladies chroniques.<\/li>\n<li>Les femmes enceintes.<\/li>\n<li>Les personnes souffrant d\u2019ob\u00e9sit\u00e9 (indice de masse corporelle (IMC) sup\u00e9rieur ou \u00e9gal \u00e0 40).<\/li>\n<li>Les personnes s\u00e9journant dans un \u00e9tablissement de soins de suite ou dans un \u00e9tablissement m\u00e9dicosocial d\u2019h\u00e9bergement, quel que soit leur \u00e2ge.<\/li>\n<\/ul>\n<p class=\" wall-content\">La vaccination est aussi recommand\u00e9e \u00e0 d\u2019autres populations afin d\u2019assurer une protection indirecte en vaccinant :<\/p>\n<ul class=\" wall-content\">\n<li>Les professionnels de sant\u00e9 et tout professionnel en contact r\u00e9gulier et prolong\u00e9 avec des personnes \u00e0 risque de grippe s\u00e9v\u00e8re.<\/li>\n<li>L\u2019entourage des nourrissons de moins de six mois \u00e0 risque de complication grave de la grippe et des personnes immunod\u00e9prim\u00e9es.<\/li>\n<li>Les aides \u00e0 domicile des particuliers employeurs vuln\u00e9rables.<\/li>\n<li>Le personnel navigant des bateaux de croisi\u00e8re et des avions, le personnel de l\u2019industrie des voyages accompagnant les groupes de voyageurs (guides).<\/li>\n<li>Les professionnels expos\u00e9s aux virus influenza porcins et aviaires, pour \u00e9viter la transmission aux animaux des virus influenza humains. C\u2019est une mesure de protection collective contre les virus porcins ou aviaires et cette vaccination contre la grippe humaine peut en ralentir la circulation.<\/li>\n<\/ul>\n<p class=\" wall-content\">Pour toutes ces personnes, l\u2019Assurance maladie <strong>prend en charge leur vaccin \u00e0 100 %<\/strong>.<br \/>Le vaccin contre la grippe saisonni\u00e8re est \u00e9galement propos\u00e9 aux enfants de 2 \u00e0 17 ans r\u00e9volus sans maladie chronique (comorbidit\u00e9) et est prise en charge \u00e0 65 %.<\/p>\n<p>D\u2019autres moyens pour diminuer les risques<\/p>\n<p class=\" wall-content\">Les<strong> gestes barri\u00e8res<\/strong> diminuent \u00e9galement le risque d\u2019\u00eatre contamin\u00e9 par le virus et limitent sa propagation lors d\u2019une \u00e9pid\u00e9mie. Sant\u00e9 publique France a d\u2019ailleurs lanc\u00e9 une campagne de communication (spots t\u00e9l\u00e9 et radio, affichage\u2026) pour inciter \u00e0 respecter les trois principaux gestes de protection contre l\u2019ensemble de ces maladies. Il s\u2019agit de :<\/p>\n<ul class=\" wall-content\">\n<li>Mettre un masque \u00ab d\u00e8s les premiers sympt\u00f4mes \u00bb.<\/li>\n<li>Se laver souvent et correctement les mains.<\/li>\n<li>A\u00e9rer r\u00e9guli\u00e8rement les pi\u00e8ces.<\/li>\n<\/ul>\n<p class=\" wall-content\">La grippe est une maladie contagieuse, <strong>qui peut \u00eatre tr\u00e8s grave<\/strong>. Des complications peuvent appara\u00eetre (complications cardiaques, infections pulmonaires, aggravation d\u2019une maladie chronique\u2026).<\/p>\n<p class=\" wall-content\">Les autorit\u00e9s sanitaires fran\u00e7aises se sont f\u00e9licit\u00e9es cette semaine d\u2019un bon d\u00e9marrage pour la vaccination, apr\u00e8s des taux m\u00e9diocres en 2024\/2025, mais ont pr\u00e9venu qu\u2019il \u00e9tait trop t\u00f4t pour tirer de fermes conclusions sur le succ\u00e8s de la campagne.<\/p>\n<p class=\" wall-content\">Personnalisez votre actualit\u00e9 en ajoutant vos villes et m\u00e9dias en favori avec <a href=\"https:\/\/moncompte.actu.fr\" title=\"D\u00e9couvez Mon Actu\" rel=\"nofollow noopener\" data-trk=\"{&quot;cta&quot;:{&quot;action&quot;:&quot;https:\\\/\\\/moncompte.actu.fr&quot;,&quot;category&quot;:&quot;mon compte&quot;,&quot;from&quot;:&quot;article footer&quot;,&quot;name&quot;:&quot;Mon actu&quot;,&quot;type&quot;:&quot;cta&quot;}}\" target=\"_blank\">Mon Actu<\/a>.<\/p>\n","protected":false},"excerpt":{"rendered":"Par Briac Tr\u00e9bert Publi\u00e9 le 27 nov. 2025 \u00e0 10h37 La grippe d\u00e9barque. Sant\u00e9 publique France, qui analyse&hellip;\n","protected":false},"author":2,"featured_media":562207,"comment_status":"","ping_status":"","sticky":false,"template":"","format":"standard","meta":{"footnotes":""},"categories":[10],"tags":[1011,27,29786,72,71,104],"class_list":{"0":"post-562206","1":"post","2":"type-post","3":"status-publish","4":"format-standard","5":"has-post-thumbnail","7":"category-sante","8":"tag-fr","9":"tag-france","10":"tag-grippe","11":"tag-health","12":"tag-sante","13":"tag-societe"},"share_on_mastodon":{"url":"https:\/\/pubeurope.com\/@fr\/115621555511172905","error":""},"_links":{"self":[{"href":"https:\/\/www.europesays.com\/fr\/wp-json\/wp\/v2\/posts\/562206","targetHints":{"allow":["GET"]}}],"collection":[{"href":"https:\/\/www.europesays.com\/fr\/wp-json\/wp\/v2\/posts"}],"about":[{"href":"https:\/\/www.europesays.com\/fr\/wp-json\/wp\/v2\/types\/post"}],"author":[{"embeddable":true,"href":"https:\/\/www.europesays.com\/fr\/wp-json\/wp\/v2\/users\/2"}],"replies":[{"embeddable":true,"href":"https:\/\/www.europesays.com\/fr\/wp-json\/wp\/v2\/comments?post=562206"}],"version-history":[{"count":0,"href":"https:\/\/www.europesays.com\/fr\/wp-json\/wp\/v2\/posts\/562206\/revisions"}],"wp:featuredmedia":[{"embeddable":true,"href":"https:\/\/www.europesays.com\/fr\/wp-json\/wp\/v2\/media\/562207"}],"wp:attachment":[{"href":"https:\/\/www.europesays.com\/fr\/wp-json\/wp\/v2\/media?parent=562206"}],"wp:term":[{"taxonomy":"category","embeddable":true,"href":"https:\/\/www.europesays.com\/fr\/wp-json\/wp\/v2\/categories?post=562206"},{"taxonomy":"post_tag","embeddable":true,"href":"https:\/\/www.europesays.com\/fr\/wp-json\/wp\/v2\/tags?post=562206"}],"curies":[{"name":"wp","href":"https:\/\/api.w.org\/{rel}","templated":true}]}}