{"id":562212,"date":"2025-11-27T12:03:42","date_gmt":"2025-11-27T12:03:42","guid":{"rendered":"https:\/\/www.europesays.com\/fr\/562212\/"},"modified":"2025-11-27T12:03:42","modified_gmt":"2025-11-27T12:03:42","slug":"voici-toutes-les-offres-tech-incontournables-a-saisir","status":"publish","type":"post","link":"https:\/\/www.europesays.com\/fr\/562212\/","title":{"rendered":"voici toutes les offres Tech incontournables \u00e0 saisir"},"content":{"rendered":"<p>Cdiscount baisse le prix de nombreux produits Tech \u00e0 la Black Friday Week, dont la PS5, afin de pr\u00e9parer les f\u00eates. Les promotions se multiplient d\u00e9j\u00e0 sur le site, mais seules les plus int\u00e9ressantes ont \u00e9t\u00e9 s\u00e9lectionn\u00e9es ici, \u00e0 la veille du v\u00e9ritable Black Friday, pr\u00e9vu pour demain.<\/p>\n<p><a target=\"_blank\" href=\"https:\/\/images.frandroid.com\/wp-content\/uploads\/2025\/11\/cdiscount-black-friday-week-4.jpg\" class=\"article-content__figure\" rel=\"noopener\"><img fetchpriority=\"high\" decoding=\"async\" loading=\"eager\" width=\"1200\" height=\"675\" src=\"https:\/\/www.europesays.com\/fr\/wp-content\/uploads\/2025\/11\/cdiscount-black-friday-week-4.jpg\" alt=\"\" class=\"wp-image-2888301 wp-image wp-image\"  \/><\/a><\/p>\n<p>La<a href=\"https:\/\/www.frandroid.com\/bons-plans\/2864479_black-friday-2025-meilleures-offres-en-direct-amazon\" target=\"_blank\" rel=\"noopener\"> Black Friday Week<\/a> a bien \u00e9t\u00e9 entam\u00e9e chez Cdiscount, qui continue de brader une large s\u00e9lection de produits pour vous permettre de vous \u00e9quiper \u00e0 petit prix avant les f\u00eates. <a href=\"https:\/\/www.frandroid.com\/guide-dachat\/smartphones\/332196_10-smartphones-attendus-debut-2016\" target=\"_blank\" rel=\"noopener\">Smartphones<\/a>, <a href=\"https:\/\/www.frandroid.com\/guide-dachat\/guides-dachat-tv\/508152_quelle-television-4k-choisir-la-selection-de-la-redaction\" target=\"_blank\" rel=\"noopener\">t\u00e9l\u00e9viseurs<\/a>, <a href=\"https:\/\/www.frandroid.com\/guide-dachat\/guides-dachat-gaming\/1705105_quelles-sont-les-meilleures-consoles-portables-notre-selection\" target=\"_blank\" rel=\"noopener\">consoles de jeux<\/a>, <a href=\"https:\/\/www.frandroid.com\/guide-dachat\/638058_quels-sont-les-meilleurs-pc-portables-haut-de-gamme-de-2019\" target=\"_blank\" rel=\"noopener\">PC portables<\/a>\u2026 les promotions s\u2019encha\u00eenent et se renouvellent chaque jour. Il y a de belles \u00e9conomies \u00e0 la cl\u00e9, d\u2019autant que le v\u00e9ritable Black Friday \u2014 pr\u00e9vu pour le 28 novembre \u2014 approche \u00e0 grands pas. Voici les offres du moment que l\u2019on recommande sans h\u00e9sitation.<\/p>\n<p>Les meilleures offres \u00e0 saisir chez Cdiscount \u00e0 la Black Friday Week <\/p>\n<p>Asus TUF Gaming A16<\/p>\n<p>Avec son \u00e9cran 165 Hz et sa RTX 5070, l\u2019Asus TUF Gaming A16 a de quoi combler les attentes des joueurs confirm\u00e9s, et m\u00eame celles de ceux qui ont un budget restreint. Cdiscount le propose en ce moment avec 400 euros de r\u00e9duction. <a href=\"https:\/\/shop.frandroid.com\/xe2vd0v9\" target=\"_blank\" rel=\"noreferrer noopener\"><\/p>\n<p><a target=\"_blank\" href=\"https:\/\/images.frandroid.com\/wp-content\/uploads\/2025\/11\/asus-tuf-gaming-a16-black-friday.jpg\" class=\"article-content__figure\" rel=\"noopener\"><img loading=\"lazy\" decoding=\"async\" width=\"1200\" height=\"675\" src=\"https:\/\/www.europesays.com\/fr\/wp-content\/uploads\/2025\/11\/asus-tuf-gaming-a16-black-friday-1200x675.jpg\" alt=\"\" class=\"wp-image-2888271 wp-image\"  \/><\/a><\/p>\n<p>Les points essentiels de l\u2019Asus TUF Gaming A16<\/p>\n<ul class=\"wp-block-list\">\n<li>Une grande dalle IPS de 16 pouces + 165 Hz<\/li>\n<li>Un combo Ryzen 7 260 + RTX 5070 + 16 Go de RAM<\/li>\n<li>Un bon syst\u00e8me de refroidissement<\/li>\n<\/ul>\n<p>Initialement affich\u00e9 \u00e0 1 699,99 euros, l\u2019Asus TUF Gaming A16 est aujourd\u2019hui\u00a0disponible <a href=\"https:\/\/shop.frandroid.com\/w192kbf5\" target=\"_blank\" rel=\"noreferrer noopener affiliate nofollow\" data-gtm=\"{&quot;event&quot;:&quot;afficlic&quot;,&quot;nom_marchand&quot;:&quot;cdiscount&quot;,&quot;nom_produit&quot;:&quot;inconnu&quot;,&quot;categorie_produit&quot;:&quot;inconnu&quot;,&quot;module_produit&quot;:&quot;editolink&quot;,&quot;position_marchand&quot;:0,&quot;texte&quot;:&quot;en-promotion-a-1-299-99-euros-chez-cdiscount&quot;,&quot;offer_url&quot;:&quot;https:\/\/shop.frandroid.com\/w192kbf5&quot;,&quot;zone&quot;:&quot;contenu-page&quot;}\">en promotion \u00e0 1 299,99 euros chez Cdiscount<\/a>.\u00a0<strong>Attention, ce mod\u00e8le est livr\u00e9 sans Windows<\/strong>.<\/p>\n<p>PlayStation VR2<\/p>\n<p>Si vous souhaitez vous essayer \u00e0 la r\u00e9alit\u00e9 virtuelle durant vos sessions sur\u00a0<a href=\"https:\/\/www.frandroid.com\/produits\/consoles\/sony\/677161-sony-playstation-5\" target=\"_blank\" rel=\"noopener\">PS5<\/a>\u00a0ou PC, le casque <a href=\"https:\/\/www.frandroid.com\/produits\/casque-vr\/sony\/1240399-playstation-vr2\" target=\"_blank\" rel=\"noopener\">Sony PlayStation VR2<\/a> sera votre meilleur alli\u00e9. Bourr\u00e9 de technologies qui aident \u00e0 renforcer l\u2019immersion, ce mod\u00e8le haut de gamme vous permet d\u2019\u00eatre r\u00e9ellement acteur, et moins spectateur, dans votre partie.<\/p>\n<p><a target=\"_blank\" href=\"https:\/\/images.frandroid.com\/wp-content\/uploads\/2025\/11\/image-144-2.jpg\" class=\"article-content__figure\" rel=\"noopener\"><img loading=\"lazy\" decoding=\"async\" width=\"1200\" height=\"675\" src=\"https:\/\/www.europesays.com\/fr\/wp-content\/uploads\/2025\/11\/image-144-2-1200x675.jpg\" alt=\"\" class=\"wp-image-2888241 wp-image\"  \/><\/a><\/p>\n<p>Ce qu\u2019il faut retenir du PlayStation VR2<\/p>\n<ul class=\"wp-block-list\">\n<li>Un casque VR tr\u00e8s confortable<\/li>\n<li>De sublimes \u00e9crans OLED HDR<\/li>\n<li>Le retour haptique, les g\u00e2chettes adaptatives et le suivi du regard<\/li>\n<\/ul>\n<p>Lanc\u00e9 \u00e0 599,99 euros, puis r\u00e9duit \u00e0 449 euros, le Sony PlayStation VR2 est aujourd\u2019hui\u00a0disponible <a href=\"https:\/\/shop.frandroid.com\/q4vdg4vn\" target=\"_blank\" rel=\"noreferrer noopener affiliate nofollow\" data-gtm=\"{&quot;event&quot;:&quot;afficlic&quot;,&quot;nom_marchand&quot;:&quot;cdiscount&quot;,&quot;nom_produit&quot;:&quot;inconnu&quot;,&quot;categorie_produit&quot;:&quot;inconnu&quot;,&quot;module_produit&quot;:&quot;editolink&quot;,&quot;position_marchand&quot;:0,&quot;texte&quot;:&quot;en-promotion-a-349-euros-sur-cdiscount&quot;,&quot;offer_url&quot;:&quot;https:\/\/shop.frandroid.com\/q4vdg4vn&quot;,&quot;zone&quot;:&quot;contenu-page&quot;}\">en promotion \u00e0 349 euros sur Cdiscount.<\/a><\/p>\n<p>Forfait 400 Go 5G<\/p>\n<p>Un forfait cumulant 400 Go de date en 5G ? Oui c\u2019est possible, avec cette offre Cdiscount mobile qui ne vous co\u00fbtera pas plus de 10 euros par mois. Une aubaine pour les tr\u00e8s grands consommateurs de data. <\/p>\n<p><a href=\"https:\/\/images.frandroid.com\/wp-content\/uploads\/2025\/11\/image-141-7.jpg\" target=\"_blank\" class=\"article-content__figure\" rel=\"noopener\"><img loading=\"lazy\" decoding=\"async\" width=\"1200\" height=\"799\" src=\"https:\/\/www.europesays.com\/fr\/wp-content\/uploads\/2025\/11\/image-141-7-1200x799.jpg\" alt=\"\" class=\"wp-image-2886867 wp-image\"  \/><\/a><\/p>\n<p>Que propose ce forfait Cdiscount ? <\/p>\n<ul class=\"wp-block-list\">\n<li>400 Go d\u2019internet 5G en France m\u00e9tropolitaine<\/li>\n<li>25 Go en 4G depuis l\u2019UE et les DOM<\/li>\n<li>R\u00e9seau de Bouygues Telecom<\/li>\n<\/ul>\n<p>En ce moment et jusqu\u2019au 1\u1d49\u02b3 d\u00e9cembre,\u00a0ce forfait <a href=\"https:\/\/shop.frandroid.com\/rseleytb\" target=\"_blank\" rel=\"noreferrer noopener affiliate nofollow\" data-gtm=\"{&quot;event&quot;:&quot;afficlic&quot;,&quot;nom_marchand&quot;:&quot;cdiscount_mobile&quot;,&quot;nom_produit&quot;:&quot;inconnu&quot;,&quot;categorie_produit&quot;:&quot;inconnu&quot;,&quot;module_produit&quot;:&quot;editolink&quot;,&quot;position_marchand&quot;:0,&quot;texte&quot;:&quot;est-disponible-a-9-99-euros-par-mois-sur-le-site-de-cdiscount-mobile&quot;,&quot;offer_url&quot;:&quot;https:\/\/shop.frandroid.com\/rseleytb&quot;,&quot;zone&quot;:&quot;contenu-page&quot;}\">est disponible \u00e0 9,99 euros par mois sur le site de Cdiscount Mobile.<\/a><\/p>\n<p>MacBook Air 13 M4 <\/p>\n<p>C\u2019est une occasion en or si vous aviez besoin d\u2019un ordinateur portable. Le meilleur ultraportable du march\u00e9, le tout dernier\u00a0<a href=\"https:\/\/www.frandroid.com\/marques\/apple\/2584363_test-de-lapple-macbook-air-m4-plus-puissant-moins-cher-que-demander-de-plus\" target=\"_blank\" rel=\"noopener\">MacBook Air<\/a>\u00a0avec sa puce M4, voit son prix chuter en 13 pouces. Puissant, silencieux, tr\u00e8s endurant et compact, l\u2019ordinateur iconique d\u2019Apple peut convenir \u00e0 tous les publics.<\/p>\n<p><a href=\"https:\/\/images.frandroid.com\/wp-content\/uploads\/2025\/11\/macbook-air-13-m4-black-friday.jpg\" target=\"_blank\" class=\"article-content__figure\" rel=\"noopener\"><img loading=\"lazy\" decoding=\"async\" width=\"1200\" height=\"675\" src=\"https:\/\/www.europesays.com\/fr\/wp-content\/uploads\/2025\/11\/macbook-air-13-m4-black-friday-1200x675.jpg\" alt=\"\" class=\"wp-image-2886837 wp-image\"  \/><\/a><\/p>\n<p>Ce qu\u2019on appr\u00e9cie de l\u2019Apple MacBook Air 13 M4<\/p>\n<ul class=\"wp-block-list\">\n<li>Un rapport performances\/autonomie optimal<\/li>\n<li>Un \u00e9cran IPS-LCD rafra\u00eechi \u00e0 60 Hz, mais d\u2019excellente qualit\u00e9<\/li>\n<li>macOS, un bonheur pour les adeptes<\/li>\n<\/ul>\n<p>D\u2019ordinaire, le MacBook Air 13 M4 en 256 + 16 Go est vendu \u00e0 1099 euros, mais en ce moment, on le trouve <a href=\"https:\/\/shop.frandroid.com\/ckacw1m4\" target=\"_blank\" rel=\"noreferrer noopener affiliate nofollow\" data-gtm=\"{&quot;event&quot;:&quot;afficlic&quot;,&quot;nom_marchand&quot;:&quot;cdiscount&quot;,&quot;nom_produit&quot;:&quot;inconnu&quot;,&quot;categorie_produit&quot;:&quot;inconnu&quot;,&quot;module_produit&quot;:&quot;editolink&quot;,&quot;position_marchand&quot;:0,&quot;texte&quot;:&quot;en-promotion-a-899-euros-sur-cdiscount&quot;,&quot;offer_url&quot;:&quot;https:\/\/shop.frandroid.com\/ckacw1m4&quot;,&quot;zone&quot;:&quot;contenu-page&quot;}\">en promotion \u00e0 899 euros sur Cdiscount.<\/a><\/p>\n<p>Apple Watch SE 3\u00a0<\/p>\n<p>Apple veut s\u00e9duire ceux qui n\u2019ont pas 400 euros \u00e0 mettre dans une montre connect\u00e9e. Le r\u00e9sultat ? Une Apple Watch SE 3 modernis\u00e9e, boost\u00e9e, avec un Always-On\u2026 et qui perd 20 euros de son prix pendant la Black Friday Week.<a href=\"https:\/\/shop.frandroid.com\/z1inlasv\" target=\"_blank\" rel=\"noreferrer noopener\"><\/p>\n<p><a href=\"https:\/\/images.frandroid.com\/wp-content\/uploads\/2025\/11\/apple-watch-se-3-black-friday-frandroid.jpg\" target=\"_blank\" class=\"article-content__figure\" rel=\"noopener\"><img loading=\"lazy\" decoding=\"async\" width=\"1200\" height=\"675\" src=\"https:\/\/www.europesays.com\/fr\/wp-content\/uploads\/2025\/11\/apple-watch-se-3-black-friday-frandroid-1200x675.jpg\" alt=\"\" class=\"wp-image-2881087 wp-image\"  \/><\/a><\/p>\n<p>Les forces de l\u2019Apple Watch SE 3<\/p>\n<ul class=\"wp-block-list\">\n<li>Un suivi GPS pr\u00e9cis<\/li>\n<li>Le tr\u00e8s attendu mode Always On<\/li>\n<li>Une montre Apple accessible<\/li>\n<\/ul>\n<p>Au lieu de 269 euros, l\u2019Apple Watch SE 3 est\u00a0aujourd\u2019hui <a href=\"https:\/\/shop.frandroid.com\/k02bzzlc\" target=\"_blank\" rel=\"noreferrer noopener affiliate nofollow\" data-gtm=\"{&quot;event&quot;:&quot;afficlic&quot;,&quot;nom_marchand&quot;:&quot;cdiscount&quot;,&quot;nom_produit&quot;:&quot;inconnu&quot;,&quot;categorie_produit&quot;:&quot;inconnu&quot;,&quot;module_produit&quot;:&quot;editolink&quot;,&quot;position_marchand&quot;:0,&quot;texte&quot;:&quot;remisee-a-249-euros-sur-cdiscount&quot;,&quot;offer_url&quot;:&quot;https:\/\/shop.frandroid.com\/k02bzzlc&quot;,&quot;zone&quot;:&quot;contenu-page&quot;}\">remis\u00e9e \u00e0 249 euros sur Cdiscount.<\/a>\u00a0<\/p>\n<p>Lenovo IdeaPad Slim 3 <\/p>\n<p>Si vous souhaitez changer votre \u00e9quipement de travail sans vous ruiner en cette Black Friday Week, vous pourriez par exemple miser sur le Lenovo IdeaPad Slim 3. Cet ultrabook fluide et puissant peut en ce moment vous revenir \u00e0 599,99 euros au lieu de 649,99 euros chez Cdiscount.<\/p>\n<p><a href=\"https:\/\/images.frandroid.com\/wp-content\/uploads\/2025\/11\/lenovo-ideapad-slim-3-16irh10-black-friday-2025.jpg\" target=\"_blank\" class=\"article-content__figure\" rel=\"noopener\"><img loading=\"lazy\" decoding=\"async\" width=\"1200\" height=\"675\" src=\"https:\/\/www.europesays.com\/fr\/wp-content\/uploads\/2025\/11\/lenovo-ideapad-slim-3-16irh10-black-friday-2025-1200x675.jpg\" alt=\"\" class=\"wp-image-2883405 wp-image\"  \/><\/a><\/p>\n<p>Ce qu\u2019il faut savoir sur le Lenovo IdeaPad Slim 3 <\/p>\n<ul class=\"wp-block-list\">\n<li>Un laptop l\u00e9ger<\/li>\n<li>Un combo i7 de 13e gen + 24 Go de RAM + un SSD de 1 To<\/li>\n<li>La charge rapide disponible <\/li>\n<\/ul>\n<p>Auparavant affich\u00e9 \u00e0 699,99 euros, puis r\u00e9duit \u00e0 649,99 euros, le Lenovo IdeaPad Slim 3 16IRH10 est aujourd\u2019hui <a href=\"https:\/\/shop.frandroid.com\/lrybx48a\" target=\"_blank\" rel=\"noreferrer noopener affiliate nofollow\" data-gtm=\"{&quot;event&quot;:&quot;afficlic&quot;,&quot;nom_marchand&quot;:&quot;cdiscount&quot;,&quot;nom_produit&quot;:&quot;inconnu&quot;,&quot;categorie_produit&quot;:&quot;inconnu&quot;,&quot;module_produit&quot;:&quot;editolink&quot;,&quot;position_marchand&quot;:0,&quot;texte&quot;:&quot;disponible-en-promotion-a-599-99-euros-chez-cdiscount&quot;,&quot;offer_url&quot;:&quot;https:\/\/shop.frandroid.com\/lrybx48a&quot;,&quot;zone&quot;:&quot;contenu-page&quot;}\">disponible en promotion \u00e0 599,99 euros chez Cdiscount<\/a>.<\/p>\n<p>PS5 Slim <\/p>\n<p>Sony ne fait pas les choses \u00e0 moiti\u00e9 avec des promos sur tous les mod\u00e8les de PlayStation 5, notamment<a href=\"https:\/\/www.frandroid.com\/produits\/consoles\/sony\/1826913-sony-playstation-5-slim\" target=\"_blank\" rel=\"noopener\"> la Slim<\/a> qui passe de 549 euros \u00e0 449 euros et <a href=\"https:\/\/www.frandroid.com\/produits\/consoles\/sony\/2331214-sony-playstation-5-pro\" target=\"_blank\" rel=\"noopener\">la Pro<\/a> qui passe de 799 euros \u00e0 699 euros.<\/p>\n<p><a href=\"https:\/\/images.frandroid.com\/wp-content\/uploads\/2025\/11\/playstation-5-slim-et-playstation-5-pro-black-friday-2025.jpg\" target=\"_blank\" class=\"article-content__figure\" rel=\"noopener\"><img loading=\"lazy\" decoding=\"async\" width=\"1200\" height=\"675\" src=\"https:\/\/www.europesays.com\/fr\/wp-content\/uploads\/2025\/11\/1764245009_694_playstation-5-slim-et-playstation-5-pro-black-friday-2025-1200x675.jpg\" alt=\"\" class=\"wp-image-2878561 wp-image\"  \/><\/a><\/p>\n<p>Les points forts de la PlayStation 5 Slim<\/p>\n<ul class=\"wp-block-list\">\n<li>Son format plus compact<\/li>\n<li>Le lecteur blu-ray est amovible<\/li>\n<li>Le nouveau syst\u00e8me pour ajouter un SSD<\/li>\n<\/ul>\n<p>Pour la <a href=\"https:\/\/www.frandroid.com\/bons-plans\/2876855_la-black-friday-week-commence-officiellement-sur-amazon-voici-les-meilleures-offres-en-direct\" target=\"_blank\" rel=\"noreferrer noopener\">Black Friday Week<\/a>, la PS5 Slim passe <a href=\"https:\/\/shop.frandroid.com\/yxc36sug\" target=\"_blank\" rel=\"noreferrer noopener affiliate nofollow\" data-gtm=\"{&quot;event&quot;:&quot;afficlic&quot;,&quot;nom_marchand&quot;:&quot;cdiscount&quot;,&quot;nom_produit&quot;:&quot;inconnu&quot;,&quot;categorie_produit&quot;:&quot;inconnu&quot;,&quot;module_produit&quot;:&quot;editolink&quot;,&quot;position_marchand&quot;:0,&quot;texte&quot;:&quot;a-449-euros-au-lieu-de-549-euros&quot;,&quot;offer_url&quot;:&quot;https:\/\/shop.frandroid.com\/yxc36sug&quot;,&quot;zone&quot;:&quot;contenu-page&quot;}\">\u00e0 449 euros au lieu de 549 euros<\/a>, la PS5 Pro <a href=\"https:\/\/shop.frandroid.com\/kjuvlwfb\" target=\"_blank\" rel=\"noreferrer noopener affiliate nofollow\" data-gtm=\"{&quot;event&quot;:&quot;afficlic&quot;,&quot;nom_marchand&quot;:&quot;cdiscount&quot;,&quot;nom_produit&quot;:&quot;inconnu&quot;,&quot;categorie_produit&quot;:&quot;inconnu&quot;,&quot;module_produit&quot;:&quot;editolink&quot;,&quot;position_marchand&quot;:0,&quot;texte&quot;:&quot;a-699-euros-au-lieu-de-799-euros&quot;,&quot;offer_url&quot;:&quot;https:\/\/shop.frandroid.com\/kjuvlwfb&quot;,&quot;zone&quot;:&quot;contenu-page&quot;}\">\u00e0 699 euros au lieu de 799 euros. <\/a><\/p>\n<p>Clair Obscur: Expedition 33 <\/p>\n<p>Clair Obscur : Expedition 33 a cr\u00e9\u00e9 la surprise d\u00e9but 2025. Si vous souhaitez essayer le potentiel jeu de l\u2019ann\u00e9e sur PS5, sachez qu\u2019il est \u00e0 36,99 euros au lieu de 49,99 euros sur Cdiscount. <\/p>\n<p><a href=\"https:\/\/images.frandroid.com\/wp-content\/uploads\/2025\/11\/clair-obscur-expedition-33-ps5-pre-black-friday-2025.jpg\" target=\"_blank\" class=\"article-content__figure\" rel=\"noopener\"><img loading=\"lazy\" decoding=\"async\" width=\"1200\" height=\"675\" src=\"https:\/\/www.europesays.com\/fr\/wp-content\/uploads\/2025\/11\/1763827178_420_clair-obscur-expedition-33-ps5-pre-black-friday-2025-1200x675.jpg\" alt=\"\" class=\"wp-image-2868823 wp-image\"  \/><\/a><\/p>\n<p>Ce qu\u2019on appr\u00e9cie du jeu Clair Obscur Expedition 33<\/p>\n<ul class=\"wp-block-list\">\n<li>Une bande-son qui devrait \u00eatre nomm\u00e9e aux Grammy Awards<\/li>\n<li>Le gameplay des combats \u00e0 base d\u2019esquive et de parade<\/li>\n<li>Un sc\u00e9nario et un casting de choix, une VF de qualit\u00e9<\/li>\n<\/ul>\n<p>Clair Obscur : Expedition 33 n\u2019\u00e9tait pas trop cher, de base, puisqu\u2019il \u00e9tait \u00e0 49,99 euros. Mais avec cette offre Cdiscount pour le pr\u00e9-Black Friday, vous pouvez l\u2019obtenir <a href=\"https:\/\/shop.frandroid.com\/rklff6en\" target=\"_blank\" rel=\"noreferrer noopener affiliate nofollow\" data-gtm=\"{&quot;event&quot;:&quot;afficlic&quot;,&quot;nom_marchand&quot;:&quot;cdiscount&quot;,&quot;nom_produit&quot;:&quot;inconnu&quot;,&quot;categorie_produit&quot;:&quot;inconnu&quot;,&quot;module_produit&quot;:&quot;editolink&quot;,&quot;position_marchand&quot;:0,&quot;texte&quot;:&quot;pour-seulement-36-99-euros&quot;,&quot;offer_url&quot;:&quot;https:\/\/shop.frandroid.com\/rklff6en&quot;,&quot;zone&quot;:&quot;contenu-page&quot;}\">pour seulement 36,99 euros.<\/a><\/p>\n<p>Xiaomi Electric Scooter 4 Lite 2nd Gen<\/p>\n<p>La deuxi\u00e8me g\u00e9n\u00e9ration de la Xiaomi Electric Scooter 4 Lite est  parfaite pour qui souhaite une premi\u00e8re <a href=\"https:\/\/www.frandroid.com\/guide-dachat\/guides-dachat-survoltes\/guides-dachat-trottinettes-electriques\/617520_quelle-trottinette-electrique-acheter\" target=\"_blank\" rel=\"noopener\">trottinette \u00e9lectrique.<\/a> C\u2019est un engin stable, maniable et surtout peu ch\u00e8re. Pendant le pr\u00e9-Black Friday, c\u2019est encore plus le cas puisqu\u2019on la trouve \u00e0 moins de 250 euros. <a href=\"https:\/\/shop.frandroid.com\/nzworigl\" target=\"_blank\" rel=\"noreferrer noopener\"><\/p>\n<p><a href=\"https:\/\/images.frandroid.com\/wp-content\/uploads\/2025\/11\/xiaomi-electric-scooter-4-lite-2nd-gen-pre-black-friday.jpg\" target=\"_blank\" class=\"article-content__figure\" rel=\"noopener\"><img loading=\"lazy\" decoding=\"async\" width=\"1200\" height=\"675\" src=\"https:\/\/www.europesays.com\/fr\/wp-content\/uploads\/2025\/11\/xiaomi-electric-scooter-4-lite-2nd-gen-pre-black-friday-1200x675.jpg\" alt=\"\" class=\"wp-image-2871337 wp-image\"  \/><\/a><\/p>\n<p>La Xiaomi Electric Scooter 4 Lite 2nd Gen en r\u00e9sum\u00e9<\/p>\n<ul class=\"wp-block-list\">\n<li>Un mod\u00e8le certifi\u00e9 IPX4<\/li>\n<li>Des pneus plus larges<\/li>\n<li>Une puissance nominale de 300 W<\/li>\n<\/ul>\n<p>Initialement affich\u00e9e \u00e0 309,99 euros, la Xiaomi Electric Scooter 4 Lite (2nd Gen) est aujourd\u2019hui\u00a0disponible <a href=\"https:\/\/shop.frandroid.com\/ke5i9iej\" target=\"_blank\" rel=\"noreferrer noopener affiliate nofollow\" data-gtm=\"{&quot;event&quot;:&quot;afficlic&quot;,&quot;nom_marchand&quot;:&quot;cdiscount&quot;,&quot;nom_produit&quot;:&quot;inconnu&quot;,&quot;categorie_produit&quot;:&quot;inconnu&quot;,&quot;module_produit&quot;:&quot;editolink&quot;,&quot;position_marchand&quot;:0,&quot;texte&quot;:&quot;en-promotion-a-249-99-euros-chez-cdiscount&quot;,&quot;offer_url&quot;:&quot;https:\/\/shop.frandroid.com\/ke5i9iej&quot;,&quot;zone&quot;:&quot;contenu-page&quot;}\">en promotion \u00e0 249,99 euros chez Cdiscount<\/a>.<\/p>\n<p>Lenovo Legion 5 15IRX10<\/p>\n<p>Une configuration performante coupl\u00e9e \u00e0 un \u00e9cran fluide ? C\u2019est la recette que propose ce Lenovo Legion 5 15IRX10. La dalle de 15,3 pouces a toutes les dispositions n\u00e9cessaires pour des sessions de jeu prolong\u00e9es. La configuration autour de l\u2019Intel Core i7 et de la RTX 5070 ne g\u00e2chent rien. <\/p>\n<p><a href=\"https:\/\/images.frandroid.com\/wp-content\/uploads\/2025\/11\/lenovo-legion-5-15irx10-pre-black-friday-1.jpg\" target=\"_blank\" class=\"article-content__figure\" rel=\"noopener\"><img loading=\"lazy\" decoding=\"async\" width=\"1200\" height=\"675\" src=\"https:\/\/www.europesays.com\/fr\/wp-content\/uploads\/2025\/11\/1763397564_320_lenovo-legion-5-15irx10-pre-black-friday-1-1200x675.jpg\" alt=\"\" class=\"wp-image-2861463 wp-image\"  \/><\/a><\/p>\n<p>Les points forts du Lenovo Legion 5 15IRX10<\/p>\n<ul class=\"wp-block-list\">\n<li>La dalle 165 Hz de 15,3 pouces<\/li>\n<li>Une configuration Core i7 et RTX 5070<\/li>\n<li>Windows 11 \u00e0 installer<\/li>\n<\/ul>\n<p>Sur les premi\u00e8res offres du Black Friday chez Cdiscount, il est possible d\u2019acheter ce PC portable en promotion. <a href=\"https:\/\/shop.frandroid.com\/nx1sg0dn\" target=\"_blank\" rel=\"noreferrer noopener affiliate nofollow\" data-gtm=\"{&quot;event&quot;:&quot;afficlic&quot;,&quot;nom_marchand&quot;:&quot;cdiscount&quot;,&quot;nom_produit&quot;:&quot;inconnu&quot;,&quot;categorie_produit&quot;:&quot;inconnu&quot;,&quot;module_produit&quot;:&quot;editolink&quot;,&quot;position_marchand&quot;:0,&quot;texte&quot;:&quot;le-lenovo-legion-5-15-irx-10-est-a-1399-euros-au-lieu-de-1649-euros&quot;,&quot;offer_url&quot;:&quot;https:\/\/shop.frandroid.com\/nx1sg0dn&quot;,&quot;zone&quot;:&quot;contenu-page&quot;}\">Le Lenovo Legion 5 15IRX10 est \u00e0 1 399,99 euros au lieu de 1 649,99 euros<\/a>.<\/p>\n<p>TCL 75C803<\/p>\n<p>Si vous cherchez un <a href=\"https:\/\/www.frandroid.com\/guide-dachat\/guides-dachat-tv\/508152_quelle-television-4k-choisir-la-selection-de-la-redaction\" target=\"_blank\" rel=\"noopener\">TV<\/a> pour toutes vos formes de divertissement avec du QLED Mini LED, une fr\u00e9quence de rafra\u00eechissement de 144 Hz et un prix en baisse, le TCL 75C803 \u00e0 moins de 800 euros.<\/p>\n<p><a href=\"https:\/\/images.frandroid.com\/wp-content\/uploads\/2025\/11\/tcl-75c803-pre-black-friday.jpg\" target=\"_blank\" class=\"article-content__figure\" rel=\"noopener\"><img loading=\"lazy\" decoding=\"async\" width=\"1200\" height=\"675\" src=\"https:\/\/www.europesays.com\/fr\/wp-content\/uploads\/2025\/11\/tcl-75c803-pre-black-friday-1200x675.jpg\" alt=\"\" class=\"wp-image-2857543 wp-image\"  \/><\/a><\/p>\n<p>Les points forts du TCL 75C803<\/p>\n<ul class=\"wp-block-list\">\n<li>La technologie QLED Mini LED et la 4K sur 75 pouces<\/li>\n<li>La compatibilit\u00e9 Dolby Vision IQ, Dolby Atmos, HDR10+ et HLG<\/li>\n<li>Pour le gaming, vous avez l\u2019ALLM, le VRR et 144 Hz<\/li>\n<\/ul>\n<p>Le TV QLED 4K TCL 75C803 est en ce moment <a href=\"https:\/\/shop.frandroid.com\/mk1heox5\" target=\"_blank\" rel=\"noreferrer noopener affiliate nofollow\" data-gtm=\"{&quot;event&quot;:&quot;afficlic&quot;,&quot;nom_marchand&quot;:&quot;cdiscount&quot;,&quot;nom_produit&quot;:&quot;inconnu&quot;,&quot;categorie_produit&quot;:&quot;inconnu&quot;,&quot;module_produit&quot;:&quot;editolink&quot;,&quot;position_marchand&quot;:0,&quot;texte&quot;:&quot;en-promotion-a-779-euros-au-lieu-999-euros-habituellement-sur-cdiscount&quot;,&quot;offer_url&quot;:&quot;https:\/\/shop.frandroid.com\/mk1heox5&quot;,&quot;zone&quot;:&quot;contenu-page&quot;}\">en promotion \u00e0 779 euros au lieu 999 euros habituellement sur Cdiscount<\/a>.<\/p>\n<p>HP Victus 15-fb3012nf\u00a0<\/p>\n<p>Pour celles et ceux qui souhaitent <a href=\"https:\/\/www.frandroid.com\/guide-dachat\/689411_guide-meilleurs-pc-portables-gamer\" target=\"_blank\" rel=\"noopener\">une machine r\u00e9active et performante<\/a> sans se ruiner pour jouer \u00e0 vos jeux, ce laptop HP avec RTX 5060 devrait vous plaire. Il est m\u00eame propos\u00e9 \u00e0 moins 800 euros gr\u00e2ce \u00e0 cette offre. <a href=\"https:\/\/shop.frandroid.com\/slcjxjgs\" target=\"_blank\" rel=\"noreferrer noopener\"><\/p>\n<p><a href=\"https:\/\/images.frandroid.com\/wp-content\/uploads\/2025\/11\/hp-victus-15-fb3012nf-pre-black-friday.jpg\" target=\"_blank\" class=\"article-content__figure\" rel=\"noopener\"><img loading=\"lazy\" decoding=\"async\" width=\"1200\" height=\"675\" src=\"https:\/\/www.europesays.com\/fr\/wp-content\/uploads\/2025\/11\/hp-victus-15-fb3012nf-pre-black-friday-1200x675.jpg\" alt=\"\" class=\"wp-image-2854925 wp-image\"  \/><\/a><\/p>\n<p>Ce qu\u2019il faut retenir du HP Victus 15-fb3012nf<\/p>\n<ul class=\"wp-block-list\">\n<li>Un \u00e9cran FHD IPS de 15,6\u2033 avec un 144 Hz<\/li>\n<li>Un CPU AMD Ryzen AI 5 340<\/li>\n<li>Un GPU RTX 5060, 16 Go de RAM, et 512 Go de SSD<\/li>\n<\/ul>\n<p>Au lieu de 1 299,99 euros, le HP Victus 15-fb3012nf est aujourd\u2019hui disponible\u00a0<a href=\"https:\/\/shop.frandroid.com\/j9iz70j3\" target=\"_blank\" rel=\"noreferrer noopener affiliate nofollow\">en promotion \u00e0 749,99 euros sur Cdiscount<\/a> avec le code <strong>PC50<\/strong>. <\/p>\n<p>Pack Nintendo Switch 2 <\/p>\n<p>\u00c0 l\u2019approche de la fin d\u2019ann\u00e9e, la nouvelle <a href=\"https:\/\/www.frandroid.com\/produits\/consoles\/nintendo\/2468656-nintendo-switch-2\" target=\"_blank\" rel=\"noopener\">Nintendo Switch 2<\/a> subit de nombreuses promotions. Plusieurs e-commer\u00e7ants bradent la console seule \u00e0 moins de 420 euros, mais ce pack en promo avec le nouveau jeu L\u00e9gendes Pok\u00e9mon Z-A et le jeu Mario Kart World se n\u00e9gocie \u00e0 un bien meilleur prix pendant le pr\u00e9-Black Friday. <a href=\"https:\/\/shop.frandroid.com\/odlajxpk\" target=\"_blank\" rel=\"noreferrer noopener\"><\/p>\n<p><a href=\"https:\/\/images.frandroid.com\/wp-content\/uploads\/2025\/11\/pack-switch-2-mario-kart-world-pokemon-legendes-z-a-pre-black-friday.jpg\" target=\"_blank\" class=\"article-content__figure\" rel=\"noopener\"><img loading=\"lazy\" decoding=\"async\" width=\"1200\" height=\"675\" src=\"https:\/\/www.europesays.com\/fr\/wp-content\/uploads\/2025\/11\/pack-switch-2-mario-kart-world-pokemon-legendes-z-a-pre-black-friday-1200x675.jpg\" alt=\"\" class=\"wp-image-2852801 wp-image\"  \/><\/a><\/p>\n<p>Les atouts de la Nintendo Switch 2<\/p>\n<ul class=\"wp-block-list\">\n<li>Un nouvel \u00e9cran de 8,4 pouces, compatible HDR et 120 Hz<\/li>\n<li>Un syst\u00e8me de dock repens\u00e9 et des Joy-con magn\u00e9tiques<\/li>\n<li>Une puce Nvidia surboost\u00e9e<\/li>\n<\/ul>\n<p>En ce moment chez Cdiscount, la Nintendo Switch 2 se trouve dans un pack avec les jeux Mario Kart World et Pokemon L\u00e9gendes Z-A <a href=\"https:\/\/shop.frandroid.com\/53ep760u\" target=\"_blank\" rel=\"noreferrer noopener affiliate nofollow\" data-gtm=\"{&quot;event&quot;:&quot;afficlic&quot;,&quot;nom_marchand&quot;:&quot;cdiscount&quot;,&quot;nom_produit&quot;:&quot;inconnu&quot;,&quot;categorie_produit&quot;:&quot;inconnu&quot;,&quot;module_produit&quot;:&quot;editolink&quot;,&quot;position_marchand&quot;:0,&quot;texte&quot;:&quot;en-promotion-a-504-euros-au-lieu-de-579-euros-sur-cdiscount&quot;,&quot;offer_url&quot;:&quot;https:\/\/shop.frandroid.com\/53ep760u&quot;,&quot;zone&quot;:&quot;contenu-page&quot;}\">en promotion \u00e0 504 euros au lieu de 579 euros sur Cdiscount.<\/a><\/p>\n<p>Apple AirPods 4 (sans ANC)<\/p>\n<p>Si vous souhaitez renouveler<a href=\"https:\/\/www.frandroid.com\/guide-dachat\/guide-audio\/482350_quels-sont-les-meilleurs-ecouteurs-true-wireless-a-moins-de-200-euros-en-2018\" target=\"_blank\" rel=\"noopener\"> vos \u00e9couteurs<\/a>, ou \u00eates simplement r\u00e9ticent au format intra, les <a href=\"https:\/\/www.frandroid.com\/produits\/audio-casques-ecouteurs\/apple\/2331458-apple-airpods-4\" target=\"_blank\" rel=\"noopener\">AirPods <\/a>4 pourraient bien vous plaire. D\u2019ailleurs, le mod\u00e8le sans ANC est en ce moment la r\u00e9f\u00e9rence la plus abordable pour des \u00e9couteurs de la marque \u00e0 la Pomme.\u00a0Ils chutent aujourd\u2019hui \u00e0 moins de 120 euros. <\/p>\n<p><a href=\"https:\/\/images.frandroid.com\/wp-content\/uploads\/2025\/10\/apple-airpods-4-pre-black-firday.jpg\" target=\"_blank\" class=\"article-content__figure\" rel=\"noopener\"><img loading=\"lazy\" decoding=\"async\" width=\"1200\" height=\"675\" src=\"https:\/\/www.europesays.com\/fr\/wp-content\/uploads\/2025\/11\/1763397598_479_apple-airpods-4-pre-black-firday-1200x675.jpg\" alt=\"\" class=\"wp-image-2850117 wp-image\"  \/><\/a><\/p>\n<p>Les AirPods 4, c\u2019est quoi ? <\/p>\n<ul class=\"wp-block-list\">\n<li>Un bo\u00eetier compact et des \u00e9couteurs confortables<\/li>\n<li>L\u2019audio spatial avec suivi dynamique des mouvements de la t\u00eate<\/li>\n<li>La d\u00e9tection des conversations<\/li>\n<\/ul>\n<p>Les AirPods 4 d\u2019Apple, sans r\u00e9duction de bruit, sont vendus \u00e0 149 euros, mais\u00a0lors du pr\u00e9-Black Friday, on les retrouve <a href=\"https:\/\/shop.frandroid.com\/s5x9y2o6\" target=\"_blank\" rel=\"noreferrer noopener affiliate nofollow\" data-gtm=\"{&quot;event&quot;:&quot;afficlic&quot;,&quot;nom_marchand&quot;:&quot;cdiscount&quot;,&quot;nom_produit&quot;:&quot;inconnu&quot;,&quot;categorie_produit&quot;:&quot;inconnu&quot;,&quot;module_produit&quot;:&quot;editolink&quot;,&quot;position_marchand&quot;:0,&quot;texte&quot;:&quot;en-promotion-a-119-euros-sur-cdiscount&quot;,&quot;offer_url&quot;:&quot;https:\/\/shop.frandroid.com\/s5x9y2o6&quot;,&quot;zone&quot;:&quot;contenu-page&quot;}\">en promotion \u00e0 109 euros sur Cdiscount.<\/a><\/p>\n<p>Black Friday Week : pour ne rien rater des offres<\/p>\n<p>Le v\u00e9ritable Black Friday ne commencera que le 28 novembre prochain, mais les e-commer\u00e7ants ont d\u00e9j\u00e0 partag\u00e9 des offres en avance lors d\u2019une sorte d\u2019avant-premi\u00e8re du vendredi noir. En ce moment, Amazon lance la Black Friday Week, pour faire encore plus de bonnes affaires. Une aubaine si vous voulez anticiper vos achats de fin d\u2019ann\u00e9e.<\/p>\n<p>Si vous n\u2019avez pas trouv\u00e9 votre bonheur dans les s\u00e9lections pr\u00e9c\u00e9demment cit\u00e9es, voici ce qu\u2019il vous reste \u00e0 faire : <\/p>\n<ul class=\"wp-block-list\">\n<li>T\u00e9l\u00e9chargez notre nouvelle extension Chrome Frandroid Check afin de comparer facilement et sans intrusion les prix des produits : <a href=\"https:\/\/www.frandroid.com\/humanoid\/2877567_telechargez-frandroid-check-le-comparateur-de-prix-et-de-tests-integre-a-votre-navigateur\" target=\"_blank\" rel=\"noreferrer noopener\">tout est expliqu\u00e9 ici<\/a>. <\/li>\n<li>Suivez notre compte X\u00a0<a href=\"https:\/\/twitter.com\/FrandroidPromos\" target=\"_blank\" rel=\"noreferrer noopener\">@FrandroidPromos<\/a> uniquement d\u00e9di\u00e9 aux bons plans (pensez \u00e0 activer la cloche pour recevoir les notifications en temps r\u00e9el)<\/li>\n<li><a href=\"https:\/\/whatsapp.com\/channel\/0029VabYxm5LI8YhSlD8xc05\" target=\"_blank\" rel=\"noreferrer noopener\">Rejoignez notre canal WhatsApp<\/a> pour recevoir une fois par jour un condens\u00e9 des meilleures offres<\/li>\n<li>T\u00e9l\u00e9chargez notre <a href=\"https:\/\/www.frandroid.com\/telecharger\/apps\/frandroid\" target=\"_blank\" rel=\"noreferrer noopener\">application Frandroid<\/a> (disponible sur iOS et Android) pour activer les notifications de la cat\u00e9gorie \u00ab Bons Plans \u00bb et ainsi recevoir en temps r\u00e9el les nouveaux articles li\u00e9s au Black Friday 2025<\/li>\n<li>Abonnez-vous \u00e0 notre newsletter pour \u00eatre s\u00fbr de recevoir les offres en avant-premi\u00e8re (pas plus d\u2019un mail par jour, d\u00e9sinscription en 1 clic, aucune diffusion \u00e0 des tiers) :<\/li>\n<\/ul>\n<p class=\"newsletter-form__title is-size-6 is-size-7-mobile is-uppercase has-text-good-deals has-text-weight-semibold mb-4 px-5\">Frandroid Bons plans<\/p>\n<p class=\"has-text-centered-tablet newsletter-form__subtitle is-size-4 has-text-weight-bold has-text-primary column is-9-tablet is-10-mobile\">\n                C\u2019est enregistr\u00e9 ! Surveillez votre bo\u00eete aux lettres, vous allez entendre parler de nous\u00a0!\n            <\/p>\n<p class=\"newsletter-form__subtitle is-size-4 has-text-weight-bold has-text-gradient-pink\">Ne manquez aucun bon plan avec notre newsletter<\/p>\n<p class=\"is-size-7\">\n                Les donn\u00e9es transmises par le biais de ce formulaire sont destin\u00e9es \u00e0 Humanoid,<br \/>\n                soci\u00e9t\u00e9 \u00e9ditrice du site Frandroid en sa qualit\u00e9 de responsable de traitement.<br \/>\n                Elles ne seront en aucun cas c\u00e9d\u00e9es \u00e0 des tiers. Ces donn\u00e9es sont trait\u00e9es sous r\u00e9serve d\u2019obtention de<br \/>\n                votre consentement pour vous envoyer par e-mail des actualit\u00e9s et informations relatives aux contenus<br \/>\n                \u00e9ditoriaux publi\u00e9s sur Frandroid. Vous pouvez vous opposer \u00e0 tout moment \u00e0 ces e-mails<br \/>\n                en cliquant sur les liens de d\u00e9sinscriptions pr\u00e9sents dans chacun d\u2019eux. Pour plus d\u2019informations, vous<br \/>\n                pouvez consulter l\u2019int\u00e9gralit\u00e9 de notre <a href=\"https:\/\/www.frandroid.com\/politique-donnees-personnelles\" target=\"_blank\" rel=\"noopener\"><br \/>\n                politique de traitement de vos donn\u00e9es personnelles<\/a>.<br \/>\n                Vous disposez d\u2019un droit d\u2019acc\u00e8s, de rectification, d\u2019effacement, de limitation, de portabilit\u00e9 et<br \/>\n                d\u2019opposition pour motif l\u00e9gitime aux donn\u00e9es personnelles vous concernant. Pour exercer l\u2019un de ces droits,<br \/>\n                merci d\u2019effectuer votre demande via notre <a href=\"https:\/\/www.frandroid.com\/contact\/#RGPD\" target=\"_blank\" rel=\"noopener\">formulaire<br \/>\n                de demandes d\u2019exercices de droits d\u00e9di\u00e9<\/a>.\n            <\/p>\n<p>            <script async src=\"https:\/\/platform.twitter.com\/widgets.js\" charset=\"utf-8\"><\/script><\/p>\n","protected":false},"excerpt":{"rendered":"Cdiscount baisse le prix de nombreux produits Tech \u00e0 la Black Friday Week, dont la PS5, afin de&hellip;\n","protected":false},"author":2,"featured_media":562213,"comment_status":"","ping_status":"","sticky":false,"template":"","format":"standard","meta":{"footnotes":""},"categories":[7],"tags":[62374,1011,27,43,40,41,39,64121,42,44],"class_list":{"0":"post-562212","1":"post","2":"type-post","3":"status-publish","4":"format-standard","5":"has-post-thumbnail","7":"category-sciences-et-technologies","8":"tag-black-friday-2025","9":"tag-fr","10":"tag-france","11":"tag-science","12":"tag-science-and-technology","13":"tag-sciences","14":"tag-sciences-et-technologies","15":"tag-selections-black-friday","16":"tag-technologies","17":"tag-technology"},"share_on_mastodon":{"url":"https:\/\/pubeurope.com\/@fr\/115621569221879407","error":""},"_links":{"self":[{"href":"https:\/\/www.europesays.com\/fr\/wp-json\/wp\/v2\/posts\/562212","targetHints":{"allow":["GET"]}}],"collection":[{"href":"https:\/\/www.europesays.com\/fr\/wp-json\/wp\/v2\/posts"}],"about":[{"href":"https:\/\/www.europesays.com\/fr\/wp-json\/wp\/v2\/types\/post"}],"author":[{"embeddable":true,"href":"https:\/\/www.europesays.com\/fr\/wp-json\/wp\/v2\/users\/2"}],"replies":[{"embeddable":true,"href":"https:\/\/www.europesays.com\/fr\/wp-json\/wp\/v2\/comments?post=562212"}],"version-history":[{"count":0,"href":"https:\/\/www.europesays.com\/fr\/wp-json\/wp\/v2\/posts\/562212\/revisions"}],"wp:featuredmedia":[{"embeddable":true,"href":"https:\/\/www.europesays.com\/fr\/wp-json\/wp\/v2\/media\/562213"}],"wp:attachment":[{"href":"https:\/\/www.europesays.com\/fr\/wp-json\/wp\/v2\/media?parent=562212"}],"wp:term":[{"taxonomy":"category","embeddable":true,"href":"https:\/\/www.europesays.com\/fr\/wp-json\/wp\/v2\/categories?post=562212"},{"taxonomy":"post_tag","embeddable":true,"href":"https:\/\/www.europesays.com\/fr\/wp-json\/wp\/v2\/tags?post=562212"}],"curies":[{"name":"wp","href":"https:\/\/api.w.org\/{rel}","templated":true}]}}