{"id":562214,"date":"2025-11-27T12:04:22","date_gmt":"2025-11-27T12:04:22","guid":{"rendered":"https:\/\/www.europesays.com\/fr\/562214\/"},"modified":"2025-11-27T12:04:22","modified_gmt":"2025-11-27T12:04:22","slug":"jusqua-5700-e-daide-voici-les-voitures-qui-y-auront-droit","status":"publish","type":"post","link":"https:\/\/www.europesays.com\/fr\/562214\/","title":{"rendered":"jusqu&rsquo;\u00e0 5700 \u20ac d&rsquo;aide, voici les voitures qui y auront droit"},"content":{"rendered":"<p>              <img decoding=\"async\" class=\"article-author__picture webp\" src=\"https:\/\/www.europesays.com\/fr\/wp-content\/uploads\/2025\/08\/lucas-villiard.jpg.webp\" alt=\"Lucas Villiard\"\/><\/p>\n<p class=\"article-author__info--name\"> Par<br \/>\n                      <a href=\"https:\/\/selectra.info\/equipe\/lucas-villard\" target=\"_blank\" rel=\"noopener author\"> Lucas Villiard <\/a><\/p>\n<p class=\"article-author__info--description\"> R\u00e9dacteur \u00e9nergie <\/p>\n<p>        Publi\u00e9 le<\/p>\n<p>                                27\/11\/2025<\/p>\n<p>            min de lecture\n        <\/p>\n<p>Sauf indication contraire, tous les prix pr\u00e9sent\u00e9s sur cette page sont TTC.<\/p>\n<p class=\"title\">L&rsquo;INFO QUI FAIT BAISSER VOTRE FACTURE<\/p>\n<ul class=\"list--check\">\n<li><strong>Alertes Baisse des Prix<\/strong> en temps r\u00e9el<\/li>\n<li><strong>Nouvelles Aides de l&rsquo;\u00c9tat<\/strong> d\u00e9crypt\u00e9es pour vous<\/li>\n<li><strong>Bons Plans Exclusifs<\/strong> de nos experts<\/li>\n<\/ul>\n<p style=\"margin-top:15px;\">Rejoignez des milliers de Fran\u00e7ais et recevez gratuitement l&rsquo;essentiel de l&rsquo;actu \u00e9nergie sur votre canal pr\u00e9f\u00e9r\u00e9.<\/p>\n<p class=\"intro\">Aujourd&rsquo;hui, 27 novembre 2025, le gouvernement pr\u00e9pare le terrain pour all\u00e9ger la facture d&rsquo;\u00e9lectricit\u00e9 des Fran\u00e7ais, avec des sc\u00e9narios de baisse de prix \u00e0 l&rsquo;\u00e9tude. Une bonne nouvelle qui s&rsquo;accompagne d&rsquo;une revalorisation du bonus \u00e9cologique \u00e0 5700 \u20ac pour certaines voitures \u00e9lectriques. Pendant ce temps, la France bat des records d&rsquo;exportation d&rsquo;\u00e9lectricit\u00e9 in\u00e9dits depuis 20 ans, port\u00e9e par le nucl\u00e9aire et les renouvelables. Mais tout n&rsquo;est pas rose : le terminal m\u00e9thanier du Havre va fermer, et un rapport r\u00e9v\u00e8le que les prix de l&rsquo;\u00e9lectricit\u00e9 en Europe du Sud explosent, faute d&rsquo;interconnexions. Selectra d\u00e9crypte une journ\u00e9e o\u00f9 la France rayonne \u00e0 l&rsquo;export mais cherche encore des solutions pour ses consommateurs.<\/p>\n<p>France : vers une baisse des prix et une relance de l&rsquo;\u00e9lectrique<\/p>\n<ul class=\"list--check\">\n<li><strong>Le gouvernement \u00e9tudie des sc\u00e9narios pour baisser le prix de l&rsquo;\u00e9lectricit\u00e9<\/strong> : Dans le cadre d&rsquo;un plan de d\u00e9carbonation, l&rsquo;ex\u00e9cutif travaille sur des pistes pour all\u00e9ger la facture des Fran\u00e7ais tout en respectant les contraintes budg\u00e9taires et europ\u00e9ennes. <a href=\"https:\/\/www.connaissancedesenergies.org\/afp\/le-gouvernement-annonce-un-travail-sur-des-scenarios-de-baisse-du-prix-de-lelectricite-251125\" target=\"_blank\" rel=\"noopener noreferrer\">Plus d&rsquo;infos<\/a><\/li>\n<li><strong>Bonus \u00e9cologique : jusqu&rsquo;\u00e0 \u00a0700 \u20ac pour une voiture \u00e9lectrique \u00ab\u00a0made in Europe\u00a0\u00bb<\/strong> : Pour soutenir la production locale, le gouvernement va augmenter le montant du bonus \u00e9cologique, qui pourra atteindre 5 700 \u20ac pour l&rsquo;achat de v\u00e9hicules fabriqu\u00e9s sur le continent. <a href=\"https:\/\/www.lesechos.fr\/industrie-services\/automobile\/automobile-le-gouvernement-annonce-un-nouveau-relevement-du-bonus-electrique-2200957\" target=\"_blank\" rel=\"noopener noreferrer\">Plus d&rsquo;infos<\/a><\/li>\n<li><strong>Record d&rsquo;exportation d&rsquo;\u00e9lectricit\u00e9 pour la France en 2025<\/strong> : Gr\u00e2ce \u00e0 la bonne sant\u00e9 du nucl\u00e9aire et \u00e0 la hausse des renouvelables, la France affiche ses plus fortes exportations depuis 20 ans, avec un solde net de 73 TWh et 1,2 milliard d&rsquo;euros de recettes au troisi\u00e8me trimestre. <a href=\"https:\/\/www.bfmtv.com\/economie\/entreprises\/energie\/au-plus-haut-depuis-20-ans-entre-juillet-et-octobre-grace-au-nucleaire-et-aux-energies-renouvelables-les-exportations-d-electricite-de-la-france-devraient-battre-leur-record-en-2025_AV-202511250751.html\" target=\"_blank\" rel=\"noopener noreferrer\">Plus d&rsquo;infos<\/a><\/li>\n<li><strong>Fin confirm\u00e9e pour le terminal m\u00e9thanier du Havre<\/strong> : Le gouvernement et TotalEnergies ont act\u00e9 l&rsquo;arr\u00eat de l&rsquo;installation flottante, suite \u00e0 une d\u00e9cision de justice. Un arr\u00eat\u00e9 officialisera prochainement la fin de son exploitation. <a href=\"https:\/\/www.aefinfo.fr\/depeche\/741614-le-gouvernement-et-totalenergies-confirment-larret-du-terminal-methanier-du-havre\" target=\"_blank\" rel=\"noopener noreferrer\">Plus d&rsquo;infos<\/a><\/li>\n<\/ul>\n<p>Efficacit\u00e9 \u00e9nerg\u00e9tique et logement<\/p>\n<ul class=\"list--check\">\n<li><strong>Les CEE, moteur n\u00b01 des \u00e9conomies d&rsquo;\u00e9nergie en France<\/strong> : Une \u00e9tude r\u00e9v\u00e8le que les certificats d&rsquo;\u00e9conomies d&rsquo;\u00e9nergie ont permis d&rsquo;\u00e9conomiser 130 TWh par an entre 2018 et 2024. Le dispositif rapporte m\u00eame plus qu&rsquo;il ne co\u00fbte aux m\u00e9nages, avec des \u00e9conomies sup\u00e9rieures aux contributions sur la facture. <a href=\"https:\/\/www.contexte.com\/medias\/pdf\/medias-documents\/2025\/11\/gpcee_etude_benefices_cee.pdf\" target=\"_blank\" rel=\"noopener noreferrer\">Plus d&rsquo;infos<\/a><\/li>\n<li><strong>Gaz vert et logement social : un premier panorama pour d\u00e9carboner le parc<\/strong> : GRDF et l&rsquo;Union Sociale pour l&rsquo;Habitat ont publi\u00e9 un rapport sur le potentiel des gaz verts pour r\u00e9duire l&#8217;empreinte carbone des HLM. Des \u00e9tudes plus pouss\u00e9es suivront en 2026. <a href=\"https:\/\/www.union-habitat.org\/centre-de-ressources\/energie-environnement\/panorama-gaz-verts-enjeux-pour-le-logement-social-et-les\" target=\"_blank\" rel=\"noopener noreferrer\">Plus d&rsquo;infos<\/a><\/li>\n<\/ul>\n<p>March\u00e9s europ\u00e9ens et r\u00e9gulation<\/p>\n<ul class=\"list--check\">\n<li><strong>Prix de l&rsquo;\u00e9lectricit\u00e9 : l&rsquo;Europe du Sud paie le prix fort du manque de connexions<\/strong> : Faute d&rsquo;interconnexions suffisantes, des pays comme l&rsquo;Italie subissent des prix jusqu&rsquo;\u00e0 10 fois plus \u00e9lev\u00e9s qu&rsquo;en France. Les experts appellent \u00e0 renforcer les \u00e9changes transfrontaliers. <a href=\"https:\/\/montelnews.com\/news\/30041e30-6e4f-40cc-920f-577135d6f777\/eu-gas-may-still-spike-this-winter-on-lingering-risk-analysts\" target=\"_blank\" rel=\"noopener noreferrer\">Plus d&rsquo;infos<\/a><\/li>\n<li><strong>ACER recommande des compteurs intelligents et des contrats dynamiques<\/strong> : L&rsquo;agence europ\u00e9enne de l&rsquo;\u00e9nergie estime que des offres tarifaires plus flexibles pourraient faire \u00e9conomiser jusqu&rsquo;\u00e0 270 \u20ac par an aux foyers et r\u00e9duire les co\u00fbts de r\u00e9seau de 29 milliards d&rsquo;euros. <a href=\"https:\/\/www.acer.europa.eu\/sites\/default\/files\/documents\/Publications\/ACER-CEER-2025-Retail-monitoring.pdf\" target=\"_blank\" rel=\"noopener noreferrer\">Plus d&rsquo;infos<\/a><\/li>\n<li><strong>Gaz : risque de flamb\u00e9e temporaire en cas de grand froid<\/strong> : Si les stocks sont corrects (78 %), une vague de froid intense pourrait faire grimper les prix jusqu&rsquo;\u00e0 60 \u20ac\/MWh. Cependant, l&rsquo;abondance de GNL devrait limiter les risques de p\u00e9nurie. <a href=\"https:\/\/montelnews.com\/news\/30041e30-6e4f-40cc-920f-577135d6f777\/eu-gas-may-still-spike-this-winter-on-lingering-risk-analysts\" target=\"_blank\" rel=\"noopener noreferrer\">Plus d&rsquo;infos<\/a><\/li>\n<\/ul>\n<p>En bref<\/p>\n<ul class=\"list--check\">\n<li><strong>\u00c9olien en mer : les salari\u00e9s d&rsquo;EDF contestent l&rsquo;attribution d&rsquo;un parc \u00e0 la concurrence<\/strong> : Le comit\u00e9 social d&rsquo;EDF a saisi le Conseil d&rsquo;\u00c9tat contre l&rsquo;attribution du parc Centre Manche 2 \u00e0 TotalEnergies et RWE, estimant que l&rsquo;offre d&rsquo;EDF \u00e9tait moins ch\u00e8re. <a href=\"https:\/\/www.contexte.com\/fr\/actualite\/energie\/le-comite-social-dedf-power-solutions-attaque-lattribution-a-totalenergies-et-rwe-du-parc-eolien-centre-manche-2_247045?go-back-to-briefitem=247045\" target=\"_blank\" rel=\"noopener noreferrer\">Plus d&rsquo;infos<\/a><\/li>\n<li><strong>Hydro\u00e9lectricit\u00e9 : une loi attendue fin janvier pour ouvrir les barrages \u00e0 la concurrence<\/strong> : Pour r\u00e9pondre aux exigences de Bruxelles, l&rsquo;Assembl\u00e9e pourrait d\u00e9battre d\u00e9but 2026 d&rsquo;un texte mettant fin \u00e0 la position dominante d&rsquo;EDF sur les concessions hydro\u00e9lectriques. <a href=\"https:\/\/www.contexte.com\/fr\/actualite\/energie\/la-proposition-de-loi-sur-lhydroelectricite-pourrait-etre-debattue-fin-janvier-a-lassemblee_247204?go-back-to-briefitem=247204\" target=\"_blank\" rel=\"noopener noreferrer\">Plus d&rsquo;infos<\/a><\/li>\n<\/ul>\n<p class=\"title\">L&rsquo;INFO QUI FAIT BAISSER VOTRE FACTURE<\/p>\n<ul class=\"list--check\">\n<li><strong>Alertes Baisse des Prix<\/strong> en temps r\u00e9el<\/li>\n<li><strong>Nouvelles Aides de l&rsquo;\u00c9tat<\/strong> d\u00e9crypt\u00e9es pour vous<\/li>\n<li><strong>Bons Plans Exclusifs<\/strong> de nos experts<\/li>\n<\/ul>\n<p style=\"margin-top:15px;\">Rejoignez des milliers de Fran\u00e7ais et recevez gratuitement l&rsquo;essentiel de l&rsquo;actu \u00e9nergie sur votre canal pr\u00e9f\u00e9r\u00e9.<\/p>\n<p>      Avez-vous trouv\u00e9 cet article utile ?<\/p>\n<p>50% des 2 votes trouvent l&rsquo;information utile.<\/p>\n","protected":false},"excerpt":{"rendered":"Par Lucas Villiard R\u00e9dacteur \u00e9nergie Publi\u00e9 le 27\/11\/2025 min de lecture Sauf indication contraire, tous les prix pr\u00e9sent\u00e9s&hellip;\n","protected":false},"author":2,"featured_media":253666,"comment_status":"","ping_status":"","sticky":false,"template":"","format":"standard","meta":{"footnotes":""},"categories":[6],"tags":[35,33,34,1011,27],"class_list":{"0":"post-562214","1":"post","2":"type-post","3":"status-publish","4":"format-standard","5":"has-post-thumbnail","7":"category-economie","8":"tag-business","9":"tag-economie","10":"tag-economy","11":"tag-fr","12":"tag-france"},"share_on_mastodon":{"url":"https:\/\/pubeurope.com\/@fr\/115621571314060003","error":""},"_links":{"self":[{"href":"https:\/\/www.europesays.com\/fr\/wp-json\/wp\/v2\/posts\/562214","targetHints":{"allow":["GET"]}}],"collection":[{"href":"https:\/\/www.europesays.com\/fr\/wp-json\/wp\/v2\/posts"}],"about":[{"href":"https:\/\/www.europesays.com\/fr\/wp-json\/wp\/v2\/types\/post"}],"author":[{"embeddable":true,"href":"https:\/\/www.europesays.com\/fr\/wp-json\/wp\/v2\/users\/2"}],"replies":[{"embeddable":true,"href":"https:\/\/www.europesays.com\/fr\/wp-json\/wp\/v2\/comments?post=562214"}],"version-history":[{"count":0,"href":"https:\/\/www.europesays.com\/fr\/wp-json\/wp\/v2\/posts\/562214\/revisions"}],"wp:featuredmedia":[{"embeddable":true,"href":"https:\/\/www.europesays.com\/fr\/wp-json\/wp\/v2\/media\/253666"}],"wp:attachment":[{"href":"https:\/\/www.europesays.com\/fr\/wp-json\/wp\/v2\/media?parent=562214"}],"wp:term":[{"taxonomy":"category","embeddable":true,"href":"https:\/\/www.europesays.com\/fr\/wp-json\/wp\/v2\/categories?post=562214"},{"taxonomy":"post_tag","embeddable":true,"href":"https:\/\/www.europesays.com\/fr\/wp-json\/wp\/v2\/tags?post=562214"}],"curies":[{"name":"wp","href":"https:\/\/api.w.org\/{rel}","templated":true}]}}