{"id":562215,"date":"2025-11-27T12:05:14","date_gmt":"2025-11-27T12:05:14","guid":{"rendered":"https:\/\/www.europesays.com\/fr\/562215\/"},"modified":"2025-11-27T12:05:14","modified_gmt":"2025-11-27T12:05:14","slug":"en-images-incendie-catastrophe-a-hong-kong-quelquun-a-t-il-ete-sauve-les-photos-dans-lenfer-du-brasier-sud-ouest","status":"publish","type":"post","link":"https:\/\/www.europesays.com\/fr\/562215\/","title":{"rendered":"EN IMAGES. Incendie catastrophe \u00e0 Hong Kong : \u00ab Quelqu\u2019un a-t-il \u00e9t\u00e9 sauv\u00e9 ? \u00bb, les photos dans l\u2019enfer du brasier &#8211; Sud Ouest"},"content":{"rendered":"<ol>\n<li><a href=\"https:\/\/news.google.com\/rss\/articles\/CBMi9wFBVV95cUxNS2lDUkk0em5obW1uOS0ydjBvaHFTQkI1bGJOMVdWaWdFRXkwMzVad1dSTWczWHNvYW44bV9EcmFQcjl4UkNtOFRzc3F4cXpGZjdrNmZaTGs2anJBTXJOQmxCbEZpWmNRa2xEQUJDUWRmWlJFUnJ3NDlRYVBabXV0NHduRFU4Y1J4NldLOFp0bzNvNWNFMVFPUGVSMHpaNDMzTGpsSWNYSEV2SU5QTm9lcHZ1T2hkSGFDek5nVnVfZE11ME1MWXhnaUdia1dNRjRPSEhrRU82Vk1XUmZBWF9QX0Y5b3duc2g4RnhNb1hBTnpvRmExVUlz?oc=5\" target=\"_blank\" rel=\"noopener\">EN IMAGES. Incendie catastrophe \u00e0 Hong Kong : \u00ab Quelqu\u2019un a-t-il \u00e9t\u00e9 sauv\u00e9 ? \u00bb, les photos dans l\u2019enfer du brasier<\/a>&nbsp;&nbsp;Sud Ouest<\/li>\n<li><a href=\"https:\/\/news.google.com\/rss\/articles\/CBMiqwJBVV95cUxNcUwyaHU5YU8wb0d3N25kTEZtOEk5emNjMThUdVltcUppdDNBODRvYU83Rl9qSWJEWVQ0eFVhb0lPOVN0ZC1OT25GeUdCYWJjOWFWeFNFd3ppcnUyUThVNy1ONnhtZU1yRkFybVFiXzRoUVNNcXRsbFVkbDNPV3B1d080NTNyWGxfemU2ZlMwVjROOU5Ld211bzVoMWFWMGM3dHdDQUZKTXlhR2NPcy1rNWhaRDktb2VqWnE0M1VrdThsWHpCRUVsODBERFpfUnlmd0NrbDZEYnRrUkQ0Y1ZLZjRPdk5ZYy1uM19OaXBQZDFKVm9Ma190bm5sSDNEcXhkNWNISUEycEZGcC1hLTNrcXp2UHJ0ZWl5Smh6WXN4N3RTVDZMSGZlS2V5VQ?oc=5\" target=\"_blank\" rel=\"noopener\">Au moins 55 morts et des centaines de disparus : ce que l\u2019on sait sur l\u2019incendie g\u00e9ant \u00e0 Hongkong<\/a>&nbsp;&nbsp;Lib\u00e9ration<\/li>\n<li><a href=\"https:\/\/news.google.com\/rss\/articles\/CBMiwwFBVV95cUxQcGpZbHctTFNRbDczZUxoNzhqVjRqcW1mVHNqX3RLYXM4MnFLNjBRSGZVaUloMXNDaVdMMm9kNEFqRVR2YTJCOTB3eW5sWXotOGIycThBMldxYjIxdEs2dktaNTlGZ0p4X2hKMDlWbHZWSlJpajR1UnZ6b2xXaXNPWFdoUHhMZElHSm9YSU5ULUZaNW9SWkZhX3NPNnFQdHlsalN1UVRiRTFJZlRyXzZ0aDBveG1BUm9DUzBEaVBnZFkxYVk?oc=5\" target=\"_blank\" rel=\"noopener\">Les images du terrible incendie \u00e0 Hong Kong qui a ravag\u00e9 sept tours et fait au moins 55 morts<\/a>&nbsp;&nbsp;20 Minutes<\/li>\n<li><a href=\"https:\/\/news.google.com\/rss\/articles\/CBMi5AFBVV95cUxPQTlsWUNQaTZ5eXZmYlpNZm92ZmpuNE5UWjVLd2FSRThHbFFfX0ZJd0ZfWWVJRHRUNENKSDZETWFvU3c0ZnplYXJZLXJmWk9xMkRwUERQbmx3dGhja2VHemJZZ08xY2U2b3FEVFo2bWZSVzllSU5nWVM4RTh2amhncUVNTGxnNmpRSlJVTUo1TEM2d2pmZlFwby1BVUZLYnI2X19GZFhuYlFzX3ZWRXZGakRZMWxGSUh3aG14T1NaQzR5cFdSajMzTWh4TklSbjFnOE1IdDRIa0tQbGxOQzBrYXU1Sm8?oc=5\" target=\"_blank\" rel=\"noopener\">Incendie \u00e0 Hongkong : le bilan monte \u00e0 au moins 55 morts, la qualit\u00e9 des chantiers de r\u00e9novation en question<\/a>&nbsp;&nbsp;Le Monde.fr<\/li>\n<li><a href=\"https:\/\/news.google.com\/rss\/articles\/CBMi4gFBVV95cUxOdXhuaGhFYzc1cDhmS3hZSmkxNVdzNUY5ZWJZUGdhTExjMVlzc0hxZk9Ia21YNkRWZXBMbV9zdE83YmdUTVd6RjA1N0ZoZ01pU3ZERnp5UGVZYzk3ZHZjRExHRXk4dHBfQzliZ0ljN0g4ZHhEcC1qNjZrSnBhWng5OEl1dlN1SWxMcmtiTXViNTdpNWh0Zk9BNzZOUzZPQjdRX0hYX252RmtQQi1GWW9WNWluaWwwOHp4VVFjRE0xX1ZxSWV5RVlCb2tMYkFmMWFIdnVpMnp3YjFyTWZhSFM4azlR0gHnAUFVX3lxTE1rV3hUTF9xeFh1X2NKeDNmdDVlZ2M3UVVJZmJXZ1pJUnZQLXJiZ1JKNFkzcGtqQlZRTXRtV2FMVnBnY2RJeEt0Zk1IU1dEbkszaUdvMWc0X25sS3lSaXdzOExHYUFjdUV3T0tkWHBKU251MUd1TmFiYU1mRTVPS1dxcFdjQlNsRlBnMXYtZmJXSHFUQ2lIa2FSa2w3aFM1WTBySF9qY2xrUUtHY1JFRU05N2I4M3EtQ2ZSTGI3dzltRlo3RWlNTFd6aDdSVzhmUFdlTnZpcmpaUkcwMFFOcWZ5c1lmX09Gbw?oc=5\" target=\"_blank\" rel=\"noopener\">Hong Kong: au moins 55 morts dans le pire incendie depuis des d\u00e9cennies<\/a>&nbsp;&nbsp;Boursorama<\/li>\n<\/ol>\n","protected":false},"excerpt":{"rendered":"EN IMAGES. Incendie catastrophe \u00e0 Hong Kong : \u00ab Quelqu\u2019un a-t-il \u00e9t\u00e9 sauv\u00e9 ? \u00bb, les photos dans&hellip;\n","protected":false},"author":2,"featured_media":562216,"comment_status":"","ping_status":"","sticky":false,"template":"","format":"standard","meta":{"footnotes":""},"categories":[5],"tags":[11,1011,27,14,12,28],"class_list":{"0":"post-562215","1":"post","2":"type-post","3":"status-publish","4":"format-standard","5":"has-post-thumbnail","7":"category-international","8":"tag-actualites","9":"tag-fr","10":"tag-france","11":"tag-international","12":"tag-news","13":"tag-world"},"share_on_mastodon":{"url":"https:\/\/pubeurope.com\/@fr\/115621575172924449","error":""},"_links":{"self":[{"href":"https:\/\/www.europesays.com\/fr\/wp-json\/wp\/v2\/posts\/562215","targetHints":{"allow":["GET"]}}],"collection":[{"href":"https:\/\/www.europesays.com\/fr\/wp-json\/wp\/v2\/posts"}],"about":[{"href":"https:\/\/www.europesays.com\/fr\/wp-json\/wp\/v2\/types\/post"}],"author":[{"embeddable":true,"href":"https:\/\/www.europesays.com\/fr\/wp-json\/wp\/v2\/users\/2"}],"replies":[{"embeddable":true,"href":"https:\/\/www.europesays.com\/fr\/wp-json\/wp\/v2\/comments?post=562215"}],"version-history":[{"count":0,"href":"https:\/\/www.europesays.com\/fr\/wp-json\/wp\/v2\/posts\/562215\/revisions"}],"wp:featuredmedia":[{"embeddable":true,"href":"https:\/\/www.europesays.com\/fr\/wp-json\/wp\/v2\/media\/562216"}],"wp:attachment":[{"href":"https:\/\/www.europesays.com\/fr\/wp-json\/wp\/v2\/media?parent=562215"}],"wp:term":[{"taxonomy":"category","embeddable":true,"href":"https:\/\/www.europesays.com\/fr\/wp-json\/wp\/v2\/categories?post=562215"},{"taxonomy":"post_tag","embeddable":true,"href":"https:\/\/www.europesays.com\/fr\/wp-json\/wp\/v2\/tags?post=562215"}],"curies":[{"name":"wp","href":"https:\/\/api.w.org\/{rel}","templated":true}]}}