{"id":562227,"date":"2025-11-27T12:14:14","date_gmt":"2025-11-27T12:14:14","guid":{"rendered":"https:\/\/www.europesays.com\/fr\/562227\/"},"modified":"2025-11-27T12:14:14","modified_gmt":"2025-11-27T12:14:14","slug":"des-travaux-grande-rue-pour-poser-des-capteurs-en-sous-sol","status":"publish","type":"post","link":"https:\/\/www.europesays.com\/fr\/562227\/","title":{"rendered":"des travaux Grande Rue pour poser des capteurs en sous-sol"},"content":{"rendered":"<p>Ce n\u2019est rien \u00e0 c\u00f4t\u00e9 de ce qui s\u2019annonce Grande Rue dans le cadre de <a href=\"https:\/\/www.estrepublicain.fr\/culture-loisirs\/2025\/10\/01\/musee-lorrain-la-validation-du-permis-saluee-par-la-ville-et-une-association\" target=\"_blank\" rel=\"noopener\">la r\u00e9novation et la transformation du Mus\u00e9e lorrain<\/a> , chantier qui a d\u00e9but\u00e9 <a href=\"https:\/\/www.estrepublicain.fr\/culture-loisirs\/2024\/11\/05\/le-chantier-du-musee-lorrain-a-debute-des-rues-fermees-a-la-circulation\" target=\"_blank\" rel=\"noopener\">\u00e0 l\u2019automne 2024 par la reprise des fondations<\/a> dans l\u2019enceinte de l\u2019\u00e9difice. Les marteaux-piqueurs sont entr\u00e9s en action ce jeudi matin <a href=\"https:\/\/www.estrepublicain.fr\/culture-loisirs\/2020\/06\/27\/savez-vous-pourquoi-la-grande-rue-a-nancy-s-appelle-ainsi\" target=\"_blank\" rel=\"noopener\">dans cette rue pi\u00e9tonne de la vieille ville<\/a>. L\u2019entreprise Fondasol a, en effet, commenc\u00e9 \u00e0 pr\u00e9parer le terrain et \u00e0 r\u00e9aliser les avant-trous dans la chauss\u00e9e afin que soient ins\u00e9r\u00e9s, au d\u00e9but de la semaine prochaine, trois pi\u00e9zom\u00e8tres.<\/p>\n<p>Si les r\u00e9seaux (eau, gaz, \u00e9lectricit\u00e9) enterr\u00e9s ne posent pas probl\u00e8me, ces capteurs seront en effet enterr\u00e9s \u00e0 environ 5\u00a0m de la surface du sol, et y resteront afin que soit obtenu \u00ab\u00a0un suivi pr\u00e9cis du niveau des eaux souterraines et de la dynamique hydraulique du sol\u00a0\u00bb, annonce la Ville de Nancy, avant de pr\u00e9ciser que ces pi\u00e9zom\u00e8tres permettront de \u00ab\u00a0mesurer l\u2019\u00e9volution des nappes, contr\u00f4ler leur comportement en fonction des conditions m\u00e9t\u00e9o, et d\u2019anticiper l\u2019impact des futurs am\u00e9nagements sur l\u2019\u00e9quilibre hydrique du site et du quartier\u00a0\u00bb.<\/p>\n<p>\u00c0 l\u2019issue de ces forages et de la pose de ces pi\u00e9zom\u00e8tres, \u00ab\u00a0un rev\u00eatement de voirie provisoire sera pos\u00e9, et les pav\u00e9s seront remplac\u00e9s apr\u00e8s les f\u00eates de fin d\u2019ann\u00e9e\u00a0\u00bb.<\/p>\n<p>Le chantier du <a href=\"https:\/\/www.estrepublicain.fr\/culture-loisirs\/2025\/02\/10\/le-musee-lorrain-son-histoire-ses-collections-sa-renovation-compliquee\" target=\"_blank\" rel=\"noopener\">Mus\u00e9e lorrain &#8211; Palais des Ducs<\/a> , lui, doit durer des ann\u00e9es pour une r\u00e9ouverture pr\u00e9vue, pour l\u2019instant, \u00e0 l\u2019horizon 2033.<\/p>\n","protected":false},"excerpt":{"rendered":"Ce n\u2019est rien \u00e0 c\u00f4t\u00e9 de ce qui s\u2019annonce Grande Rue dans le cadre de la r\u00e9novation et&hellip;\n","protected":false},"author":2,"featured_media":562228,"comment_status":"","ping_status":"","sticky":false,"template":"","format":"standard","meta":{"footnotes":""},"categories":[9635],"tags":[1111,11,4749,33,1704,1777,674,1011,27,775,1702,1703,12,25],"class_list":{"0":"post-562227","1":"post","2":"type-post","3":"status-publish","4":"format-standard","5":"has-post-thumbnail","7":"category-nancy","8":"tag-actu","9":"tag-actualites","10":"tag-btp-et-chantiers","11":"tag-economie","12":"tag-edition-nancy-et-agglomeration","13":"tag-eu","14":"tag-europe","15":"tag-fr","16":"tag-france","17":"tag-grand-est","18":"tag-nancy","19":"tag-nancy-ville-54b","20":"tag-news","21":"tag-republique-francaise"},"share_on_mastodon":{"url":"https:\/\/pubeurope.com\/@fr\/115621610394362509","error":""},"_links":{"self":[{"href":"https:\/\/www.europesays.com\/fr\/wp-json\/wp\/v2\/posts\/562227","targetHints":{"allow":["GET"]}}],"collection":[{"href":"https:\/\/www.europesays.com\/fr\/wp-json\/wp\/v2\/posts"}],"about":[{"href":"https:\/\/www.europesays.com\/fr\/wp-json\/wp\/v2\/types\/post"}],"author":[{"embeddable":true,"href":"https:\/\/www.europesays.com\/fr\/wp-json\/wp\/v2\/users\/2"}],"replies":[{"embeddable":true,"href":"https:\/\/www.europesays.com\/fr\/wp-json\/wp\/v2\/comments?post=562227"}],"version-history":[{"count":0,"href":"https:\/\/www.europesays.com\/fr\/wp-json\/wp\/v2\/posts\/562227\/revisions"}],"wp:featuredmedia":[{"embeddable":true,"href":"https:\/\/www.europesays.com\/fr\/wp-json\/wp\/v2\/media\/562228"}],"wp:attachment":[{"href":"https:\/\/www.europesays.com\/fr\/wp-json\/wp\/v2\/media?parent=562227"}],"wp:term":[{"taxonomy":"category","embeddable":true,"href":"https:\/\/www.europesays.com\/fr\/wp-json\/wp\/v2\/categories?post=562227"},{"taxonomy":"post_tag","embeddable":true,"href":"https:\/\/www.europesays.com\/fr\/wp-json\/wp\/v2\/tags?post=562227"}],"curies":[{"name":"wp","href":"https:\/\/api.w.org\/{rel}","templated":true}]}}