{"id":562237,"date":"2025-11-27T12:19:13","date_gmt":"2025-11-27T12:19:13","guid":{"rendered":"https:\/\/www.europesays.com\/fr\/562237\/"},"modified":"2025-11-27T12:19:13","modified_gmt":"2025-11-27T12:19:13","slug":"malaunay-illuminations-de-noel-le-recyclage-est-prevu","status":"publish","type":"post","link":"https:\/\/www.europesays.com\/fr\/562237\/","title":{"rendered":"Malaunay. Illuminations de No\u00ebl, le recyclage est pr\u00e9vu !"},"content":{"rendered":"<p>\t\t\t\t\t\t\tCulture.<\/p>\n<p>\t\t\t\t\tC&rsquo;est la pr\u00e9paration des illuminations qui seront activi\u00e9es le 29 novembre.\t\t\t\t<\/p>\n<p>\n\t\t\t\t\tPubli\u00e9 le<br \/>\n\t\t\t\t\t27\/11\/2025 \u00e0 11h22\t\t\t\t\t<\/p>\n<p>\t\t\t\t\t\t\t\t<img decoding=\"async\" class=\"media illustration\" src=\"https:\/\/www.europesays.com\/fr\/wp-content\/uploads\/2025\/11\/1764245953_130_\" width=\"1200\" height=\"578\" loading=\"eager\" fetchpriority=\"high\" alt=\"Malaunay. Illuminations de No\u00ebl, le recyclage est pr\u00e9vu !\"\/><\/p>\n<p>\t\t\t\t\t\t\t\t\t\t\t\t\t\t\tLe agents techniques ont judicieusement employ\u00e9 les anciennes d\u00e9corations pour en cr\u00e9er de nouvelles qui seront allum\u00e9es le 29 novembre &#8211; Ville Malaunay<\/p>\n","protected":false},"excerpt":{"rendered":"Culture. C&rsquo;est la pr\u00e9paration des illuminations qui seront activi\u00e9es le 29 novembre. Publi\u00e9 le 27\/11\/2025 \u00e0 11h22 Le&hellip;\n","protected":false},"author":2,"featured_media":562238,"comment_status":"","ping_status":"","sticky":false,"template":"","format":"standard","meta":{"footnotes":""},"categories":[9587],"tags":[1111,11,1777,674,1011,27,12,5161,25,9590],"class_list":{"0":"post-562237","1":"post","2":"type-post","3":"status-publish","4":"format-standard","5":"has-post-thumbnail","7":"category-rouen","8":"tag-actu","9":"tag-actualites","10":"tag-eu","11":"tag-europe","12":"tag-fr","13":"tag-france","14":"tag-news","15":"tag-normandie","16":"tag-republique-francaise","17":"tag-rouen"},"share_on_mastodon":{"url":"https:\/\/pubeurope.com\/@fr\/115621630753802880","error":""},"_links":{"self":[{"href":"https:\/\/www.europesays.com\/fr\/wp-json\/wp\/v2\/posts\/562237","targetHints":{"allow":["GET"]}}],"collection":[{"href":"https:\/\/www.europesays.com\/fr\/wp-json\/wp\/v2\/posts"}],"about":[{"href":"https:\/\/www.europesays.com\/fr\/wp-json\/wp\/v2\/types\/post"}],"author":[{"embeddable":true,"href":"https:\/\/www.europesays.com\/fr\/wp-json\/wp\/v2\/users\/2"}],"replies":[{"embeddable":true,"href":"https:\/\/www.europesays.com\/fr\/wp-json\/wp\/v2\/comments?post=562237"}],"version-history":[{"count":0,"href":"https:\/\/www.europesays.com\/fr\/wp-json\/wp\/v2\/posts\/562237\/revisions"}],"wp:featuredmedia":[{"embeddable":true,"href":"https:\/\/www.europesays.com\/fr\/wp-json\/wp\/v2\/media\/562238"}],"wp:attachment":[{"href":"https:\/\/www.europesays.com\/fr\/wp-json\/wp\/v2\/media?parent=562237"}],"wp:term":[{"taxonomy":"category","embeddable":true,"href":"https:\/\/www.europesays.com\/fr\/wp-json\/wp\/v2\/categories?post=562237"},{"taxonomy":"post_tag","embeddable":true,"href":"https:\/\/www.europesays.com\/fr\/wp-json\/wp\/v2\/tags?post=562237"}],"curies":[{"name":"wp","href":"https:\/\/api.w.org\/{rel}","templated":true}]}}