{"id":562239,"date":"2025-11-27T12:20:12","date_gmt":"2025-11-27T12:20:12","guid":{"rendered":"https:\/\/www.europesays.com\/fr\/562239\/"},"modified":"2025-11-27T12:20:12","modified_gmt":"2025-11-27T12:20:12","slug":"elles-proposaient-des-masturbations-dans-un-salon-de-massage-de-rouen-les-deux-gerantes-bientot-jugees","status":"publish","type":"post","link":"https:\/\/www.europesays.com\/fr\/562239\/","title":{"rendered":"Elles proposaient des masturbations dans un salon de massage de Rouen\u00a0: les deux g\u00e9rantes bient\u00f4t jug\u00e9es"},"content":{"rendered":"<p>Les deux g\u00e9rantes chinoises d&rsquo;un salon de massage du centre-ville de Rouen seront jug\u00e9es en janvier 2026 pour prox\u00e9n\u00e9tisme, blanchiment et travail dissimul\u00e9. Les deux femmes, plac\u00e9es en garde \u00e0 vue ce mardi, proposaient des masturbations \u00e0 leurs clients. <\/p>\n<p>C&rsquo;est un <strong>courrier anonyme<\/strong> qui a d\u00e9clench\u00e9 l&rsquo;enqu\u00eate le 1er novembre 2025. Une lettre d\u00e9non\u00e7ant les pratiques pas tr\u00e8s catholiques d&rsquo;un salon de massage de la rue de la Savonnerie, \u00e0 deux pas de la cath\u00e9drale Notre-Dame de Rouen. Un salon, baptis\u00e9 Floris Beaut\u00e9, et qui proposait \u00e0 sa client\u00e8le exclusivement masculine ce que l&rsquo;on appelle pudiquement des \u00ab\u00a0finitions\u00a0\u00bb.<\/p>\n<p>Entre 10 et 50 euros<\/p>\n<p>Les deux g\u00e9rantes et leur employ\u00e9e, toutes trois de nationalit\u00e9 chinoise, facturaient ainsi des services sexuels entre 10 et 50 euros. Vingt euros pour une masturbation par exemple.<\/p>\n<p>Les deux g\u00e9rantes, \u00e2g\u00e9es de 44 et 2 ans ont \u00e9t\u00e9 plac\u00e9es en garde \u00e0 vue le 25 novembre. Elles seront jug\u00e9es <strong>le 15 janvier 2026<\/strong> par le tribunal correctionnel de Rouen, pour \u00ab\u00a0prox\u00e9n\u00e9tisme aggrav\u00e9, blanchiment et travail dissimul\u00e9\u00a0\u00bb, indique le parquet de Rouen. Leur employ\u00e9e, \u00e2g\u00e9e de 35 ans, n&rsquo;est pas poursuivie puisque consid\u00e9r\u00e9e comme une victime dans cette affaire. L&rsquo;une des deux g\u00e9rantes du salon \u00e9tait d\u00e9j\u00e0 connue de la justice pour des faits similaires en 2016.<\/p>\n<p>La police a pos\u00e9 des scell\u00e9s sur l&rsquo;\u00e9tablissement. L&rsquo;enqu\u00eate va se poursuivre notamment pour conna\u00eetre le montant des gains engrang\u00e9s par les deux femmes gr\u00e2ce \u00e0 leur activit\u00e9.<\/p>\n","protected":false},"excerpt":{"rendered":"Les deux g\u00e9rantes chinoises d&rsquo;un salon de massage du centre-ville de Rouen seront jug\u00e9es en janvier 2026 pour&hellip;\n","protected":false},"author":2,"featured_media":562240,"comment_status":"","ping_status":"","sticky":false,"template":"","format":"standard","meta":{"footnotes":""},"categories":[9587],"tags":[1111,11,1777,674,1011,27,12,5161,25,9590],"class_list":{"0":"post-562239","1":"post","2":"type-post","3":"status-publish","4":"format-standard","5":"has-post-thumbnail","7":"category-rouen","8":"tag-actu","9":"tag-actualites","10":"tag-eu","11":"tag-europe","12":"tag-fr","13":"tag-france","14":"tag-news","15":"tag-normandie","16":"tag-republique-francaise","17":"tag-rouen"},"share_on_mastodon":{"url":"https:\/\/pubeurope.com\/@fr\/115621634076859877","error":""},"_links":{"self":[{"href":"https:\/\/www.europesays.com\/fr\/wp-json\/wp\/v2\/posts\/562239","targetHints":{"allow":["GET"]}}],"collection":[{"href":"https:\/\/www.europesays.com\/fr\/wp-json\/wp\/v2\/posts"}],"about":[{"href":"https:\/\/www.europesays.com\/fr\/wp-json\/wp\/v2\/types\/post"}],"author":[{"embeddable":true,"href":"https:\/\/www.europesays.com\/fr\/wp-json\/wp\/v2\/users\/2"}],"replies":[{"embeddable":true,"href":"https:\/\/www.europesays.com\/fr\/wp-json\/wp\/v2\/comments?post=562239"}],"version-history":[{"count":0,"href":"https:\/\/www.europesays.com\/fr\/wp-json\/wp\/v2\/posts\/562239\/revisions"}],"wp:featuredmedia":[{"embeddable":true,"href":"https:\/\/www.europesays.com\/fr\/wp-json\/wp\/v2\/media\/562240"}],"wp:attachment":[{"href":"https:\/\/www.europesays.com\/fr\/wp-json\/wp\/v2\/media?parent=562239"}],"wp:term":[{"taxonomy":"category","embeddable":true,"href":"https:\/\/www.europesays.com\/fr\/wp-json\/wp\/v2\/categories?post=562239"},{"taxonomy":"post_tag","embeddable":true,"href":"https:\/\/www.europesays.com\/fr\/wp-json\/wp\/v2\/tags?post=562239"}],"curies":[{"name":"wp","href":"https:\/\/api.w.org\/{rel}","templated":true}]}}