{"id":562241,"date":"2025-11-27T12:21:17","date_gmt":"2025-11-27T12:21:17","guid":{"rendered":"https:\/\/www.europesays.com\/fr\/562241\/"},"modified":"2025-11-27T12:21:17","modified_gmt":"2025-11-27T12:21:17","slug":"famille-expulsee-decrie-par-resf-franck-longo-contre-attaque-2","status":"publish","type":"post","link":"https:\/\/www.europesays.com\/fr\/562241\/","title":{"rendered":"Famille expuls\u00e9e : d\u00e9cri\u00e9 par RESF, Franck Longo contre-attaque"},"content":{"rendered":"<p>\u00ab\u00a0Mr Longo, son \u00e9quipe muni\u00adci\u00adpale et ses ser\u00advices appliquent une poli\u00adtique que ne renie\u00adraient pas les droites les plus extr\u00eames.\u00a0\u00bb Ainsi s\u2019ex\u00adprime le R\u00e9seau \u00e9du\u00adca\u00adtion sans fron\u00adti\u00e8re (RESF) dans un com\u00admu\u00adni\u00adqu\u00e9 en date du 25 novembre 2025 visant direc\u00adte\u00adment le maire de <a href=\"https:\/\/mairie-fontaine.fr\/\" target=\"_blank\" rel=\"noopener\">Fontaine<\/a> Franck Longo et les \u00e9lus de sa majo\u00adrit\u00e9. En cause\u00a0? L\u2019expulsion d\u2019une famille de son loge\u00adment\u2026 et la jus\u00adti\u00adfi\u00adca\u00adtion qu\u2019en a faite la Ville sur les r\u00e9seaux sociaux, sym\u00adbole \u00e0 ses yeux d\u2019une \u00ab\u00a0d\u00e9rive droi\u00adti\u00e8re\u00a0\u00bb.<\/p>\n<p><a href=\"https:\/\/www.europesays.com\/fr\/wp-content\/uploads\/2025\/11\/banderole-fontaine.jpg\" target=\"_blank\" rel=\"noopener\"><img fetchpriority=\"high\" decoding=\"async\" aria-describedby=\"caption-attachment-665787\" class=\"wp-image-665787 size-full\" src=\"data:image\/svg+xml,%3Csvg%20xmlns=\" http:=\"\" alt=\"Banderole d\u00e9ploy\u00e9e lors du rassemblement contre l'expulsion d'une famille \u00e0 Fontaine. DR\" width=\"1440\" height=\"1080\" data-lazy- data-lazy- data-lazy-src=\"https:\/\/www.europesays.com\/fr\/wp-content\/uploads\/2025\/11\/banderole-fontaine.jpg\"\/><\/a><\/p>\n<p id=\"caption-attachment-665787\" class=\"wp-caption-text\">Banderole d\u00e9ploy\u00e9e lors du ras\u00adsem\u00adble\u00adment contre l\u2019ex\u00adpul\u00adsion d\u2019une famille \u00e0 Fontaine. DR<\/p>\n<p>\u00ab\u00a0Deux jours avant la tr\u00eave hiver\u00adnale, la mai\u00adrie de Fontaine expul\u00adsait de son loge\u00adment une m\u00e8re et ses deux enfants sans aucune pro\u00adpo\u00adsi\u00adtion de relo\u00adge\u00adment\u00a0\u00bb, indique ainsi RESF. Qui, le 10 novembre sui\u00advant, avec d\u2019autres orga\u00adni\u00adsa\u00adtions, par\u00adti\u00adci\u00adpait \u00e0 un ras\u00adsem\u00adble\u00adment d\u2019une qua\u00adran\u00adtaine de per\u00adsonnes devant l\u2019h\u00f4\u00adtel de Ville de Fontaine pour d\u00e9non\u00adcer publi\u00adque\u00adment l\u2019ex\u00adpul\u00adsion en question.<\/p>\n<p>Le m\u00eame jour, le compte Facebook de la muni\u00adci\u00adpa\u00adlit\u00e9 fon\u00adtai\u00adnoise <a href=\"https:\/\/www.facebook.com\/fontaine38600\/posts\/pfbid02mF8GQwaPba1uPmK1RX8iVUEkKp7G4jGgxxzgN17H9FRKbN7GU436GQeRiQqUkBHUl\" target=\"_blank\" rel=\"noopener\">publiait un long com\u00admu\u00adni\u00adqu\u00e9<\/a> pour d\u00e9li\u00advrer plu\u00adsieurs \u00e9l\u00e9\u00adments. Initialement \u00ab\u00a0log\u00e9e \u00e0 titre gra\u00adtuit\u00a0\u00bb dans un loge\u00adment tem\u00adpo\u00adraire appar\u00adte\u00adnant \u00e0 la Ville, tout en \u00e9tant sous obli\u00adga\u00adtion de quit\u00adter le ter\u00adri\u00adtoire fran\u00ad\u00e7ais (OQTF), la famille a \u00e9t\u00e9 relo\u00adg\u00e9e dans \u00ab\u00a0un appar\u00adte\u00adment com\u00admu\u00adnal plus adapt\u00e9\u00a0\u00bb en juin 2023, avec un loyer de 150\u00a0euros par mois qui ne sera jamais r\u00e9gl\u00e9. \u00ab\u00a0L\u2019appartement a, par ailleurs, \u00e9t\u00e9 for\u00adte\u00adment d\u00e9grad\u00e9 et rendu insa\u00adlubre\u00a0\u00bb, ajoute la municipalit\u00e9.<\/p>\n<p><a href=\"https:\/\/www.europesays.com\/fr\/wp-content\/uploads\/2025\/11\/OperationOccupationCitoyenneFontaineCreditJoelKermabon-1.jpg\" target=\"_blank\" rel=\"noopener\"><img loading=\"lazy\" decoding=\"async\" aria-describedby=\"caption-attachment-652474\" class=\"wp-image-652474 size-full\" src=\"data:image\/svg+xml,%3Csvg%20xmlns=\" http:=\"\" alt=\"Franck Longo, maire de Fontaine, lors d'une op\u00e9ration de s\u00e9curit\u00e9 et d'occupation citoyenne \u00e0 Fontaine contre le trafic de drogue. \u00a9 Jo\u00ebl Kermabon - Place Gre'net\" width=\"1141\" height=\"642\" data-lazy- data-lazy- data-lazy-src=\"https:\/\/www.europesays.com\/fr\/wp-content\/uploads\/2025\/11\/OperationOccupationCitoyenneFontaineCreditJoelKermabon-1.jpg\"\/><\/a><\/p>\n<p id=\"caption-attachment-652474\" class=\"wp-caption-text\">Franck Longo, maire de Fontaine, lors d\u2019une op\u00e9\u00adra\u00adtion de s\u00e9cu\u00adrit\u00e9 et d\u2019oc\u00adcu\u00adpa\u00adtion citoyenne \u00e0 Fontaine contre le tra\u00adfic de drogue. \u00a9 Jo\u00ebl Kermabon \u2013 Place Gre\u2019net<\/p>\n<p>L\u2019appartement devant \u00eatre d\u00e9sor\u00admais vendu, la Ville indique avoir demand\u00e9 \u00e0 la famille de le quit\u00adter il y a plus d\u2019un an, et s\u2019est vue contrainte de sai\u00adsir la jus\u00adtice \u00ab\u00a0apr\u00e8s avoir \u00e9puis\u00e9 toutes les solu\u00adtions amiables et les voies de recours\u00a0\u00bb. Celle-ci \u00ab\u00a0a pro\u00adnonc\u00e9 la r\u00e9si\u00adlia\u00adtion de la conven\u00adtion par juge\u00adment du 27 mars 2025 et a auto\u00adris\u00e9 l\u2019expulsion\u00a0\u00bb. Enfin, la mai\u00adrie de Fontaine note avoir laiss\u00e9 encore plu\u00adsieurs mois \u00e0 la famille.<\/p>\n","protected":false},"excerpt":{"rendered":"\u00ab\u00a0Mr Longo, son \u00e9quipe muni\u00adci\u00adpale et ses ser\u00advices appliquent une poli\u00adtique que ne renie\u00adraient pas les droites les&hellip;\n","protected":false},"author":2,"featured_media":561055,"comment_status":"","ping_status":"","sticky":false,"template":"","format":"standard","meta":{"footnotes":""},"categories":[9566],"tags":[1111,11,2430,1777,674,1011,27,2731,12,25],"class_list":{"0":"post-562241","1":"post","2":"type-post","3":"status-publish","4":"format-standard","5":"has-post-thumbnail","7":"category-grenoble","8":"tag-actu","9":"tag-actualites","10":"tag-auvergne-rhone-alpes","11":"tag-eu","12":"tag-europe","13":"tag-fr","14":"tag-france","15":"tag-grenoble","16":"tag-news","17":"tag-republique-francaise"},"share_on_mastodon":{"url":"https:\/\/pubeurope.com\/@fr\/115621637967495200","error":""},"_links":{"self":[{"href":"https:\/\/www.europesays.com\/fr\/wp-json\/wp\/v2\/posts\/562241","targetHints":{"allow":["GET"]}}],"collection":[{"href":"https:\/\/www.europesays.com\/fr\/wp-json\/wp\/v2\/posts"}],"about":[{"href":"https:\/\/www.europesays.com\/fr\/wp-json\/wp\/v2\/types\/post"}],"author":[{"embeddable":true,"href":"https:\/\/www.europesays.com\/fr\/wp-json\/wp\/v2\/users\/2"}],"replies":[{"embeddable":true,"href":"https:\/\/www.europesays.com\/fr\/wp-json\/wp\/v2\/comments?post=562241"}],"version-history":[{"count":0,"href":"https:\/\/www.europesays.com\/fr\/wp-json\/wp\/v2\/posts\/562241\/revisions"}],"wp:featuredmedia":[{"embeddable":true,"href":"https:\/\/www.europesays.com\/fr\/wp-json\/wp\/v2\/media\/561055"}],"wp:attachment":[{"href":"https:\/\/www.europesays.com\/fr\/wp-json\/wp\/v2\/media?parent=562241"}],"wp:term":[{"taxonomy":"category","embeddable":true,"href":"https:\/\/www.europesays.com\/fr\/wp-json\/wp\/v2\/categories?post=562241"},{"taxonomy":"post_tag","embeddable":true,"href":"https:\/\/www.europesays.com\/fr\/wp-json\/wp\/v2\/tags?post=562241"}],"curies":[{"name":"wp","href":"https:\/\/api.w.org\/{rel}","templated":true}]}}