{"id":562242,"date":"2025-11-27T12:22:18","date_gmt":"2025-11-27T12:22:18","guid":{"rendered":"https:\/\/www.europesays.com\/fr\/562242\/"},"modified":"2025-11-27T12:22:18","modified_gmt":"2025-11-27T12:22:18","slug":"la-presidence-du-magasin-cnac-de-grenoble-repond-aux-salaries","status":"publish","type":"post","link":"https:\/\/www.europesays.com\/fr\/562242\/","title":{"rendered":"La pr\u00e9sidence du Magasin-Cnac de Grenoble r\u00e9pond aux salari\u00e9s"},"content":{"rendered":"<p>Rebelote\u00a0! Apr\u00e8s un pre\u00admier mou\u00adve\u00adment de gr\u00e8ve le mer\u00adcredi 19 novembre 2025, les sala\u00adri\u00e9s du Centre natio\u00adnal d\u2019art contem\u00adpo\u00adrain de Grenoble (Cnac) ont observ\u00e9 un nou\u00advel arr\u00eat de tra\u00advail le lundi 24 novembre, entre midi et 14 h 30. Ceci alors que le site devait accueillir d\u00e8s le matin un s\u00e9mi\u00adnaire des centres d\u2019art (qui n\u2019a fina\u00adle\u00adment d\u00e9marr\u00e9 qu\u2019\u00e0 15 heures). Outre la gr\u00e8ve, un ras\u00adsem\u00adble\u00adment asso\u00adciant les syn\u00addi\u00adcats Sud Culture et CGT s\u2019est tenu devant le fameux Magasin.<\/p>\n<p><a href=\"https:\/\/www.europesays.com\/fr\/wp-content\/uploads\/2025\/11\/greve-magasin-24-novembre-2025-fm-3-scaled.jpg\" target=\"_blank\" rel=\"noopener\"><img fetchpriority=\"high\" decoding=\"async\" aria-describedby=\"caption-attachment-665699\" class=\"wp-image-665699 size-full\" src=\"data:image\/svg+xml,%3Csvg%20xmlns=\" http:=\"\" alt=\"Rassemblement (sous la pluie) devant le Cnac-Magasin de Grenoble le lundi 24 novembre 2025. \u00a9 Florent Mathieu - Place Gre'net\" width=\"2048\" height=\"1532\" data-lazy- data-lazy- data-lazy-src=\"https:\/\/www.europesays.com\/fr\/wp-content\/uploads\/2025\/11\/greve-magasin-24-novembre-2025-fm-3-scaled.jpg\"\/><\/a><\/p>\n<p id=\"caption-attachment-665699\" class=\"wp-caption-text\">Rassemblement (sous la pluie) devant le Cnac-Magasin de Grenoble le lundi 24 novembre 2025. \u00a9 Florent Mathieu \u2013 Place Gre\u2019net<\/p>\n<p>Deux \u201ccom\u00adbats\u201d se m\u00e9lan\u00adgeaient en r\u00e9a\u00adlit\u00e9. Sud Culture d\u00e9non\u00ad\u00e7ait la situa\u00adtion d\u2019une d\u00e9l\u00e9\u00adgu\u00e9e du per\u00adson\u00adnel mise sur la touche apr\u00e8s avoir signal\u00e9 des accu\u00adsa\u00adtions concer\u00adnant une agres\u00adsion sexuelle qu\u2019au\u00adrait com\u00admise un membre du bureau de l\u2019as\u00adso\u00adcia\u00adtion. De son c\u00f4t\u00e9, la CGT sou\u00adte\u00adnait les reven\u00addi\u00adca\u00adtions des sala\u00adri\u00e9s d\u00e9non\u00ad\u00e7ant une d\u00e9gra\u00adda\u00adtion conti\u00adnue de leurs condi\u00adtions de tra\u00advail et une pro\u00adc\u00e9\u00addure ini\u00adti\u00e9e contre l\u2019une de leurs col\u00adl\u00e8gues, jug\u00e9e injustifi\u00e9e.<\/p>\n<p>Sous une pluie bat\u00adtante, le syn\u00addi\u00adcat Sud Culture avait d\u00e9ploy\u00e9 une ban\u00adde\u00adrole devant l\u2019en\u00adtr\u00e9e du Magasin affi\u00adchant \u00ab\u00a0Agresseurs, har\u00adce\u00adleurs, on vous voit. Stop \u00e0 l\u2019im\u00adpu\u00adnit\u00e9. Stop aux vio\u00adlences sys\u00adt\u00e9\u00admiques dans l\u2019art contem\u00adpo\u00adrain\u00a0\u00bb.<\/p>\n<p>Le syn\u00addi\u00adcat, au-del\u00e0 du cas du Magasin de Grenoble, vou\u00adlait en effet por\u00adter un mes\u00adsage natio\u00adnal. \u00ab\u00a0Quelque chose est en train de se pas\u00adser dans l\u2019art contem\u00adpo\u00adrain\u00a0\u00bb, a ainsi expli\u00adqu\u00e9 Marianne, repr\u00e9\u00adsen\u00adtante de l\u2019or\u00adga\u00adni\u00adsa\u00adtion syn\u00addi\u00adcale venue de Paris, non sans fus\u00adti\u00adger \u00ab\u00a0un conti\u00adnuum sys\u00adt\u00e9\u00admique ins\u00adti\u00adtu\u00adtion\u00adnel\u00a0\u00bb.<\/p>\n","protected":false},"excerpt":{"rendered":"Rebelote\u00a0! Apr\u00e8s un pre\u00admier mou\u00adve\u00adment de gr\u00e8ve le mer\u00adcredi 19 novembre 2025, les sala\u00adri\u00e9s du Centre natio\u00adnal d\u2019art&hellip;\n","protected":false},"author":2,"featured_media":562243,"comment_status":"","ping_status":"","sticky":false,"template":"","format":"standard","meta":{"footnotes":""},"categories":[9566],"tags":[1111,11,2430,1777,674,1011,27,2731,12,25],"class_list":{"0":"post-562242","1":"post","2":"type-post","3":"status-publish","4":"format-standard","5":"has-post-thumbnail","7":"category-grenoble","8":"tag-actu","9":"tag-actualites","10":"tag-auvergne-rhone-alpes","11":"tag-eu","12":"tag-europe","13":"tag-fr","14":"tag-france","15":"tag-grenoble","16":"tag-news","17":"tag-republique-francaise"},"share_on_mastodon":{"url":"https:\/\/pubeurope.com\/@fr\/115621641936607763","error":""},"_links":{"self":[{"href":"https:\/\/www.europesays.com\/fr\/wp-json\/wp\/v2\/posts\/562242","targetHints":{"allow":["GET"]}}],"collection":[{"href":"https:\/\/www.europesays.com\/fr\/wp-json\/wp\/v2\/posts"}],"about":[{"href":"https:\/\/www.europesays.com\/fr\/wp-json\/wp\/v2\/types\/post"}],"author":[{"embeddable":true,"href":"https:\/\/www.europesays.com\/fr\/wp-json\/wp\/v2\/users\/2"}],"replies":[{"embeddable":true,"href":"https:\/\/www.europesays.com\/fr\/wp-json\/wp\/v2\/comments?post=562242"}],"version-history":[{"count":0,"href":"https:\/\/www.europesays.com\/fr\/wp-json\/wp\/v2\/posts\/562242\/revisions"}],"wp:featuredmedia":[{"embeddable":true,"href":"https:\/\/www.europesays.com\/fr\/wp-json\/wp\/v2\/media\/562243"}],"wp:attachment":[{"href":"https:\/\/www.europesays.com\/fr\/wp-json\/wp\/v2\/media?parent=562242"}],"wp:term":[{"taxonomy":"category","embeddable":true,"href":"https:\/\/www.europesays.com\/fr\/wp-json\/wp\/v2\/categories?post=562242"},{"taxonomy":"post_tag","embeddable":true,"href":"https:\/\/www.europesays.com\/fr\/wp-json\/wp\/v2\/tags?post=562242"}],"curies":[{"name":"wp","href":"https:\/\/api.w.org\/{rel}","templated":true}]}}