{"id":562246,"date":"2025-11-27T12:24:18","date_gmt":"2025-11-27T12:24:18","guid":{"rendered":"https:\/\/www.europesays.com\/fr\/562246\/"},"modified":"2025-11-27T12:24:18","modified_gmt":"2025-11-27T12:24:18","slug":"le-prix-est-attribue-a-nathacha-appanah-pour-la-nuit-au-coeur","status":"publish","type":"post","link":"https:\/\/www.europesays.com\/fr\/562246\/","title":{"rendered":"le prix est attribu\u00e9 \u00e0 Nathacha Appanah pour La Nuit au c\u0153ur"},"content":{"rendered":"<p>                    Par<br \/>\n        <strong><br \/>\n            <a href=\"https:\/\/actu.fr\/auteur\/brian-legoff\" title=\"Consulter tous les articles de Brian Le Goff\" target=\"_blank\" rel=\"noopener\">Brian Le Goff<\/a><br \/>\n                    <\/strong><\/p>\n<p>        Publi\u00e9 le<\/p>\n<p>            27 nov. 2025 \u00e0 13h08        <\/p>\n<p>Le <strong>verdict est tomb\u00e9<\/strong> aux alentours de 13h, jeudi 27 novembre 2025, depuis l\u2019H\u00f4tel de Ville de Rennes. Les 13 lyc\u00e9ennes et lyc\u00e9ens r\u00e9unis pour la d\u00e9lib\u00e9ration nationale ont d\u00e9cern\u00e9 le prix Goncourt des lyc\u00e9ens 2025 \u00e0 Nathacha Appanah pour son roman La Nuit au c\u0153ur, publi\u00e9 aux \u00e9ditions Gallimard.<\/p>\n<p class=\" wall-content\"><strong>\u00ab\u00a0Merci<\/strong> !\u00a0\u00bb, s\u2019est exclam\u00e9e l\u2019autrice, jointe par t\u00e9l\u00e9phone. \u00ab\u00a0J\u2019aurais aim\u00e9 \u00eatre l\u00e0 et remercier chacun d\u2019entre vous, vous embrasser, vous dire le beau cadeau que vous m\u2019avez fait [\u2026] je suis tellement \u00e9mue, merci beaucoup.\u00a0\u00bb<\/p>\n<p class=\" wall-content\">\n<p>Les romans en lice<\/p>\n<p class=\" wall-content\">Le <strong>prix<\/strong> \u00e9tait<strong> tr\u00e8s disput\u00e9<\/strong>. Quatre autres romans figuraient en finale\u2009:<\/p>\n<ul class=\" wall-content\">\n<li>L\u2019Adieu au visage de David Deneufgermain (Marchialy)\u2009;<\/li>\n<li>La Collision de Paul Gasnier (Gallimard)\u2009;<\/li>\n<li>La Maison vide de Laurent Mauvignier (Minuit)\u2009;<\/li>\n<li>Un fr\u00e8re de David Thomas (L\u2019Olivier).\u00a0<\/li>\n<\/ul>\n<p class=\" wall-content\"><strong>La remise du Prix<\/strong> aura lieu en d\u00e9but de soir\u00e9e, \u00e0 <strong>Paris.<\/strong><\/p>\n<p class=\" wall-content\"><strong>Organis\u00e9 par le minist\u00e8re de l\u2019\u00c9ducation nationale avec la Fnac et l\u2019association Bruit de Lire,<\/strong> le prix Goncourt des lyc\u00e9ens mobilise chaque ann\u00e9e <strong>pr\u00e8s de 2\u2009000\u00a0\u00e9l\u00e8ves,<\/strong> dans une aventure litt\u00e9raire unique qui s\u2019\u00e9tend sur plusieurs semaines de lectures, de rencontres et de discussions.<\/p>\n<p class=\" wall-content\">Personnalisez votre actualit\u00e9 en ajoutant vos villes et m\u00e9dias en favori avec <a href=\"https:\/\/moncompte.actu.fr\" title=\"D\u00e9couvez Mon Actu\" rel=\"nofollow noopener\" data-trk=\"{&quot;cta&quot;:{&quot;action&quot;:&quot;https:\\\/\\\/moncompte.actu.fr&quot;,&quot;category&quot;:&quot;mon compte&quot;,&quot;from&quot;:&quot;article footer&quot;,&quot;name&quot;:&quot;Mon actu&quot;,&quot;type&quot;:&quot;cta&quot;}}\" target=\"_blank\">Mon Actu<\/a>.<\/p>\n","protected":false},"excerpt":{"rendered":"Par Brian Le Goff Publi\u00e9 le 27 nov. 2025 \u00e0 13h08 Le verdict est tomb\u00e9 aux alentours de&hellip;\n","protected":false},"author":2,"featured_media":562247,"comment_status":"","ping_status":"","sticky":false,"template":"","format":"standard","meta":{"footnotes":""},"categories":[2821],"tags":[1111,11,829,1777,674,1011,27,1380,1652,12,584,25],"class_list":{"0":"post-562246","1":"post","2":"type-post","3":"status-publish","4":"format-standard","5":"has-post-thumbnail","7":"category-rennes","8":"tag-actu","9":"tag-actualites","10":"tag-bretagne","11":"tag-eu","12":"tag-europe","13":"tag-fr","14":"tag-france","15":"tag-livres","16":"tag-loisirs-culture","17":"tag-news","18":"tag-rennes","19":"tag-republique-francaise"},"share_on_mastodon":{"url":"https:\/\/pubeurope.com\/@fr\/115621649853569788","error":""},"_links":{"self":[{"href":"https:\/\/www.europesays.com\/fr\/wp-json\/wp\/v2\/posts\/562246","targetHints":{"allow":["GET"]}}],"collection":[{"href":"https:\/\/www.europesays.com\/fr\/wp-json\/wp\/v2\/posts"}],"about":[{"href":"https:\/\/www.europesays.com\/fr\/wp-json\/wp\/v2\/types\/post"}],"author":[{"embeddable":true,"href":"https:\/\/www.europesays.com\/fr\/wp-json\/wp\/v2\/users\/2"}],"replies":[{"embeddable":true,"href":"https:\/\/www.europesays.com\/fr\/wp-json\/wp\/v2\/comments?post=562246"}],"version-history":[{"count":0,"href":"https:\/\/www.europesays.com\/fr\/wp-json\/wp\/v2\/posts\/562246\/revisions"}],"wp:featuredmedia":[{"embeddable":true,"href":"https:\/\/www.europesays.com\/fr\/wp-json\/wp\/v2\/media\/562247"}],"wp:attachment":[{"href":"https:\/\/www.europesays.com\/fr\/wp-json\/wp\/v2\/media?parent=562246"}],"wp:term":[{"taxonomy":"category","embeddable":true,"href":"https:\/\/www.europesays.com\/fr\/wp-json\/wp\/v2\/categories?post=562246"},{"taxonomy":"post_tag","embeddable":true,"href":"https:\/\/www.europesays.com\/fr\/wp-json\/wp\/v2\/tags?post=562246"}],"curies":[{"name":"wp","href":"https:\/\/api.w.org\/{rel}","templated":true}]}}