{"id":56225,"date":"2025-04-27T06:49:20","date_gmt":"2025-04-27T06:49:20","guid":{"rendered":"https:\/\/www.europesays.com\/fr\/56225\/"},"modified":"2025-04-27T06:49:20","modified_gmt":"2025-04-27T06:49:20","slug":"les-biens-immobiliers-insoupconnes-du-vatican-a-paris","status":"publish","type":"post","link":"https:\/\/www.europesays.com\/fr\/56225\/","title":{"rendered":"les biens immobiliers insoup\u00e7onn\u00e9s du Vatican \u00e0 Paris"},"content":{"rendered":"<p>            Par<br \/>\n        <strong><br \/>\n            <a href=\"https:\/\/actu.fr\/auteur\/julie-bossart-actu-fr\" title=\"Consulter tous les articles de Julie Bossart\" target=\"_blank\" rel=\"noopener\">Julie Bossart<\/a><br \/>\n        <\/strong><\/p>\n<p>        Publi\u00e9 le<\/p>\n<p>            26 avr. 2025 \u00e0 8h22        <\/p>\n<p>Tous les regards seront tourn\u00e9s vers Rome, ce samedi 26\u00a0avril 2025, pour les <a href=\"https:\/\/actu.fr\/monde\/mort-du-pape-francois-a-quelle-heure-et-sur-quelles-chaines-suivre-les-funerailles-ce-samedi_62558807.html\" target=\"_blank\" rel=\"noopener\">obs\u00e8ques du pape Fran\u00e7ois<\/a>, <a href=\"https:\/\/actu.fr\/societe\/le-pape-francois-est-mort-annonce-le-vatican_62254072.html\" target=\"_blank\" rel=\"noopener\">d\u00e9c\u00e9d\u00e9 le lundi de P\u00e2ques<\/a>, \u00e0 88\u00a0ans. Apr\u00e8s l\u2019inhumation du <a href=\"https:\/\/actu.fr\/tag\/pape-francois\" target=\"_blank\" rel=\"noopener\">Saint-P\u00e8re<\/a> viendra le temps du <a href=\"https:\/\/actu.fr\/monde\/le-pape-francois-est-mort-et-maintenant-que-va-t-il-se-passer_62301594.html\" target=\"_blank\" rel=\"noopener\">conclave<\/a>, d\u00e9but mai, lors duquel sera \u00e9lu le successeur du souverain pontife.<br \/>Lorsque la fum\u00e9e blanche \u00e9manera de la chapelle Sixtine et que son nom aura \u00e9t\u00e9 \u00e9nonc\u00e9 au balcon de la basilique Saint-Pierre, le nouveau pape endossera le r\u00f4le de chef spirituel de l\u2019\u00c9glise catholique, mais aussi celui de chef de la Cit\u00e9 du Vatican. Le plus petit \u00c9tat du monde, certes, mais non pas le moins dot\u00e9 en <a href=\"https:\/\/actu.fr\/tag\/immobilier\" target=\"_blank\" rel=\"noopener\">biens immobiliers<\/a>, dont certains se situent hors de ses fronti\u00e8res, comme \u00e0 Londres, Gen\u00e8ve, Lausanne ou <a href=\"https:\/\/actu.fr\/paris\/dernieres-actus\" target=\"_blank\" rel=\"noopener\">Paris<\/a>.<\/p>\n<p>Plus de 730 biens identifi\u00e9s dans la capitale<\/p>\n<p class=\" wall-content\">L\u2019\u00e9tendue et la valeur du patrimoine immobilier du Vatican ne sont connues que depuis quelques ann\u00e9es. En 2021, dans le cadre d\u2019un effort de transparence financi\u00e8re demand\u00e9e par Fran\u00e7ois, l\u2019<strong>Administration du patrimoine du Saint-Si\u00e8ge<\/strong> (Apsa) a communiqu\u00e9 pour la premi\u00e8re fois sur le sujet. On apprenait ainsi qu\u2019\u00e0 l\u2019\u00e9poque, le Vatican poss\u00e9dait plus de 5\u2009000 propri\u00e9t\u00e9s dans le monde*\u2009: des \u00e9glises, des immeubles de bureaux, des r\u00e9sidences pour ses repr\u00e9sentants, des appartements lou\u00e9s \u00e0 son personnel\u2026 Quelque 4\u2009051 se situaient en Italie m\u00eame, <strong>1\u2009120, \u00e0 l\u2019\u00e9tranger<\/strong>, pour certaines dans des adresses prestigieuses, remarquait Capital.<\/p>\n<p class=\" wall-content\">\u00c0 Paris, le Vatican jouissait de \u00ab\u2009737 biens, aux alentours du boulevard Saint-Michel, dans le quartier de l\u2019Od\u00e9on ou encore dans celui des Champs-\u00c9lys\u00e9es\u2009\u00bb. Sur le site <a href=\"https:\/\/www.pappers.fr\/entreprise\/sopridex-soc-privee-exploitation-immobiliere-572187714\" target=\"_blank\" rel=\"noopener\">Pappers<\/a>, diff\u00e9rentes adresses sont rattach\u00e9es \u00e0 <strong>Sopridex<\/strong>, la soci\u00e9t\u00e9 immobili\u00e8re qui g\u00e8re une partie des propri\u00e9t\u00e9s du Vatican \u00e0 Paris\u2009: dans le 8e (rue de Rome, rue Lincoln), le 5 (boulevard Saint-Michel), le 6e (rue Guynemer, rue d\u2019Assas), le 15e (boulevard du Montparnasse), le 16e (rue de Civry), etc.<\/p>\n<p>      <img   decoding=\"async\" loading=\"lazy\" src=\"https:\/\/www.europesays.com\/fr\/wp-content\/uploads\/2025\/04\/capture-decran-2025-04-25-162310-960x640.jpg\" alt=\"Les adresses rattach\u00e9es \u00e0 la Sopridex, la soci\u00e9t\u00e9 priv\u00e9e d'exploitation immobili\u00e8re qui g\u00e8re les biens du Vatican \u00e0 Paris - capture d'\u00e9cran r\u00e9alis\u00e9es le 25 juin 2025.\" width=\"960\" height=\"640\"\/><br \/>\n    Les adresses rattach\u00e9es \u00e0 la Sopridex, la soci\u00e9t\u00e9 priv\u00e9e d\u2019exploitation immobili\u00e8re qui g\u00e8re les biens du Vatican \u00e0 Paris. (\u00a9Capture d\u2019\u00e9cran Pappers juin 2025)<\/p>\n<p class=\" wall-content\">Ces biens repr\u00e9senteraient \u00ab\u2009une surface de pr\u00e8s de 56\u2009000\u00a0m2 et sont estim\u00e9s \u00e0 <strong>595,5\u00a0millions d\u2019euros<\/strong> dans le rapport de l\u2019Apsa\u2009\u00bb, poursuivait Capital. Certains auraient h\u00e9berg\u00e9 des c\u00e9l\u00e9brit\u00e9s comme Fran\u00e7ois Mitterrand, Bernard Kouchner et Christine Ockrent, pr\u00e9cisait dans <a href=\"https:\/\/www.lemonde.fr\/le-monde-des-religions\/article\/2023\/04\/23\/il-peut-y-avoir-beaucoup-de-crispations-politiques-autour-du-parc-immobilier-de-l-eglise_6170673_6038514.html\" target=\"_blank\" rel=\"noopener\">Le Monde<\/a> en 2023 Michel Turin, journaliste et auteur de\u00a0Sacr\u00e9 Business. L\u2019incroyable march\u00e9 des biens immobiliers du clerg\u00e9 (Robert Laffont).<\/p>\n<p>Recettes et scandales<\/p>\n<p class=\" wall-content\">Les insoup\u00e7onn\u00e9es propri\u00e9t\u00e9s du Saint-Si\u00e8ge peuvent changer de main\u2009: en 2008, l\u2019h\u00f4tel particulier de Bourbon-Cond\u00e9 (7e) \u00e9tait achet\u00e9 par le roi de Bahre\u00efn pour 68\u00a0millions d\u2019euros, illustrait Michel Turin. Elles peuvent aussi donner lieu \u00e0 des scandales\u2009: l\u2019achat opaque d\u2019un immeuble de luxe \u00e0 Londres par le Vatican, en 2014, s\u2019est sold\u00e9 par un proc\u00e8s fleuve pour <strong>d\u00e9tournements de fonds et corruption<\/strong> en 2021. Le financier italien mis en cause sera condamn\u00e9 \u00e0 cinq ans et demi de prison pour fraude et d\u00e9tournement de fonds\u00a0par le tribunal p\u00e9nal du Vatican, puis <a href=\"https:\/\/tribunechretienne.com\/affaire-de-limmeuble-de-londres-le-verdict-du-tribunal-du-vatican-confirme-par-la-justice-britannique\/\" target=\"_blank\" rel=\"noopener\">par la justice britannique<\/a>.<\/p>\n<p class=\" wall-content\">Le parc immobilier du Vatican \u00e0 Paris et en France est le fruit d\u2019investissements r\u00e9alis\u00e9s <strong>depuis un si\u00e8cle<\/strong>. \u00ab\u2009L\u2019ann\u00e9e 1870 a marqu\u00e9 la fin des \u00c9tats pontificaux, rattach\u00e9s au Royaume d\u2019Italie, retra\u00e7ait en 2021 <a href=\"https:\/\/www.boursorama.com\/patrimoine\/actualites\/avec-plus-de-700-biens-le-patrimoine-immobilier-du-vatican-a-paris-estime-a-600-millions-d-euros-ed02385c3d7c9407f2115e7edfc62967\" target=\"_blank\" rel=\"noopener\">Boursorama<\/a>, citant l\u2019AFP. Six d\u00e9cennies plus tard, en 1929, l\u2019\u00c9tat de la Cit\u00e9 du Vatican [44\u00a0ha] \u00e9tait cr\u00e9\u00e9 par les accords de Latran.\u2009\u00bb Le Saint-Si\u00e8ge sera alors \u00ab\u2009d\u00e9dommag\u00e9 pour la confiscation de ses territoires et biens eccl\u00e9siastiques\u2009\u00bb, comme le palais du Quirinal (qui loge aujourd\u2019hui le pr\u00e9sident de la R\u00e9publique italienne, Sergio Mattarella). Le pape Pie XI d\u00e9cida d\u2019investir en Italie et \u00e0 l\u2019\u00e9tranger dans l\u2019immobilier \u00ab\u2009pour assurer la libert\u00e9 et l\u2019ind\u00e9pendance de l\u2019\u00c9glise\u2009\u00bb, expliquait Mgr Nunzio Galantino, <a href=\"https:\/\/www.vaticannews.va\/fr\/vatican\/news\/2023-10\/don-piccinotti-succede-a-mgr-galantino-a-la-presidence-de-l-apsa.html#:~:text=Le%20p%C3%A8re%20Piccinotti%20succ%C3%A8de%20%C3%A0,de%20l&#039;APSA%20%2D%20Vatican%20News\" target=\"_blank\" rel=\"noopener\">alors pr\u00e9sident de l\u2019Apsa<\/a>.<\/p>\n<p class=\" wall-content\">Une ind\u00e9pendance qui appara\u00eet fragile. Les<strong> finances du Vatican<\/strong> seraient dans un \u00e9tat catastrophique, avec un d\u00e9ficit annuel estim\u00e9 entre 70 et 90\u00a0millions d\u2019euros, rapportait il y a quelques jours <a href=\"https:\/\/www.tf1info.fr\/economie\/video-mort-pape-francois-vatican-pourquoi-les-finances-sont-elles-a-ce-point-catastrophiques-2366524.html\" target=\"_blank\" rel=\"noopener\">TF1<\/a>. Et le budget 2025, qui devait \u00eatre certifi\u00e9 par un expert, ne l\u2019a finalement pas \u00e9t\u00e9. En cause\u2009? \u00ab\u2009La diminution des dons des fid\u00e8les\u2009\u00bb, consid\u00e8re Fran\u00e7ois Lenglet, \u00e9ditorialiste \u00e9conomie TF1\/LCI. Ou encore \u00ab\u2009la baisse des recettes du patrimoine du Vatican, due \u00e0 une mauvaise gestion de certains immeubles\u2009\u00bb.<\/p>\n<p class=\" wall-content\">*Selon <a href=\"https:\/\/www.vaticannews.va\/fr\/vatican\/news\/2024-07\/vatican-patrimoine-saintsiege-curieromaine-pape.html\" target=\"_blank\" rel=\"noopener\">le bilan 2023 de l\u2019Aspa<\/a>, rendu public en juillet\u00a02024, en ce qui concerne la gestion immobili\u00e8re, 4\u2009249 unit\u00e9s \u00e9taient g\u00e9r\u00e9es en Italie et environ 1\u2009200 unit\u00e9s immobili\u00e8res l\u2019\u00e9taient \u00e0 l\u2019\u00e9tranger et en Italie par des soci\u00e9t\u00e9s d\u2019investissement. Elle pr\u00e9sentait un exc\u00e9dent de 35\u00a0millions d\u2019euros (pour des recettes d\u2019exploitation de 73,6\u00a0millions d\u2019euros).<\/p>\n<p class=\" wall-content\">Suivez toute l\u2019actualit\u00e9 de vos villes et m\u00e9dias favoris en vous inscrivant \u00e0 <a href=\"https:\/\/moncompte.actu.fr\" title=\"D\u00e9couvez Mon Actu\" rel=\"nofollow noopener\" data-trk=\"{&quot;cta&quot;:{&quot;action&quot;:&quot;https:\\\/\\\/moncompte.actu.fr&quot;,&quot;category&quot;:&quot;mon compte&quot;,&quot;from&quot;:&quot;article footer&quot;,&quot;name&quot;:&quot;Mon actu&quot;,&quot;type&quot;:&quot;cta&quot;}}\" target=\"_blank\">Mon Actu<\/a>.<\/p>\n","protected":false},"excerpt":{"rendered":"Par Julie Bossart Publi\u00e9 le 26 avr. 2025 \u00e0 8h22 Tous les regards seront tourn\u00e9s vers Rome, ce&hellip;\n","protected":false},"author":2,"featured_media":56226,"comment_status":"","ping_status":"","sticky":false,"template":"","format":"standard","meta":{"footnotes":""},"categories":[1888],"tags":[11,1777,674,1011,27,1116,12,4692,626,4020,25,104],"class_list":{"0":"post-56225","1":"post","2":"type-post","3":"status-publish","4":"format-standard","5":"has-post-thumbnail","7":"category-paris","8":"tag-actualites","9":"tag-eu","10":"tag-europe","11":"tag-fr","12":"tag-france","13":"tag-immobilier","14":"tag-news","15":"tag-pape-francois","16":"tag-paris","17":"tag-religion","18":"tag-republique-francaise","19":"tag-societe"},"share_on_mastodon":{"url":"https:\/\/pubeurope.com\/@fr\/114408598002279132","error":""},"_links":{"self":[{"href":"https:\/\/www.europesays.com\/fr\/wp-json\/wp\/v2\/posts\/56225","targetHints":{"allow":["GET"]}}],"collection":[{"href":"https:\/\/www.europesays.com\/fr\/wp-json\/wp\/v2\/posts"}],"about":[{"href":"https:\/\/www.europesays.com\/fr\/wp-json\/wp\/v2\/types\/post"}],"author":[{"embeddable":true,"href":"https:\/\/www.europesays.com\/fr\/wp-json\/wp\/v2\/users\/2"}],"replies":[{"embeddable":true,"href":"https:\/\/www.europesays.com\/fr\/wp-json\/wp\/v2\/comments?post=56225"}],"version-history":[{"count":0,"href":"https:\/\/www.europesays.com\/fr\/wp-json\/wp\/v2\/posts\/56225\/revisions"}],"wp:featuredmedia":[{"embeddable":true,"href":"https:\/\/www.europesays.com\/fr\/wp-json\/wp\/v2\/media\/56226"}],"wp:attachment":[{"href":"https:\/\/www.europesays.com\/fr\/wp-json\/wp\/v2\/media?parent=56225"}],"wp:term":[{"taxonomy":"category","embeddable":true,"href":"https:\/\/www.europesays.com\/fr\/wp-json\/wp\/v2\/categories?post=56225"},{"taxonomy":"post_tag","embeddable":true,"href":"https:\/\/www.europesays.com\/fr\/wp-json\/wp\/v2\/tags?post=56225"}],"curies":[{"name":"wp","href":"https:\/\/api.w.org\/{rel}","templated":true}]}}