{"id":562252,"date":"2025-11-27T12:27:12","date_gmt":"2025-11-27T12:27:12","guid":{"rendered":"https:\/\/www.europesays.com\/fr\/562252\/"},"modified":"2025-11-27T12:27:12","modified_gmt":"2025-11-27T12:27:12","slug":"trois-personnes-en-gardes-a-vue","status":"publish","type":"post","link":"https:\/\/www.europesays.com\/fr\/562252\/","title":{"rendered":"trois personnes en gardes \u00e0 vue"},"content":{"rendered":"<p class=\"fs-5 \">Selon nos informations, confirm\u00e9es par le procureur de la R\u00e9publique de Nice, Damien Martinelli, trois personnes sont en garde \u00e0 vue \u00e0 la caserne Auvare de Nice depuis ce jeudi matin. Elles sont <strong>poursuivies pour prox\u00e9n\u00e9tisme aggrav\u00e9<\/strong>.<\/p>\n<p class=\"fs-5 \">Ce mardi, c\u2019est <strong>un t\u00e9moin qui alerte la police nationale<\/strong>. Il se pr\u00e9sente comme l\u2019ex-copain d\u2019une mineure, et affirme qu\u2019elle est <strong>s\u00e9questr\u00e9e dans un appartement de l\u2019avenue de la Californie<\/strong>. La Bac se rend sur place.<\/p>\n<p>                                                                                <strong>Un Airbnb lou\u00e9 par les prox\u00e9n\u00e8<\/strong>tes<\/p>\n<p class=\"fs-5 \">Dans l\u2019appartement, ils constatent la <strong>pr\u00e9sence de deux jeunes filles mineures, apeur\u00e9es<\/strong>. Dans le logement, <strong>lou\u00e9 en Airbnb<\/strong>, ils interpellent une femme majeure et deux mineurs de 17 ans. Les cl\u00e9s de l\u2019appartement ont d\u2019ailleurs \u00e9t\u00e9 retrouv\u00e9es sur un des mis en cause. Les prox\u00e9n\u00e8tes louent parfois via Airbnb pour y placer des prostitu\u00e9es.<\/p>\n<p class=\"fs-5 \">Les deux victimes mineures ont \u00e9t\u00e9, selon nos informations, <strong>auditionn\u00e9es librement<\/strong>. Quant aux trois interpell\u00e9s, ils ont \u00e9t\u00e9 plac\u00e9s en garde \u00e0 vue.<\/p>\n<p class=\"fs-5 \"><strong>Une enqu\u00eate a \u00e9t\u00e9 ouverte par le parquet de Nice pour prostitution aggrav\u00e9e.<\/strong><\/p>\n<p class=\"fs-5 \">La prostitution, chass\u00e9e des rues des rues ni\u00e7oises depuis plusieurs ann\u00e9es, a trouv\u00e9 refuge dans des h\u00f4tels ou appart h\u00f4tels qui ferment parfois les yeux, ou des locations meubl\u00e9es dont les propri\u00e9taires ignorent bien souvent l\u2019usage qui en est fait.<\/p>\n","protected":false},"excerpt":{"rendered":"Selon nos informations, confirm\u00e9es par le procureur de la R\u00e9publique de Nice, Damien Martinelli, trois personnes sont en&hellip;\n","protected":false},"author":2,"featured_media":562253,"comment_status":"","ping_status":"","sticky":false,"template":"","format":"standard","meta":{"footnotes":""},"categories":[2819],"tags":[1111,11,1777,674,1011,27,12,2401,882,25],"class_list":{"0":"post-562252","1":"post","2":"type-post","3":"status-publish","4":"format-standard","5":"has-post-thumbnail","7":"category-nice","8":"tag-actu","9":"tag-actualites","10":"tag-eu","11":"tag-europe","12":"tag-fr","13":"tag-france","14":"tag-news","15":"tag-nice","16":"tag-provence-alpes-cote-dazur","17":"tag-republique-francaise"},"share_on_mastodon":{"url":"https:\/\/pubeurope.com\/@fr\/115621661676025351","error":""},"_links":{"self":[{"href":"https:\/\/www.europesays.com\/fr\/wp-json\/wp\/v2\/posts\/562252","targetHints":{"allow":["GET"]}}],"collection":[{"href":"https:\/\/www.europesays.com\/fr\/wp-json\/wp\/v2\/posts"}],"about":[{"href":"https:\/\/www.europesays.com\/fr\/wp-json\/wp\/v2\/types\/post"}],"author":[{"embeddable":true,"href":"https:\/\/www.europesays.com\/fr\/wp-json\/wp\/v2\/users\/2"}],"replies":[{"embeddable":true,"href":"https:\/\/www.europesays.com\/fr\/wp-json\/wp\/v2\/comments?post=562252"}],"version-history":[{"count":0,"href":"https:\/\/www.europesays.com\/fr\/wp-json\/wp\/v2\/posts\/562252\/revisions"}],"wp:featuredmedia":[{"embeddable":true,"href":"https:\/\/www.europesays.com\/fr\/wp-json\/wp\/v2\/media\/562253"}],"wp:attachment":[{"href":"https:\/\/www.europesays.com\/fr\/wp-json\/wp\/v2\/media?parent=562252"}],"wp:term":[{"taxonomy":"category","embeddable":true,"href":"https:\/\/www.europesays.com\/fr\/wp-json\/wp\/v2\/categories?post=562252"},{"taxonomy":"post_tag","embeddable":true,"href":"https:\/\/www.europesays.com\/fr\/wp-json\/wp\/v2\/tags?post=562252"}],"curies":[{"name":"wp","href":"https:\/\/api.w.org\/{rel}","templated":true}]}}