{"id":562254,"date":"2025-11-27T12:28:22","date_gmt":"2025-11-27T12:28:22","guid":{"rendered":"https:\/\/www.europesays.com\/fr\/562254\/"},"modified":"2025-11-27T12:28:22","modified_gmt":"2025-11-27T12:28:22","slug":"evenements-blockchain-majeurs-prevus-a-nice-pole-crypto-sur-la-cote-dazur","status":"publish","type":"post","link":"https:\/\/www.europesays.com\/fr\/562254\/","title":{"rendered":"\u00c9v\u00e9nements blockchain majeurs pr\u00e9vus \u00e0 Nice : p\u00f4le crypto sur la C\u00f4te d&rsquo;Azur"},"content":{"rendered":"<p><img fetchpriority=\"high\" decoding=\"async\" width=\"1024\" height=\"576\" src=\"https:\/\/www.europesays.com\/fr\/wp-content\/uploads\/2025\/11\/image-2-1024x576.png\" alt=\"\u00c9v\u00e9nements blockchain majeurs pr\u00e9vus \u00e0 Nice : p\u00f4le crypto sur la C\u00f4te d'Azur\" class=\"wp-image-250093\"  \/><\/p>\n<p>Nice acc\u00e9l\u00e8re son inscription dans le paysage europ\u00e9en de la blockchain, et cela se voit imm\u00e9diatement dans l\u2019agenda des prochains mois. Plusieurs conf\u00e9rences d\u2019ampleur internationale y feront \u00e9tape, attirant \u00e0 la fois les acteurs techniques, les d\u00e9cideurs institutionnels et les start-up en qu\u00eate d\u2019un \u00e9cosyst\u00e8me stable. Cette concentration d\u2019\u00e9v\u00e9nements traduit une ambition assum\u00e9e : <strong>installer la ville comme point d\u2019ancrage crypto sur la C\u00f4te d\u2019Azur.<\/strong><\/p>\n<p>L\u2019organisation de ces rencontres impose des infrastructures capables d\u2019absorber des flux continus, un peu comme le fonctionnement d\u2019un r\u00e9seau bien con\u00e7u. Les \u00e9quipes techniques insistent sur des outils r\u00e9actifs, indispensable quand une grande partie des professionnels utilise quotidiennement<a href=\"https:\/\/actufinance.fr\/wallets\/ethereum\/\" target=\"_blank\" rel=\"noopener\"> les portefeuilles Ethereum<\/a>, ce qui exige des interfaces rapides, des contr\u00f4les d\u2019identit\u00e9 stricts et une s\u00e9curit\u00e9 irr\u00e9prochable.<\/p>\n<p><strong>Le Palais des Congr\u00e8s Acropolis reste la pi\u00e8ce centrale<\/strong>. Sa modularit\u00e9 permet d\u2019encha\u00eener des sessions tr\u00e8s sp\u00e9cialis\u00e9es et des interventions plus larges, un format qui s\u00e9duit particuli\u00e8rement les organisateurs de conf\u00e9rences techniques. C\u2019est d\u2019ailleurs l\u00e0 que se tiendront plusieurs rendez-vous majeurs comme l\u2019International Conference on Marine Engineering and Blockchain Technology d\u00e9but janvier 2026, un \u00e9v\u00e9nement tr\u00e8s attendu pour son approche m\u00ealant ing\u00e9nierie maritime et technologies d\u00e9centralis\u00e9es.<\/p>\n<p>La M\u00e9tropole Nice C\u00f4te d\u2019Azur soutient activement cette mont\u00e9e en puissance, dans la continuit\u00e9 de l\u2019orientation d\u00e9fendue par Christian Estrosi en faveur des technologies \u00e9mergentes. <strong>Cette succession d\u2019\u00e9v\u00e9nements en fournit l\u2019illustration la plus tangible.<\/strong><\/p>\n<p>La Chambre de Commerce et d\u2019Industrie continue de jouer les connecteurs entre les bo\u00eetes locales et les acteurs de passage, pendant que la R\u00e9gion Sud pousse discr\u00e8tement mais efficacement avec ses aides cibl\u00e9es pour les projets num\u00e9riques. Et avec ce terrain d\u00e9j\u00e0 pr\u00eat, pas \u00e9tonnant que Nice attire autant de conf\u00e9rences pointues.<\/p>\n<p>C\u2019est d\u2019ailleurs ce climat-l\u00e0 qui explique pourquoi, d\u00e8s janvier 2026, l\u2019International Conference on Blockchain-Enabled Secure Data Sharing in Big Data posera ses valises ici, suivie quelques semaines plus tard de <strong>l\u2019International Conference on Blockchain and Cybersecurity<\/strong> for Big Data Governance. Deux rendez-vous qui parlent surtout de donn\u00e9es sensibles, de s\u00e9curit\u00e9, et de tout ce que les entreprises ne peuvent plus se permettre de prendre \u00e0 la l\u00e9g\u00e8re.<\/p>\n<p>L\u2019ann\u00e9e suivante s\u2019annonce du m\u00eame tonneau. On voit d\u00e9j\u00e0 monter l\u2019int\u00e9r\u00eat pour les sujets industriels, et Nice semble en avoir fait son terrain de jeu. Fin f\u00e9vrier 2026, par exemple, <strong>l\u2019International Conference on Smart Manufacturing Systems<\/strong> using Blockchain viendra d\u00e9cortiquer comment la blockchain peut fluidifier des cha\u00eenes de production o\u00f9 la moindre erreur co\u00fbte cher.<\/p>\n<p>Puis, presque dans la foul\u00e9e, l\u2019International Conference on Renewable Energy Engineering and Blockchain attirera un public curieux de comprendre <strong>comment ces technos peuvent aider \u00e0 g\u00e9rer l\u2019\u00e9nergie autrement<\/strong>, entre suivi en temps r\u00e9el et optimisation des r\u00e9seaux. On est loin des concepts abstraits : ce sont des sujets que les professionnels veulent enfin voir fonctionner dans la vraie vie.<\/p>\n<p>La diversit\u00e9 des th\u00e8mes permet d\u2019attirer aussi bien les \u00e9quipes sp\u00e9cialis\u00e9es en cybers\u00e9curit\u00e9 que celles travaillant sur la tokenisation ou la finance d\u00e9centralis\u00e9e, domaines dans lesquels les<a href=\"https:\/\/volet.com\/fr\/blog\/post\/que-sont-les-nft-de-fi-comprendre-leur-role-dans-l-ecosysteme-crypto-01jt3a856ahmznvpxdc67hxpjx\" target=\"_blank\" rel=\"noopener\"> NFT et la DeFi<\/a> continuent de g\u00e9n\u00e9rer une forte affluence. L\u2019International Conference on Blockchain and Cybersecurity Incident Response in Big Data, pr\u00e9vue fin mars, mettra l\u2019accent sur les r\u00e9ponses d\u2019urgence en cas de faille, un sujet encore tr\u00e8s sensible dans l\u2019\u00e9cosyst\u00e8me.<\/p>\n<p>Avril prolonge cette dynamique : Nice accueillera tour \u00e0 tour <strong>l\u2019International Conference on Materials Engineering Innovations via Blockchain<\/strong>, ax\u00e9e sur les usages industriels avanc\u00e9s, puis l\u2019International Conference on Blockchain Applications in Big Data Cybersecurity Policy, consacr\u00e9e aux politiques de gouvernance num\u00e9rique. Ces \u00e9v\u00e9nements contribuent \u00e0 installer la ville comme un carrefour o\u00f9 recherche, r\u00e9gulation et industrie se croisent.<\/p>\n<p><strong>\u00c9cosyst\u00e8me entrepreneurial m\u00e9diterran\u00e9en<\/strong><\/p>\n<p>Pr\u00e8s d\u2019une vingtaine de jeunes pousses r\u00e9gionales profiteront de cette exposition internationale pour pr\u00e9senter leurs travaux : tra\u00e7abilit\u00e9, finance, identit\u00e9 num\u00e9rique, automatisation. Pour certaines, confronter leurs solutions \u00e0 un public venu de toute l\u2019Europe repr\u00e9sente une opportunit\u00e9 rare.<\/p>\n<p>Les incubateurs ni\u00e7ois jouent un r\u00f4le cl\u00e9 dans cette dynamique, apportant un mod\u00e8le d\u2019accompagnement qui a d\u00e9j\u00e0 fait ses preuves. Plusieurs entreprises pass\u00e9es par leurs programmes ont r\u00e9cemment enregistr\u00e9 de solides performances, ce que<a href=\"https:\/\/business.nicecotedazur.org\/nice-un-hub-economique-et-immobilier-en-pleine-expansion-decryptage-de-son-attractivite-croissante\/\" target=\"_blank\" rel=\"noopener\"> confirment les indicateurs \u00e9conomiques locaux<\/a>.<\/p>\n<p>La dimension internationale n\u2019est plus \u00e0 d\u00e9montrer : <strong>plus de quarante pays seront repr\u00e9sent\u00e9s<\/strong> lors des diff\u00e9rents \u00e9v\u00e9nements. Les d\u00e9l\u00e9gations suisses, allemandes et britanniques seront particuli\u00e8rement pr\u00e9sentes, port\u00e9es par les liaisons directes offertes par l\u2019a\u00e9roport Nice C\u00f4te d\u2019Azur.<\/p>\n<p>Le contexte m\u00e9diterran\u00e9en, climat, infrastructures h\u00f4teli\u00e8res, attractivit\u00e9 touristique, renforce encore la port\u00e9e de ces rencontres, tout comme les retomb\u00e9es \u00e9conomiques attendues pour les commerces et services locaux.<\/p>\n<p><strong>Les organisateurs voient cependant plus loin que cette effervescence passag\u00e8re.<\/strong> Plusieurs entreprises s\u00e9duites lors des pr\u00e9c\u00e9dentes \u00e9ditions ont d\u00e9j\u00e0 install\u00e9 des bureaux \u00e0 Nice, et les \u00e9coles locales \u00e9largissent leurs formations blockchain pour soutenir la croissance de cet \u00e9cosyst\u00e8me naissant.<\/p>\n<p><strong>NicePremium est un m\u00e9dia local ind\u00e9pendant et gratuit.<\/strong><br \/>Pour nous aider \u00e0 continuer, vous pouvez soutenir notre travail \u00e0 partir de 5 \u20ac par mois.<\/p>\n<p><a class=\"np-soutien-btn\" href=\"https:\/\/www.nicepremium.fr\/faire-un-don\/\" target=\"_blank\" rel=\"noopener\">Soutenir NicePremium<\/a><\/p>\n","protected":false},"excerpt":{"rendered":"Nice acc\u00e9l\u00e8re son inscription dans le paysage europ\u00e9en de la blockchain, et cela se voit imm\u00e9diatement dans l\u2019agenda&hellip;\n","protected":false},"author":2,"featured_media":562255,"comment_status":"","ping_status":"","sticky":false,"template":"","format":"standard","meta":{"footnotes":""},"categories":[2819],"tags":[1111,11,1777,674,1011,27,12,2401,882,25],"class_list":{"0":"post-562254","1":"post","2":"type-post","3":"status-publish","4":"format-standard","5":"has-post-thumbnail","7":"category-nice","8":"tag-actu","9":"tag-actualites","10":"tag-eu","11":"tag-europe","12":"tag-fr","13":"tag-france","14":"tag-news","15":"tag-nice","16":"tag-provence-alpes-cote-dazur","17":"tag-republique-francaise"},"share_on_mastodon":{"url":"https:\/\/pubeurope.com\/@fr\/115621666833711774","error":""},"_links":{"self":[{"href":"https:\/\/www.europesays.com\/fr\/wp-json\/wp\/v2\/posts\/562254","targetHints":{"allow":["GET"]}}],"collection":[{"href":"https:\/\/www.europesays.com\/fr\/wp-json\/wp\/v2\/posts"}],"about":[{"href":"https:\/\/www.europesays.com\/fr\/wp-json\/wp\/v2\/types\/post"}],"author":[{"embeddable":true,"href":"https:\/\/www.europesays.com\/fr\/wp-json\/wp\/v2\/users\/2"}],"replies":[{"embeddable":true,"href":"https:\/\/www.europesays.com\/fr\/wp-json\/wp\/v2\/comments?post=562254"}],"version-history":[{"count":0,"href":"https:\/\/www.europesays.com\/fr\/wp-json\/wp\/v2\/posts\/562254\/revisions"}],"wp:featuredmedia":[{"embeddable":true,"href":"https:\/\/www.europesays.com\/fr\/wp-json\/wp\/v2\/media\/562255"}],"wp:attachment":[{"href":"https:\/\/www.europesays.com\/fr\/wp-json\/wp\/v2\/media?parent=562254"}],"wp:term":[{"taxonomy":"category","embeddable":true,"href":"https:\/\/www.europesays.com\/fr\/wp-json\/wp\/v2\/categories?post=562254"},{"taxonomy":"post_tag","embeddable":true,"href":"https:\/\/www.europesays.com\/fr\/wp-json\/wp\/v2\/tags?post=562254"}],"curies":[{"name":"wp","href":"https:\/\/api.w.org\/{rel}","templated":true}]}}