{"id":562258,"date":"2025-11-27T12:30:36","date_gmt":"2025-11-27T12:30:36","guid":{"rendered":"https:\/\/www.europesays.com\/fr\/562258\/"},"modified":"2025-11-27T12:30:36","modified_gmt":"2025-11-27T12:30:36","slug":"des-rendez-vous-solidaires-pour-les-fetes","status":"publish","type":"post","link":"https:\/\/www.europesays.com\/fr\/562258\/","title":{"rendered":"Des rendez-vous solidaires pour les f\u00eates"},"content":{"rendered":"<p>Entre le 2 et le 17 d\u00e9cembre, la Ville de Nantes organise huit repas festifs pour les personnes de plus de 60 ans dans les salles festives (salon Mauduit, salle de l\u2019\u00c9galit\u00e9, salle du Radar) et les restaurants interg\u00e9n\u00e9rationnels (Bout-des-Landes, Croissant, Malville, Pirmil ou Port-Boyer). Au programme\u00a0: repas suivi d\u2019un apr\u00e8s-midi dansant. Le tarif est d\u00e9fini en fonction du revenu.\u00a0<\/p>\n<p>Des colis cadeau, avec menu de f\u00eate sucr\u00e9 et sal\u00e9, sont \u00e9galement propos\u00e9s pour les seniors \u00e0 faibles ressources (revenu brut inf\u00e9rieur \u00e0 13 650 \u20ac pour une personne seule et \u00e0 21 196 \u20ac pour un couple). Ils sont \u00e0 retirer en mairie centrale, dans les mairies de quartier et au service prestations du CCAS (10 rue L\u00e9opold-Cassegrain) du <strong>1er au 31 d\u00e9cembre<\/strong> muni d\u2019un justificatif de domicile et de l\u2019avis d\u2019imposition 2024. En cas de difficult\u00e9 pour se d\u00e9placer, la remise est \u00e9galement possible sur pr\u00e9sentation d\u2019une procuration.\u00a0<\/p>\n<p><strong>Renseignements et inscriptions\u00a0: 02 40 99 28 10 (service prestations)\u00a0<\/strong><\/p>\n","protected":false},"excerpt":{"rendered":"Entre le 2 et le 17 d\u00e9cembre, la Ville de Nantes organise huit repas festifs pour les personnes&hellip;\n","protected":false},"author":2,"featured_media":562259,"comment_status":"","ping_status":"","sticky":false,"template":"","format":"standard","meta":{"footnotes":""},"categories":[2818],"tags":[1111,11,1777,674,1011,27,766,12,2636,25],"class_list":{"0":"post-562258","1":"post","2":"type-post","3":"status-publish","4":"format-standard","5":"has-post-thumbnail","7":"category-nantes","8":"tag-actu","9":"tag-actualites","10":"tag-eu","11":"tag-europe","12":"tag-fr","13":"tag-france","14":"tag-nantes","15":"tag-news","16":"tag-pays-de-la-loire","17":"tag-republique-francaise"},"share_on_mastodon":{"url":"https:\/\/pubeurope.com\/@fr\/115621673244473040","error":""},"_links":{"self":[{"href":"https:\/\/www.europesays.com\/fr\/wp-json\/wp\/v2\/posts\/562258","targetHints":{"allow":["GET"]}}],"collection":[{"href":"https:\/\/www.europesays.com\/fr\/wp-json\/wp\/v2\/posts"}],"about":[{"href":"https:\/\/www.europesays.com\/fr\/wp-json\/wp\/v2\/types\/post"}],"author":[{"embeddable":true,"href":"https:\/\/www.europesays.com\/fr\/wp-json\/wp\/v2\/users\/2"}],"replies":[{"embeddable":true,"href":"https:\/\/www.europesays.com\/fr\/wp-json\/wp\/v2\/comments?post=562258"}],"version-history":[{"count":0,"href":"https:\/\/www.europesays.com\/fr\/wp-json\/wp\/v2\/posts\/562258\/revisions"}],"wp:featuredmedia":[{"embeddable":true,"href":"https:\/\/www.europesays.com\/fr\/wp-json\/wp\/v2\/media\/562259"}],"wp:attachment":[{"href":"https:\/\/www.europesays.com\/fr\/wp-json\/wp\/v2\/media?parent=562258"}],"wp:term":[{"taxonomy":"category","embeddable":true,"href":"https:\/\/www.europesays.com\/fr\/wp-json\/wp\/v2\/categories?post=562258"},{"taxonomy":"post_tag","embeddable":true,"href":"https:\/\/www.europesays.com\/fr\/wp-json\/wp\/v2\/tags?post=562258"}],"curies":[{"name":"wp","href":"https:\/\/api.w.org\/{rel}","templated":true}]}}