{"id":562260,"date":"2025-11-27T12:32:15","date_gmt":"2025-11-27T12:32:15","guid":{"rendered":"https:\/\/www.europesays.com\/fr\/562260\/"},"modified":"2025-11-27T12:32:15","modified_gmt":"2025-11-27T12:32:15","slug":"que-faire-a-bordeaux-ce-week-end-du-28-novembre-2025","status":"publish","type":"post","link":"https:\/\/www.europesays.com\/fr\/562260\/","title":{"rendered":"Que faire \u00e0 Bordeaux ce week-end du 28 novembre 2025 ?"},"content":{"rendered":"\n<p><strong>\u00c0 la recherche de que faire \u00e0 Bordeaux ce week-end ? Voici les \u00e9v\u00e9nements \u00e0 ne pas manquer !<\/strong><\/p>\n<p> Vendredi 28 novembre sur la place des Quinconces <a href=\"#marche-noel\">Le march\u00e9 de No\u00ebl de Bordeaux s\u2019installe !<\/a> <img loading=\"lazy\" width=\"700\" height=\"535\" alt=\"March\u00e9 de no\u00ebl sur la place des quinconces\" title=\"Quoi faire \u00e0 Bordeaux ce week-end du 28 novembre ? 1\"  nitro-lazy- nitro-lazy-src=\"https:\/\/cdn-ilbobfj.nitrocdn.com\/LLQyioEDmPooSUeshdcABKPnDEWJyTwh\/assets\/images\/optimized\/rev-fefab80\/quoifaireabordeaux.com\/wp-content\/uploads\/2025\/09\/marche-noel-bordeaux-2025.jpg\" class=\"wp-image-18812355 nitro-lazy\" decoding=\"async\" nitro-lazy-empty=\"\" id=\"NDk2OjU2NQ==-1\" src=\"data:image\/svg+xml;nitro-empty-id=NDk2OjU2NQ==-1;base64,PHN2ZyB2aWV3Qm94PSIwIDAgNzAwIDUzNSIgd2lkdGg9IjcwMCIgaGVpZ2h0PSI1MzUiIHhtbG5zPSJodHRwOi8vd3d3LnczLm9yZy8yMDAwL3N2ZyI+PC9zdmc+\"\/> <\/p>\n<p>Les visiteurs circulent librement entre les stands, rencontrent les artisans et s\u2019accordent une pause autour des saveurs hivernales. Les animations se succ\u00e8dent tout au long de la journ\u00e9e, pens\u00e9es pour tous les \u00e2ges. C\u2019est aussi l\u2019occasion de pr\u00e9parer sereinement quelques cadeaux et de rep\u00e9rer les <strong>id\u00e9es gourmandes<\/strong> ou <strong>objets faits main<\/strong> qui attirent l\u2019\u0153il. L\u2019\u00e9v\u00e9nement s\u2019\u00e9tend durant un mois entier, avec un acc\u00e8s continu pour ceux qui aiment revenir plusieurs fois.<\/p>\n<p><strong>Adresse :<\/strong> Place des Quinconces, 33000 Bordeaux<br \/><strong>Horaires :<\/strong> tous les jours de 11h \u00e0 21h30<br \/><strong>Tarif :<\/strong> entr\u00e9e <strong>gratuite<\/strong><\/p>\n<p>Plus d\u2019infos <strong><a href=\"https:\/\/quoifaireabordeaux.com\/info-marche-de-noel-de-bordeaux\/\" target=\"_blank\" rel=\"noreferrer noopener\">ICI<\/a><\/strong><\/p>\n<p> Vendredi 28 novembre \u00e0 M\u00e9rignac <a href=\"#liquidation\">Liquidation jusqu\u2019\u00e0 -50% sur des v\u00eatements de marque chez Hot Spot<\/a> <img loading=\"lazy\" width=\"700\" height=\"467\" alt=\"Liquidation de v\u00eatements de marque\" title=\"Quoi faire \u00e0 Bordeaux ce week-end du 28 novembre ? 2\"  nitro-lazy- nitro-lazy-src=\"https:\/\/cdn-ilbobfj.nitrocdn.com\/LLQyioEDmPooSUeshdcABKPnDEWJyTwh\/assets\/images\/optimized\/rev-fefab80\/quoifaireabordeaux.com\/wp-content\/uploads\/2025\/11\/Hot-spot.jpg\" class=\"wp-image-18815624 nitro-lazy\" decoding=\"async\" nitro-lazy-empty=\"\" id=\"NTIwOjUyMA==-1\" src=\"data:image\/svg+xml;nitro-empty-id=NTIwOjUyMA==-1;base64,PHN2ZyB2aWV3Qm94PSIwIDAgNzAwIDQ2NyIgd2lkdGg9IjcwMCIgaGVpZ2h0PSI0NjciIHhtbG5zPSJodHRwOi8vd3d3LnczLm9yZy8yMDAwL3N2ZyI+PC9zdmc+\"\/> <\/p>\n<p>Hot Spot M\u00e9rignac organise actuellement une <strong>liquidation<\/strong> de v\u00eatements et accessoires de surf pour hommes, femmes et juniors. Les articles concernent des <strong>marques reconnues<\/strong> comme Quiksilver, Roxy, Billabong et Rip Curl, avec des remises pouvant atteindre 50 %. La boutique propose aussi bien du textile technique que des pi\u00e8ces lifestyle et des basics de saison. L\u2019op\u00e9ration se d\u00e9roule avant le <strong>changement d\u2019enseigne<\/strong>.<\/p>\n<p><strong>Adresse :<\/strong> Hot Spot \u2013 9 Rue Albert Einstein, 33700 M\u00e9rignac<br \/><strong>Horaires :<\/strong> lundi au samedi, 9h30 \u2013 19h30<br \/><strong>Prix :<\/strong> remises jusqu\u2019\u00e0 \u201350 % selon les articles<\/p>\n<p>Plus d\u2019infos <strong><a href=\"https:\/\/quoifaireabordeaux.com\/liquidation-hot-spot-merignac\/\" target=\"_blank\" rel=\"noreferrer noopener\">ICI<\/a><\/strong><\/p>\n<p>Sponsoris\u00e9<\/p>\n<p> Samedi 29 novembre \u00e0 Bordeaux Lac <a href=\"#anniv\">Cette boutique de seconde main qui cartonne vous r\u00e9serve des surprises pour ses 1 an !<\/a> <img loading=\"lazy\" width=\"700\" height=\"676\" alt=\"\u00efkos f\u00eate ses un an\" title=\"Quoi faire \u00e0 Bordeaux ce week-end du 28 novembre ? 3\"  nitro-lazy- nitro-lazy-src=\"https:\/\/cdn-ilbobfj.nitrocdn.com\/LLQyioEDmPooSUeshdcABKPnDEWJyTwh\/assets\/images\/optimized\/rev-fefab80\/quoifaireabordeaux.com\/wp-content\/uploads\/2025\/11\/anniversaire-ikos-bordeaux.jpg\" class=\"wp-image-18815329 nitro-lazy\" decoding=\"async\" nitro-lazy-empty=\"\" id=\"NTQ4OjU2MA==-1\" src=\"data:image\/svg+xml;nitro-empty-id=NTQ4OjU2MA==-1;base64,PHN2ZyB2aWV3Qm94PSIwIDAgNzAwIDY3NiIgd2lkdGg9IjcwMCIgaGVpZ2h0PSI2NzYiIHhtbG5zPSJodHRwOi8vd3d3LnczLm9yZy8yMDAwL3N2ZyI+PC9zdmc+\"\/> <\/p>\n<p>L\u2019\u00e9quipe d\u2019\u00efkos Ginko marque sa premi\u00e8re ann\u00e9e d\u2019existence avec une journ\u00e9e ouverte au public, rythm\u00e9e par des ateliers, rencontres et animations participatives. Les visiteurs pourront prendre part \u00e0 un <strong>concours d\u00e9cal\u00e9<\/strong>, p\u00e9daler pour un <strong>smoothie pr\u00e9par\u00e9 \u00e0 la force des jambes<\/strong>, rejoindre des activit\u00e9s cr\u00e9atives autour du r\u00e9emploi ou encore assister \u00e0 un <strong>concert final<\/strong> en fin d\u2019apr\u00e8s-midi. Cette journ\u00e9e mettra en lumi\u00e8re le travail du collectif et offrira un aper\u00e7u concret des pratiques de r\u00e9emploi. Les familles trouveront \u00e9galement des moments d\u00e9di\u00e9s avec des animations pens\u00e9es pour les enfants. L\u2019\u00e9v\u00e9nement se veut accessible, convivial et tourn\u00e9 vers la d\u00e9couverte.<\/p>\n<p><strong>Adresse :<\/strong> \u00efkos Ginko, 23 Mail des Bordelais, 33300 Bordeaux<br \/><strong>Horaires :<\/strong> 10h \u2013 19h<br \/><strong>Tarif :<\/strong> Gratuit<br \/>Plus d\u2019infos <strong><a href=\"https:\/\/quoifaireabordeaux.com\/ikos-bordeaux-anniversaire\/\" target=\"_blank\" rel=\"noreferrer noopener\">ICI<\/a><\/strong><\/p>\n<p>Sponsoris\u00e9<\/p>\n<p> Samedi 29 novembre au Bouscat <a href=\"#dinosaures\">Passez une journ\u00e9e avec des dinosaures de taille r\u00e9elle<\/a> <img loading=\"lazy\" width=\"1024\" height=\"535\" alt=\"Exposition Le Monde des Dinosaures au Bouscat\" title=\"Quoi faire \u00e0 Bordeaux ce week-end du 28 novembre ? 4\"  nitro-lazy- nitro-lazy-src=\"https:\/\/cdn-ilbobfj.nitrocdn.com\/LLQyioEDmPooSUeshdcABKPnDEWJyTwh\/assets\/images\/optimized\/rev-fefab80\/quoifaireabordeaux.com\/wp-content\/uploads\/2025\/11\/monde-des-dinosaures-1024x535.jpg\" class=\"wp-image-18814807 nitro-lazy\" decoding=\"async\" nitro-lazy-empty=\"\" id=\"NTcyOjg3Mw==-1\" src=\"data:image\/svg+xml;nitro-empty-id=NTcyOjg3Mw==-1;base64,PHN2ZyB2aWV3Qm94PSIwIDAgMTAyNCA1MzUiIHdpZHRoPSIxMDI0IiBoZWlnaHQ9IjUzNSIgeG1sbnM9Imh0dHA6Ly93d3cudzMub3JnLzIwMDAvc3ZnIj48L3N2Zz4=\"\/> <\/p>\n<p>L\u2019exposition <strong>Le Monde des Dinosaures<\/strong> propose de parcourir un univers pr\u00e9historique richement reconstitu\u00e9 avec plus de 40 dinosaures <strong>animatroniques<\/strong> de taille r\u00e9elle. Les visiteurs peuvent observer des cr\u00e9atures telles que le Tyrannosaure ou le Spinosaure dans des <strong>d\u00e9cors de jungle immersive<\/strong>, tout en profitant d\u2019<strong>animations interactives<\/strong> et d\u2019ateliers p\u00e9dagogiques pour petits et grands. Chaque dinosaure reproduit fid\u00e8lement ses mouvements naturels, offrant une exp\u00e9rience \u00e0 la fois \u00e9ducative et ludique. Des espaces de fouilles et des rencontres avec des b\u00e9b\u00e9s dinosaures permettent de prolonger l\u2019immersion et de capturer des <strong>moments m\u00e9morables<\/strong>.<\/p>\n<p><strong>Adresse :<\/strong> Hippodrome du Bouscat \u2013 Bordeaux<br \/><strong>Dates :<\/strong> 29 et 30 novembre, 3 d\u00e9cembre, 6 et 7 d\u00e9cembre 2025<br \/><strong>Horaires :<\/strong> 10h00 \u00e0 18h00 (mercredi 3 d\u00e9cembre : 14h00 \u00e0 18h00)<br \/><strong>Prix :<\/strong> 10 \u20ac par personne (\u00e0 partir de 3 ans) \u2013 Gratuit pour les moins de 3 ans<br \/><strong>Billetterie :<\/strong> uniquement sur place, paiement en carte bancaire ou esp\u00e8ces<\/p>\n<p>Plus d\u2019infos <strong><a href=\"https:\/\/quoifaireabordeaux.com\/exposition-le-monde-des-dinosaures\/\" target=\"_blank\" rel=\"noreferrer noopener\">ICI<\/a><\/strong><\/p>\n<p>Sponsoris\u00e9<\/p>\n<p> Samedi 29 novembre \u00e0 Darwin <a href=\"#emmaus\">Bonnes affaires et mobilier \u00e0 petit prix au Grand D\u00e9ballage Emma\u00fcs<\/a> <img loading=\"lazy\" width=\"699\" height=\"266\" alt=\"Grand d\u00e9ballage Emma\u00fcs \u00e0 Darwin\" title=\"Quoi faire \u00e0 Bordeaux ce week-end du 28 novembre ? 5\"  nitro-lazy- nitro-lazy-src=\"https:\/\/cdn-ilbobfj.nitrocdn.com\/LLQyioEDmPooSUeshdcABKPnDEWJyTwh\/assets\/images\/optimized\/rev-fefab80\/quoifaireabordeaux.com\/wp-content\/uploads\/2025\/11\/grand-deballage-emmaus.jpg\" class=\"wp-image-18814895 nitro-lazy\" decoding=\"async\" nitro-lazy-empty=\"\" id=\"NjAwOjU2MQ==-1\" src=\"data:image\/svg+xml;nitro-empty-id=NjAwOjU2MQ==-1;base64,PHN2ZyB2aWV3Qm94PSIwIDAgNjk5IDI2NiIgd2lkdGg9IjY5OSIgaGVpZ2h0PSIyNjYiIHhtbG5zPSJodHRwOi8vd3d3LnczLm9yZy8yMDAwL3N2ZyI+PC9zdmc+\"\/> <\/p>\n<p>Le grand d\u00e9ballage Emma\u00fcs Bordeaux Darwin permet aux visiteurs de <strong>d\u00e9couvrir une large vari\u00e9t\u00e9 d\u2019objets d\u2019occasion<\/strong>, allant des meubles aux livres, en passant par les v\u00eatements et accessoires. Chaque article a une <strong>histoire unique<\/strong> et contribue \u00e0 soutenir des projets sociaux et environnementaux. L\u2019\u00e9v\u00e9nement favorise l\u2019<strong>\u00e9conomie circulaire<\/strong> et offre une occasion de chiner de mani\u00e8re responsable. Les stands proposent des <strong>trouvailles originales<\/strong> \u00e0 des prix accessibles, id\u00e9ales pour pr\u00e9parer les f\u00eates ou meubler son int\u00e9rieur.<\/p>\n<p><strong>Adresse :<\/strong> 87 quai des Queyries, 33100 Bordeaux<br \/><strong>Date :<\/strong> Samedi 29 novembre 2025<br \/><strong>Horaire :<\/strong> 10h \u00e0 18h<br \/><strong>Prix :<\/strong> Entr\u00e9e libre<\/p>\n<p>Plus d\u2019infos <strong><a href=\"https:\/\/quoifaireabordeaux.com\/grand-deballage-emmaus-bordeaux\/\" target=\"_blank\" rel=\"noreferrer noopener\">ICI<\/a><\/strong><\/p>\n<p> Samedi 29 novembre \u00e0 Bordeaux Lac <a href=\"#pere-noel\">Le P\u00e8re No\u00ebl sera dans le centre commercial avant de repartir pour le p\u00f4le Nord<\/a> <img loading=\"lazy\" width=\"700\" height=\"426\" alt=\"P\u00e8re No\u00ebl \u00e0 Bordeaux Lac\" title=\"Quoi faire \u00e0 Bordeaux ce week-end du 28 novembre ? 6\"  nitro-lazy- nitro-lazy-src=\"https:\/\/cdn-ilbobfj.nitrocdn.com\/LLQyioEDmPooSUeshdcABKPnDEWJyTwh\/assets\/images\/optimized\/rev-fefab80\/quoifaireabordeaux.com\/wp-content\/uploads\/2025\/11\/pere-noel-bordeaux-lac.jpg\" class=\"wp-image-18815560 nitro-lazy\" decoding=\"async\" nitro-lazy-empty=\"\" id=\"NjI0OjU1NA==-1\" src=\"data:image\/svg+xml;nitro-empty-id=NjI0OjU1NA==-1;base64,PHN2ZyB2aWV3Qm94PSIwIDAgNzAwIDQyNiIgd2lkdGg9IjcwMCIgaGVpZ2h0PSI0MjYiIHhtbG5zPSJodHRwOi8vd3d3LnczLm9yZy8yMDAwL3N2ZyI+PC9zdmc+\"\/> <\/p>\n<p>Au centre commercial Aushopping Bordeaux Lac, les visiteurs peuvent retrouver le <strong>P\u00e8re No\u00ebl<\/strong> du 29 novembre au 24 d\u00e9cembre. Il re\u00e7oit les familles <strong>mercredis, samedis et dimanches<\/strong>, ainsi que les 22, 23 et 24 d\u00e9cembre, de 11h \u00e0 13h et de 14h \u00e0 18h. Le programme comprend des <strong>animations de No\u00ebl, concerts et ateliers pour enfants<\/strong>, avec la possibilit\u00e9 de repartir avec une <strong>photo offerte<\/strong> prise par un photographe professionnel.<\/p>\n<p><strong>Adresse :<\/strong> Centre Commercial Aushopping Bordeaux Lac, 33300 Bordeaux<br \/><strong>Horaires du P\u00e8re No\u00ebl :<\/strong> Mercredis, samedis et dimanches + 22, 23, 24 d\u00e9cembre, de 11h \u00e0 13h et 14h \u00e0 18h<br \/><strong>Prix :<\/strong> Gratuit (photo offerte comprise)<\/p>\n<p>Plus d\u2019infos <strong><a href=\"https:\/\/quoifaireabordeaux.com\/noel-aushopping-bordeaux-lac\/\" target=\"_blank\" rel=\"noreferrer noopener\">ICI<\/a><\/strong><\/p>\n<p>Sponsoris\u00e9<\/p>\n<p> Dimanche 30 novembre \u00e0 Bordeaux centre <a href=\"#spectacle\">Un spectacle de No\u00ebl pour les 4 \u2013 12 ans<\/a> <img loading=\"lazy\" width=\"700\" height=\"462\" alt=\"Spectacle enfant 4 - 12 ans Bordeaux\" title=\"Quoi faire \u00e0 Bordeaux ce week-end du 28 novembre ? 7\"  nitro-lazy- nitro-lazy-src=\"https:\/\/cdn-ilbobfj.nitrocdn.com\/LLQyioEDmPooSUeshdcABKPnDEWJyTwh\/assets\/images\/optimized\/rev-fefab80\/quoifaireabordeaux.com\/wp-content\/uploads\/2025\/11\/spectacle-enfant.jpg\" class=\"wp-image-18815664 nitro-lazy\" decoding=\"async\" nitro-lazy-empty=\"\" id=\"NjUyOjU0NQ==-1\" src=\"data:image\/svg+xml;nitro-empty-id=NjUyOjU0NQ==-1;base64,PHN2ZyB2aWV3Qm94PSIwIDAgNzAwIDQ2MiIgd2lkdGg9IjcwMCIgaGVpZ2h0PSI0NjIiIHhtbG5zPSJodHRwOi8vd3d3LnczLm9yZy8yMDAwL3N2ZyI+PC9zdmc+\"\/> <\/p>\n<p>Le Th\u00e9\u00e2tre OUF! pr\u00e9sente <strong>une cr\u00e9ation 2025<\/strong> au th\u00e9\u00e2tre l\u2019Inox, les 29 et 30 novembre, autour d\u2019une histoire o\u00f9 la Famille No\u00ebl fait face aux nouvelles fa\u00e7ons d\u2019envoyer des souhaits. Le public suit une intrigue qui aborde des habitudes actuelles et la mani\u00e8re dont elles transforment l\u2019organisation du P\u00f4le Nord. Le spectacle met en sc\u00e8ne un duo d\u2019artistes qui revisite cette p\u00e9riode de fin d\u2019ann\u00e9e avec <strong>interaction<\/strong>, <strong>bonne humeur<\/strong> et une approche <strong>responsable<\/strong>. L\u2019\u00e9v\u00e9nement s\u2019adresse aux familles et propose plusieurs modes de r\u00e9servation accessibles. Les repr\u00e9sentations se d\u00e9roulent sur deux dates uniquement.<\/p>\n<p><strong>Adresse :<\/strong> L\u2019Inox, 11-13 rue Phillipart, 33000 Bordeaux<br \/><strong>Horaires :<\/strong> 29 et 30 novembre<\/p>\n<p><strong>Tarifs :<\/strong> \u00c0 partir de <strong>10\u20ac<\/strong> en ligne (prix de lancement) ; <strong>16\u20ac<\/strong> sur place ; <strong>13\u20ac<\/strong> pour les moins de 12 ans ; pack famille disponible<br \/>Billetterie <strong><a href=\"https:\/\/www.billetreduc.com\/spectacle\/ca-chauffe-au-pole-nord-391956\" target=\"_blank\" rel=\"noreferrer noopener\">ICI<\/a><\/strong><\/p>\n<p> Dimanche 30 novembre au cin\u00e9ma Utopia de Bordeaux <a href=\"#festival\">Le festival Afrique en Vision<\/a> <img loading=\"lazy\" width=\"700\" height=\"367\" alt=\"Que faire \u00e0 Bordeaux ce week-end ? Festival Afrique en Vision\" title=\"Quoi faire \u00e0 Bordeaux ce week-end du 28 novembre ? 8\"  nitro-lazy- nitro-lazy-src=\"https:\/\/cdn-ilbobfj.nitrocdn.com\/LLQyioEDmPooSUeshdcABKPnDEWJyTwh\/assets\/images\/optimized\/rev-fefab80\/quoifaireabordeaux.com\/wp-content\/uploads\/2025\/11\/afrique-vision.jpg\" class=\"wp-image-18815666 nitro-lazy\" decoding=\"async\" nitro-lazy-empty=\"\" id=\"Njc2OjU2NQ==-1\" src=\"data:image\/svg+xml;nitro-empty-id=Njc2OjU2NQ==-1;base64,PHN2ZyB2aWV3Qm94PSIwIDAgNzAwIDM2NyIgd2lkdGg9IjcwMCIgaGVpZ2h0PSIzNjciIHhtbG5zPSJodHRwOi8vd3d3LnczLm9yZy8yMDAwL3N2ZyI+PC9zdmc+\"\/> <\/p>\n<p>Du 27 novembre au 1er d\u00e9cembre, plusieurs lieux culturels bordelais accueillent une s\u00e9rie de projections et de rencontres d\u00e9di\u00e9es aux cin\u00e9mas africains et afro-diasporiques. Cette 5\u1d49 \u00e9dition propose une s\u00e9lection de <strong>24 films<\/strong>, m\u00ealant avant-premi\u00e8res, \u0153uvres restaur\u00e9es et \u00e9changes avec des invit\u00e9\u00b7es. Le programme inclut aussi des formats compl\u00e9mentaires comme des lectures, un podcast ou une s\u00e9ance jeunesse. Les r\u00e9servations sont d\u00e9j\u00e0 accessibles en ligne pour celles et ceux souhaitant composer leur parcours. Un pass permet d\u2019assister \u00e0 <strong>plusieurs s\u00e9ances<\/strong> \u00e0 tarif avantageux.<br \/><strong>Horaires :<\/strong> du 27 novembre au 1er d\u00e9cembre (programmation d\u00e9taill\u00e9e <a href=\"https:\/\/institutdesafriques.org\/blog\/afriques-en-vision-5\/\" target=\"_blank\" rel=\"noreferrer noopener\">en ligne<\/a>)<br \/><strong>Tarifs :<\/strong> S\u00e9ance \u00e0 l\u2019unit\u00e9 via billetterie ; pass <strong>3 s\u00e9ances (15 \u20ac)<\/strong> \/ <strong>5 s\u00e9ances (25 \u20ac)<\/strong><\/p>\n<p> Dimanche 30 novembre au d\u00e9part des Quinconces <a href=\"#courir\">La s\u00e9ance de course collective qui fait du bien<\/a> <\/p>\n<p>Ce rendez-vous propose un parcours de <strong>10 km<\/strong> \u00e0 travers les rues calmes de Bordeaux, loin des quais et des ponts habituels. L\u2019id\u00e9e est de d\u00e9couvrir la ville au petit matin, en avan\u00e7ant \u00e0 une allure <strong>adapt\u00e9e<\/strong> au groupe. Le trac\u00e9 suit des chemins plus discrets, propices \u00e0 une sortie dominicale qui fait simplement du bien. L\u2019accompagnement est assur\u00e9 sur toute la dur\u00e9e, avec un esprit collectif et sans pression particuli\u00e8re. Une bonne fa\u00e7on de terminer la semaine en mouvement et en douceur.<\/p>\n<p><strong>Adresse :<\/strong> Place des Quinconces, entre les deux arr\u00eats de tram<br \/><strong>Horaire :<\/strong> Dimanche 30\/11 \u00e0 10h<br \/><strong>Dur\u00e9e :<\/strong> 1h10<br \/><strong>Prix :<\/strong> Gratuit (\u00e9v\u00e9nement public Campus Coach)<\/p>\n","protected":false},"excerpt":{"rendered":"\u00c0 la recherche de que faire \u00e0 Bordeaux ce week-end ? Voici les \u00e9v\u00e9nements \u00e0 ne pas manquer&hellip;\n","protected":false},"author":2,"featured_media":400972,"comment_status":"","ping_status":"","sticky":false,"template":"","format":"standard","meta":{"footnotes":""},"categories":[2817],"tags":[1111,11,1997,1777,674,1011,27,12,2219,25],"class_list":{"0":"post-562260","1":"post","2":"type-post","3":"status-publish","4":"format-standard","5":"has-post-thumbnail","7":"category-bordeaux","8":"tag-actu","9":"tag-actualites","10":"tag-bordeaux","11":"tag-eu","12":"tag-europe","13":"tag-fr","14":"tag-france","15":"tag-news","16":"tag-nouvelle-aquitaine","17":"tag-republique-francaise"},"share_on_mastodon":{"url":"https:\/\/pubeurope.com\/@fr\/115621681252772598","error":""},"_links":{"self":[{"href":"https:\/\/www.europesays.com\/fr\/wp-json\/wp\/v2\/posts\/562260","targetHints":{"allow":["GET"]}}],"collection":[{"href":"https:\/\/www.europesays.com\/fr\/wp-json\/wp\/v2\/posts"}],"about":[{"href":"https:\/\/www.europesays.com\/fr\/wp-json\/wp\/v2\/types\/post"}],"author":[{"embeddable":true,"href":"https:\/\/www.europesays.com\/fr\/wp-json\/wp\/v2\/users\/2"}],"replies":[{"embeddable":true,"href":"https:\/\/www.europesays.com\/fr\/wp-json\/wp\/v2\/comments?post=562260"}],"version-history":[{"count":0,"href":"https:\/\/www.europesays.com\/fr\/wp-json\/wp\/v2\/posts\/562260\/revisions"}],"wp:featuredmedia":[{"embeddable":true,"href":"https:\/\/www.europesays.com\/fr\/wp-json\/wp\/v2\/media\/400972"}],"wp:attachment":[{"href":"https:\/\/www.europesays.com\/fr\/wp-json\/wp\/v2\/media?parent=562260"}],"wp:term":[{"taxonomy":"category","embeddable":true,"href":"https:\/\/www.europesays.com\/fr\/wp-json\/wp\/v2\/categories?post=562260"},{"taxonomy":"post_tag","embeddable":true,"href":"https:\/\/www.europesays.com\/fr\/wp-json\/wp\/v2\/tags?post=562260"}],"curies":[{"name":"wp","href":"https:\/\/api.w.org\/{rel}","templated":true}]}}