{"id":562261,"date":"2025-11-27T12:33:19","date_gmt":"2025-11-27T12:33:19","guid":{"rendered":"https:\/\/www.europesays.com\/fr\/562261\/"},"modified":"2025-11-27T12:33:19","modified_gmt":"2025-11-27T12:33:19","slug":"cinq-expositions-dart-contemporain-a-decouvrir-en-gironde-du-27-au-30-novembre","status":"publish","type":"post","link":"https:\/\/www.europesays.com\/fr\/562261\/","title":{"rendered":"Cinq expositions d\u2019art contemporain \u00e0 d\u00e9couvrir en Gironde du 27 au 30\u00a0novembre"},"content":{"rendered":"<p>        <img decoding=\"async\" id=\"26866850\" src=\"https:\/\/www.europesays.com\/fr\/wp-content\/uploads\/2025\/11\/bernard-plossu-cabezon-peak.jpg\" alt=\"Bernard Plossu revient cette semaine avec une exposition issue du \u00ab\u00a0Jardin de poussi\u00e8re\u00a0\u00bb, livre mythique paru en 1989.\" itemprop=\"contentURL\"\/><\/p>\n<p>    Bernard Plossu revient cette semaine avec une exposition issue du \u00ab\u00a0Jardin de poussi\u00e8re\u00a0\u00bb, livre mythique paru en 1989.<\/p>\n<p>Bernard Plossu<\/p>\n<p><strong>Bordeaux.<\/strong> Il y a deux ans, Bernard Plossu \u00e9tait \u00e0 l\u2019affiche d\u2019Arr\u00eat sur l\u2019image galerie avec une s\u00e9rie consacr\u00e9e \u00e0 l\u2019\u00e9glise fascinante de la Mission Saint-Fran\u00e7ois D\u2019Assise, \u00e0 Ranchos de Taos, au Nouveau-Mexique. Il revient cette semaine avec une exposition issue du \u00ab\u00a0Jardin de poussi\u00e8re\u00a0\u00bb, livre mythique paru en 1989 et r\u00e9\u00e9dit\u00e9 \u00e0 plusieurs reprises \u2014 dont une tr\u00e8s belle \u00e9dition en 2025 chez Filigranes. Devenu une r\u00e9f\u00e9rence pour sa vision po\u00e9tique et minimaliste des d\u00e9serts am\u00e9ricains (Arizona, Nouveau-Mexique, Utah), l\u2019ouvrage rassemble des photographies r\u00e9alis\u00e9es entre 1981 et 1985\u00a0: des tirages noir et blanc intimes qui saisissent l\u2019essence fragile des paysages arides \u2014 un \u00ab\u00a0jardin\u00a0\u00bb secret de poussi\u00e8re et de lumi\u00e8re. Vernissage\u00a0: jeudi 27\u00a0novembre de 18\u00a0heures \u00e0 21\u00a0heures. Rencontre avec l\u2019artiste \u00e0 partir de 15\u00a0heures.<\/p>\n<p>\u00ab\u00a0Les jardins de poussi\u00e8re\u00a0\u00bb. Du 27\u00a0novembre au 20\u00a0d\u00e9cembre. Arr\u00eat sur l\u2019image galerie, 45 cours du M\u00e9doc, Bordeaux. Entr\u00e9e libre du mercredi au samedi de 14\u00a0h\u00a030 \u00e0 18\u00a0h\u00a030. <a href=\"https:\/\/arretsurlimage.com\/\" target=\"_blank\" rel=\"nofollow noopener\">arretsurlimage.com<\/a><\/p>\n<p>\u00ab\u00a0Interf\u00e9rences\u00a0\u00bb d\u2019Ana\u00efs Gauthier<\/p>\n<p>        <img decoding=\"async\" id=\"26866917\" src=\"https:\/\/www.europesays.com\/fr\/wp-content\/uploads\/2025\/11\/anais-gauthier-credits-sebastien-pons.jpg\" alt=\"Ana\u00efs Gauthier d\u00e9veloppe des installations et des sculptures travers\u00e9es par une sensibilit\u00e9 organique, o\u00f9 art et science se r\u00e9pondent.\" itemprop=\"contentURL\"\/><\/p>\n<p>    Ana\u00efs Gauthier d\u00e9veloppe des installations et des sculptures travers\u00e9es par une sensibilit\u00e9 organique, o\u00f9 art et science se r\u00e9pondent.<\/p>\n<p>S\u00e9bastien Pons<\/p>\n<p><strong>Bordeaux.<\/strong> Dipl\u00f4m\u00e9e de l\u2019\u00c9cole europ\u00e9enne sup\u00e9rieure de Bretagne en 2016 et install\u00e9e \u00e0 Montreuil, Ana\u00efs Gauthier d\u00e9veloppe des installations et des sculptures travers\u00e9es par une sensibilit\u00e9 organique, o\u00f9 art et science se r\u00e9pondent. Sons, souffles et micro-mouvements y font \u00e9merger des paysages marqu\u00e9s par les logiques de productivit\u00e9 et par les interrogations autour de la m\u00e9canisation du vivant. Son travail, qui explore les zones de frottement entre mati\u00e8re, organisme et machine, se d\u00e9ploie \u00e0 BAM Projects sous la forme d\u2019une installation de formes hybrides, r\u00e9alis\u00e9e avec le soutien technique de l\u2019ing\u00e9nieur Matthieu Grivelet. Vernissage\u00a0: jeudi 27\u00a0novembre de 18\u00a0heures \u00e0 21\u00a0heures.<\/p>\n<p>\u00ab\u00a0Interf\u00e9rences\u00a0\u00bb. Du 28\u00a0novembre au 24\u00a0janvier (fermeture du 21\u00a0d\u00e9cembre au 7\u00a0janvier). BAM Projects, 47 rue Lombard, Bordeaux. Entr\u00e9e libre du mercredi au samedi, de 11\u00a0heures \u00e0 18\u00a0heures <a href=\"https:\/\/bam-projects.com\/\" target=\"_blank\" rel=\"nofollow noopener\">bam-projects.com<\/a><\/p>\n<p>Nouveau lieu \u00e0 Castillon-la-Bataille \u2014 Robert K\u00e9ramsi<\/p>\n<p>        <img decoding=\"async\" id=\"26866925\" src=\"https:\/\/www.europesays.com\/fr\/wp-content\/uploads\/2025\/11\/les-bobards-bernard-privat.jpg\" alt=\"Robert K\u00e9ramsi a ouvert une galerie d\u2019art et un caf\u00e9 associatif au sein de son atelier.\u00a0Ici, une \u0153uvre de Bernard Privat.\" itemprop=\"contentURL\"\/><\/p>\n<p>    Robert K\u00e9ramsi a ouvert une galerie d\u2019art et un caf\u00e9 associatif au sein de son atelier.\u00a0Ici, une \u0153uvre de Bernard Privat.<\/p>\n<p>Bernard Privat<\/p>\n<p><strong>Castillon-la-Bataille. <\/strong>En 2003, Robert K\u00e9ramsi, n\u00e9 en 1969 \u00e0 Swynnerton (Angleterre) arrive \u00e0 Bordeaux apr\u00e8s plusieurs ann\u00e9es \u00e0 Paris. \u00ab\u00a0Bernard Ouvrard m\u2019a ouvert grand les bras et son atelier. Il a vid\u00e9 son espace de la rue Gu\u00e9pin pour que j\u2019y expose mes grands personnages de ciment \u00e0 l\u2019occasion d\u2019Open Door Open Eyes dans le cadre de Nov\u2019art. Un geste dont je lui suis encore tr\u00e8s reconnaissant.\u00a0\u00bb Depuis, le sculpteur a multipli\u00e9 les rencontres et les expositions, avec notamment une pr\u00e9sentation marquante \u00e0 la Base sous-marine en 2009 aux c\u00f4t\u00e9s du peintre Alain Bergeon. Nourri de ces liens et anim\u00e9 par l\u2019envie de transmettre \u00e0 son tour, il ouvre aujourd\u2019hui une galerie d\u2019art et un caf\u00e9 associatif au sein de son atelier. Pour cette exposition inaugurale, K\u00e9ramsi r\u00e9unit des artistes proches de lui\u00a0: Bernard Privat, Bernard Ouvrard, No\u00e9mie Boullier, Ruzena, Pascale Vergeron, Gilles Manero et Fr\u00e9d\u00e9ric Lallemand. Vernissage\u00a0: dimanche 30\u00a0novembre \u00e0 11\u00a0heures.<\/p>\n<p>Exposition du 30 novembre au 2 f\u00e9vrier. Espace culturel Les Bobards \u2013 69 rue Planterose, Castillon-la-Bataille. Entr\u00e9e libre : vendredis, samedis et dimanches de 14h \u00e0 19h, lundis de 9h \u00e0 13h. <a href=\"https:\/\/www.lesbobards.fr\/\" target=\"_blank\" rel=\"nofollow noopener\">www.lesbobards.fr<\/a><\/p>\n<p>Hannibal Renberg \u2014 Photographie urbaine <\/p>\n<p>        <img decoding=\"async\" id=\"26867016\" src=\"https:\/\/www.europesays.com\/fr\/wp-content\/uploads\/2025\/11\/hannibal-renberg.jpg\" alt=\"\u00a0Hannibal Renberg, un des quatre instagrameurs incontournables de la photographie de rue.\" itemprop=\"contentURL\"\/><\/p>\n<p>    \u00a0Hannibal Renberg, un des quatre instagrameurs incontournables de la photographie de rue.<\/p>\n<p>Hannibal Renberg<\/p>\n<p><strong>Bordeaux.<\/strong> En 2014, le magazine Forbes classait Hannibal Renberg, n\u00e9 en 1972 \u00e0 Paris, parmi les quatre instagrameurs incontournables de la photographie de rue (Best Of Instagram Street Photography). Son compte Instagram, @leoleoparis, rassemble aujourd\u2019hui plus de 43\u00a0000 abonn\u00e9s. Pour sa deuxi\u00e8me exposition solo \u00e0 la galerie Neilag, il nous entra\u00eene dans les rues de Paris, Marseille et Nice, qu\u2019il arpente muni d\u2019un smartphone \u2014 outil qui lui permet de s\u2019affranchir de toute contrainte technique. \u00c0 l\u2019aff\u00fbt de l\u2019instant, il d\u00e9busque l\u2019inattendu, le burlesque et la po\u00e9sie du quotidien, dans la plus pure tradition de l\u2019image de rue. <\/p>\n<p>Jusqu\u2019au 30 d\u00e9cembre, galerie Neilag\u00a0; 128 rue docteur Albert Barraud, Bordeaux. Entr\u00e9e libre mardi, jeudi, vendredi de 11h \u00e0 22h. Samedi de 12h \u00e0 20h. <a href=\"https:\/\/www.neilag.art\/\" target=\"_blank\" rel=\"nofollow noopener\">www.neilag.art<\/a><\/p>\n<p>Guilherme Ferreira avec \u00ab\u00a0Le Spectre\u00a0\u00bb<\/p>\n<p>        <img decoding=\"async\" id=\"26867169\" src=\"https:\/\/www.europesays.com\/fr\/wp-content\/uploads\/2025\/11\/guilherme-ferreira.jpg\" alt=\"Guilherme Ferreira investit l\u2019espace de La R\u00e9serve avec \u00ab\u00a0Le Spectre\u00a0\u00bb.\" itemprop=\"contentURL\"\/><\/p>\n<p>    Guilherme Ferreira investit l\u2019espace de La R\u00e9serve avec \u00ab\u00a0Le Spectre\u00a0\u00bb.<\/p>\n<p>Guilherme Ferreira<\/p>\n<p><strong>Bordeaux.<\/strong> La R\u00e9serve &#8211; Bienvenue accueille Guilherme Ferreira. N\u00e9 en 1995 \u00e0 S\u00e3o Caetano do Sul (Br\u00e9sil), dipl\u00f4m\u00e9 en arts visuels de l\u2019Universit\u00e9 de S\u00e3o Paulo et ancien \u00e9tudiant en \u00e9change \u00e0 l\u2019\u00c9cole des beaux-arts de Bordeaux (ebabx) en 2020, il d\u00e9veloppe un travail o\u00f9 se croisent dessin, installation et graphite. <\/p>\n<p>Laur\u00e9at de la Bourse Reynal 2023 (attribu\u00e9e \u00e0 un jeune artiste de moins de 30 ans travaillant sur papier), il a r\u00e9sid\u00e9 en France pour concevoir de nouvelles installations. Apr\u00e8s une premi\u00e8re pr\u00e9sentation en octobre 2024 \u00e0 la galerie ebabx, il investit cette fois l\u2019espace de La R\u00e9serve avec \u00ab\u00a0Le Spectre\u00a0\u00bb : un ensemble d\u2019\u0153uvres o\u00f9 le papier poursuit ses explorations \u2014 mati\u00e8re \u00e0 ombres, fictions et traces quasi-documentaires. Vernissage\u00a0: dimanche 30 novembre \u00e0 12 h.<\/p>\n","protected":false},"excerpt":{"rendered":"Bernard Plossu revient cette semaine avec une exposition issue du \u00ab\u00a0Jardin de poussi\u00e8re\u00a0\u00bb, livre mythique paru en 1989.&hellip;\n","protected":false},"author":2,"featured_media":562262,"comment_status":"","ping_status":"","sticky":false,"template":"","format":"standard","meta":{"footnotes":""},"categories":[2817],"tags":[1111,11,1997,1777,674,1011,27,12,2219,25],"class_list":{"0":"post-562261","1":"post","2":"type-post","3":"status-publish","4":"format-standard","5":"has-post-thumbnail","7":"category-bordeaux","8":"tag-actu","9":"tag-actualites","10":"tag-bordeaux","11":"tag-eu","12":"tag-europe","13":"tag-fr","14":"tag-france","15":"tag-news","16":"tag-nouvelle-aquitaine","17":"tag-republique-francaise"},"share_on_mastodon":{"url":"https:\/\/pubeurope.com\/@fr\/115621686185300951","error":""},"_links":{"self":[{"href":"https:\/\/www.europesays.com\/fr\/wp-json\/wp\/v2\/posts\/562261","targetHints":{"allow":["GET"]}}],"collection":[{"href":"https:\/\/www.europesays.com\/fr\/wp-json\/wp\/v2\/posts"}],"about":[{"href":"https:\/\/www.europesays.com\/fr\/wp-json\/wp\/v2\/types\/post"}],"author":[{"embeddable":true,"href":"https:\/\/www.europesays.com\/fr\/wp-json\/wp\/v2\/users\/2"}],"replies":[{"embeddable":true,"href":"https:\/\/www.europesays.com\/fr\/wp-json\/wp\/v2\/comments?post=562261"}],"version-history":[{"count":0,"href":"https:\/\/www.europesays.com\/fr\/wp-json\/wp\/v2\/posts\/562261\/revisions"}],"wp:featuredmedia":[{"embeddable":true,"href":"https:\/\/www.europesays.com\/fr\/wp-json\/wp\/v2\/media\/562262"}],"wp:attachment":[{"href":"https:\/\/www.europesays.com\/fr\/wp-json\/wp\/v2\/media?parent=562261"}],"wp:term":[{"taxonomy":"category","embeddable":true,"href":"https:\/\/www.europesays.com\/fr\/wp-json\/wp\/v2\/categories?post=562261"},{"taxonomy":"post_tag","embeddable":true,"href":"https:\/\/www.europesays.com\/fr\/wp-json\/wp\/v2\/tags?post=562261"}],"curies":[{"name":"wp","href":"https:\/\/api.w.org\/{rel}","templated":true}]}}