{"id":562267,"date":"2025-11-27T12:36:14","date_gmt":"2025-11-27T12:36:14","guid":{"rendered":"https:\/\/www.europesays.com\/fr\/562267\/"},"modified":"2025-11-27T12:36:14","modified_gmt":"2025-11-27T12:36:14","slug":"le-voleur-pris-sur-le-vif-a-la-parfumerie-etait-en-fait-lauteur-de-9-vols-et-cambriolages-pres-de-lille","status":"publish","type":"post","link":"https:\/\/www.europesays.com\/fr\/562267\/","title":{"rendered":"Le voleur pris sur le vif \u00e0 la parfumerie \u00e9tait en fait l&rsquo;auteur de 9 vols et cambriolages pr\u00e8s de Lille"},"content":{"rendered":"<p>                    Par<br \/>\n        <strong><br \/>\n            <a href=\"https:\/\/actu.fr\/auteur\/margot-nicodeme\" title=\"Consulter tous les articles de Margot Nicod\u00e8me\" target=\"_blank\" rel=\"noopener\">Margot Nicod\u00e8me<\/a><br \/>\n                    <\/strong><\/p>\n<p>        Publi\u00e9 le<\/p>\n<p>            27 nov. 2025 \u00e0 12h35        <\/p>\n<p>L\u2019interpellation d\u2019<b>un homme de 42 ans<\/b>, lundi 24 novembre, a permis de mettre \u00e0 jour tout son historique d\u00e9lictuel : <b>9 vols \u00e0 l\u2019\u00e9talage au total,<\/b> commis un peu partout dans la m\u00e9tropole de <a href=\"https:\/\/actu.fr\/hauts-de-france\/lille_59350\/\" target=\"_blank\" rel=\"noopener\">Lille<\/a> (Nord). Il a \u00e9t\u00e9 appr\u00e9hend\u00e9 dans une parfumerie du centre commercial de Lomme, peu apr\u00e8s 13h, o\u00f9 il venait de <b>d\u00e9rober plus de 300 \u20ac d\u2019articles<\/b>.<\/p>\n<p>Le voleur \u00e0 la parfumerie avait commis pas moins de 9 vols et cambriolages dans la m\u00e9tropole lilloise<\/p>\n<p class=\" wall-content\">En garde \u00e0 vue, il a reconnu les faits. Son mode op\u00e9ratoire a permis de le confondre d\u2019abord dans trois premiers vols et cambriolages. La police judiciaire avait en sa possession des relev\u00e9s d\u2019empreintes et un faisceau d\u2019indices menant ind\u00e9niablement \u00e0 cet homme.<\/p>\n<p class=\" wall-content\">Une m\u00eame silhouette aper\u00e7ue sur les films de vid\u00e9oprotection, un profil g\u00e9n\u00e9tique unique\u2026 La collaboration entre les enqu\u00eateurs de la police nationale et la police judiciaire a permis de lier le quadrag\u00e9naire \u00e0 9 faits <b>d\u2019intrusions et vols dans des restaurants, bistrots, salon de coiffure<\/b> de la m\u00e9tropole. Principalement dans le secteur de Lille et de <a href=\"https:\/\/actu.fr\/hauts-de-france\/wambrechies_59636\" target=\"_blank\" rel=\"noopener\">Wambrechies<\/a>.<\/p>\n<p class=\" wall-content\">Personnalisez votre actualit\u00e9 en ajoutant vos villes et m\u00e9dias en favori avec <a href=\"https:\/\/moncompte.actu.fr\" title=\"D\u00e9couvez Mon Actu\" rel=\"nofollow noopener\" data-trk=\"{&quot;cta&quot;:{&quot;action&quot;:&quot;https:\\\/\\\/moncompte.actu.fr&quot;,&quot;category&quot;:&quot;mon compte&quot;,&quot;from&quot;:&quot;article footer&quot;,&quot;name&quot;:&quot;Mon actu&quot;,&quot;type&quot;:&quot;cta&quot;}}\" target=\"_blank\">Mon Actu<\/a>.<\/p>\n","protected":false},"excerpt":{"rendered":"Par Margot Nicod\u00e8me Publi\u00e9 le 27 nov. 2025 \u00e0 12h35 L\u2019interpellation d\u2019un homme de 42 ans, lundi 24&hellip;\n","protected":false},"author":2,"featured_media":562268,"comment_status":"","ping_status":"","sticky":false,"template":"","format":"standard","meta":{"footnotes":""},"categories":[2815],"tags":[1111,11,1777,674,118,1011,27,811,1307,12,1072,25],"class_list":{"0":"post-562267","1":"post","2":"type-post","3":"status-publish","4":"format-standard","5":"has-post-thumbnail","7":"category-lille","8":"tag-actu","9":"tag-actualites","10":"tag-eu","11":"tag-europe","12":"tag-faits-divers","13":"tag-fr","14":"tag-france","15":"tag-hauts-de-france","16":"tag-lille","17":"tag-news","18":"tag-police","19":"tag-republique-francaise"},"share_on_mastodon":{"url":"https:\/\/pubeurope.com\/@fr\/115621697091131569","error":""},"_links":{"self":[{"href":"https:\/\/www.europesays.com\/fr\/wp-json\/wp\/v2\/posts\/562267","targetHints":{"allow":["GET"]}}],"collection":[{"href":"https:\/\/www.europesays.com\/fr\/wp-json\/wp\/v2\/posts"}],"about":[{"href":"https:\/\/www.europesays.com\/fr\/wp-json\/wp\/v2\/types\/post"}],"author":[{"embeddable":true,"href":"https:\/\/www.europesays.com\/fr\/wp-json\/wp\/v2\/users\/2"}],"replies":[{"embeddable":true,"href":"https:\/\/www.europesays.com\/fr\/wp-json\/wp\/v2\/comments?post=562267"}],"version-history":[{"count":0,"href":"https:\/\/www.europesays.com\/fr\/wp-json\/wp\/v2\/posts\/562267\/revisions"}],"wp:featuredmedia":[{"embeddable":true,"href":"https:\/\/www.europesays.com\/fr\/wp-json\/wp\/v2\/media\/562268"}],"wp:attachment":[{"href":"https:\/\/www.europesays.com\/fr\/wp-json\/wp\/v2\/media?parent=562267"}],"wp:term":[{"taxonomy":"category","embeddable":true,"href":"https:\/\/www.europesays.com\/fr\/wp-json\/wp\/v2\/categories?post=562267"},{"taxonomy":"post_tag","embeddable":true,"href":"https:\/\/www.europesays.com\/fr\/wp-json\/wp\/v2\/tags?post=562267"}],"curies":[{"name":"wp","href":"https:\/\/api.w.org\/{rel}","templated":true}]}}