{"id":562269,"date":"2025-11-27T12:37:20","date_gmt":"2025-11-27T12:37:20","guid":{"rendered":"https:\/\/www.europesays.com\/fr\/562269\/"},"modified":"2025-11-27T12:37:20","modified_gmt":"2025-11-27T12:37:20","slug":"ethan-mbappe-cest-officiel","status":"publish","type":"post","link":"https:\/\/www.europesays.com\/fr\/562269\/","title":{"rendered":"Ethan Mbapp\u00e9, c&rsquo;est officiel"},"content":{"rendered":"<ol class=\"breadcrumb\">\n<li class=\"parent\"><a href=\"https:\/\/www.football.fr\/lille\" target=\"_blank\" rel=\"noopener\">lille<\/a><\/li>\n<\/ol>\n<p><a class=\"post-author align-middle\" href=\"https:\/\/www.football.fr\/auteur\/louis-molter\" target=\"_blank\" rel=\"noopener\">Louis Molter<\/a><br \/>\n27\/11\/2025 11h43<\/p>\n<p><img width=\"750\" height=\"368\" src=\"https:\/\/www.europesays.com\/fr\/wp-content\/uploads\/2025\/11\/Ethan-Mbappe-56-750x368.jpg\" class=\"img-responsive m-rf-auto wp-post-image\" alt=\"Ethan Mbapp\u00e9\" data-lazyloading=\"false\" fetchpriority=\"high\" decoding=\"async\"\/><\/p>\n<p><strong>Le Losc a op\u00e9r\u00e9 \u00e0 deux<br \/>\nchangements dans sa liste UEFA en marge de la rencontre face au<br \/>\nDinamo Zagreb ce jeudi (18h45). Ethan Mbapp\u00e9 y<br \/>\nfigure.<\/strong><\/p>\n<p>\u00c7a se bouscule du c\u00f4t\u00e9 du Losc. Alors que les Nordistes<br \/>\ns\u2019appr\u00eatent \u00e0 recevoir le Dinamo Zagreb pour le compte de la 5e<br \/>\njourn\u00e9e de Ligue Europa (jeudi \u00e0 18h45), quelques modifications au<br \/>\nsein de la liste UEFA ont \u00e9t\u00e9 annonc\u00e9es par le club.<\/p>\n<p>Des changements qui font suite aux blessures d\u2019Alexsandro et de<br \/>\nMarc-Aur\u00e8le Caillard. Le d\u00e9fenseur central br\u00e9silien est touch\u00e9 au<br \/>\nquadriceps depuis la mi-septembre, tandis que le troisi\u00e8me gardien<br \/>\nlillois d\u00e9plore une g\u00eane au niveau du coude.<\/p>\n<p>Mbapp\u00e9 convoqu\u00e9<\/p>\n<p>Ainsi, Ethan Mbapp\u00e9 et Thomas Sajous ont \u00e9t\u00e9 inscrits \u00ab<br \/>\ntemporairement \u00bb, \u00ab dans le respect des r\u00e8glements des<br \/>\nr\u00e8glements de l\u2019UEFA permettant d\u2019apporter des modifications \u00e0 la<br \/>\nListe UEFA, avant la fin de la phase de poule \u00bb,<br \/>\ncomme le pr\u00e9cise Lille dans son communiqu\u00e9. Le fr\u00e8re de Kylian va<br \/>\ndonc potentiellement conna\u00eetre sa premi\u00e8re exp\u00e9rience en C3 sous le<br \/>\nmaillot du Losc, puisqu\u2019il n\u2019avait pas \u00e9t\u00e9 retenu dans la liste<br \/>\ninitiale de Bruno Genesio.<\/p>\n<blockquote class=\"twitter-tweet\"><p><a class=\"twitter-link\" rel=\"noindex, nofollow noopener\" href=\"https:\/\/twitter.com\/losclive\/status\/1993967473335378132\" target=\"_blank\"><\/p><\/blockquote>\n<p><script async src=\"https:\/\/platform.twitter.com\/widgets.js\" charset=\"utf-8\"><\/script><\/p>\n","protected":false},"excerpt":{"rendered":"lille Louis Molter 27\/11\/2025 11h43 Le Losc a op\u00e9r\u00e9 \u00e0 deux changements dans sa liste UEFA en marge&hellip;\n","protected":false},"author":2,"featured_media":562270,"comment_status":"","ping_status":"","sticky":false,"template":"","format":"standard","meta":{"footnotes":""},"categories":[2815],"tags":[1111,11,2113,1777,674,1011,27,811,1307,12,25],"class_list":{"0":"post-562269","1":"post","2":"type-post","3":"status-publish","4":"format-standard","5":"has-post-thumbnail","7":"category-lille","8":"tag-actu","9":"tag-actualites","10":"tag-breve","11":"tag-eu","12":"tag-europe","13":"tag-fr","14":"tag-france","15":"tag-hauts-de-france","16":"tag-lille","17":"tag-news","18":"tag-republique-francaise"},"share_on_mastodon":{"url":"https:\/\/pubeurope.com\/@fr\/115621701592350119","error":""},"_links":{"self":[{"href":"https:\/\/www.europesays.com\/fr\/wp-json\/wp\/v2\/posts\/562269","targetHints":{"allow":["GET"]}}],"collection":[{"href":"https:\/\/www.europesays.com\/fr\/wp-json\/wp\/v2\/posts"}],"about":[{"href":"https:\/\/www.europesays.com\/fr\/wp-json\/wp\/v2\/types\/post"}],"author":[{"embeddable":true,"href":"https:\/\/www.europesays.com\/fr\/wp-json\/wp\/v2\/users\/2"}],"replies":[{"embeddable":true,"href":"https:\/\/www.europesays.com\/fr\/wp-json\/wp\/v2\/comments?post=562269"}],"version-history":[{"count":0,"href":"https:\/\/www.europesays.com\/fr\/wp-json\/wp\/v2\/posts\/562269\/revisions"}],"wp:featuredmedia":[{"embeddable":true,"href":"https:\/\/www.europesays.com\/fr\/wp-json\/wp\/v2\/media\/562270"}],"wp:attachment":[{"href":"https:\/\/www.europesays.com\/fr\/wp-json\/wp\/v2\/media?parent=562269"}],"wp:term":[{"taxonomy":"category","embeddable":true,"href":"https:\/\/www.europesays.com\/fr\/wp-json\/wp\/v2\/categories?post=562269"},{"taxonomy":"post_tag","embeddable":true,"href":"https:\/\/www.europesays.com\/fr\/wp-json\/wp\/v2\/tags?post=562269"}],"curies":[{"name":"wp","href":"https:\/\/api.w.org\/{rel}","templated":true}]}}