{"id":562271,"date":"2025-11-27T12:38:10","date_gmt":"2025-11-27T12:38:10","guid":{"rendered":"https:\/\/www.europesays.com\/fr\/562271\/"},"modified":"2025-11-27T12:38:10","modified_gmt":"2025-11-27T12:38:10","slug":"un-jeune-de-16-ans-blesse-au-thorax-par-arme-blanche-a-marseille","status":"publish","type":"post","link":"https:\/\/www.europesays.com\/fr\/562271\/","title":{"rendered":"Un jeune de 16 ans bless\u00e9 au thorax par arme blanche \u00e0 Marseille"},"content":{"rendered":"<p>Les faits se seraient produits aux abords de la cit\u00e9 <a href=\"https:\/\/www.laprovence.com\/article\/region\/6407398957082714\/trafic-de-stupefiants-a-marseille-6-hommes-interpelles-12-kg-de-drogue-et-65-000-euros-saisis-a-la-viste\" target=\"_blank\" rel=\"noopener\">La Viste<\/a> dans le <a href=\"https:\/\/www.laprovence.com\/article\/faits-divers-justice\/2112979628664314\/un-homme-interpelle-apres-avoir-ouvert-le-feu-mardi-matin-a-la-viste-dans-le-15e-arrondissement-de-marseille\" target=\"_blank\" rel=\"noopener\">15e arrondissement<\/a> de Marseille, mais les circonstances dans lesquelles un mineur de 16\u00a0ans a \u00e9t\u00e9 bless\u00e9 \u00e0 l\u2019arme blanche dans la nuit de mardi \u00e0 mercredi resteront floues tant qu\u2019il n\u2019aura pas \u00e9t\u00e9 entendu par les policiers.<\/p>\n<p>Prise en charge par les marins-pompiers vers 1 heure du matin mercredi, la jeune victime a \u00e9t\u00e9 transport\u00e9e de la rue de l\u2019Eissero o\u00f9 elle a \u00e9t\u00e9 retrouv\u00e9e, \u00e0 l\u2019h\u00f4pital, o\u00f9 elle a \u00e9t\u00e9 admise en service de r\u00e9animation.<\/p>\n<p>Enqu\u00eate de voisinage n\u00e9gative<\/p>\n<p>Si son pronostic vital n\u2019est pas engag\u00e9, l\u2019adolescent n\u2019est pas encore en \u00e9tat d\u2019expliquer aux enqu\u00eateurs dans quelles circonstances il a re\u00e7u un <a href=\"https:\/\/www.laprovence.com\/article\/faits-divers-justice\/3682634201975314\/marseille-un-mort-et-un-blesse-a-larme-blanche-dans-une-altercation-devant-un-bar-du-quartier-de-lopera\" target=\"_blank\" rel=\"noopener\">coup de couteau<\/a> au thorax.<\/p>\n<p>Faute de t\u00e9moins et de r\u00e9sultats probants \u00e0 l\u2019issue de l\u2019enqu\u00eate de voisinage, les policiers comptent sur le t\u00e9moignage du jeune homme pour tenter d\u2019\u00e9lucider cette tentative d\u2019homicide volontaire.<\/p>\n","protected":false},"excerpt":{"rendered":"Les faits se seraient produits aux abords de la cit\u00e9 La Viste dans le 15e arrondissement de Marseille,&hellip;\n","protected":false},"author":2,"featured_media":562272,"comment_status":"","ping_status":"","sticky":false,"template":"","format":"standard","meta":{"footnotes":""},"categories":[2814],"tags":[17,1111,11,1764,10268,8386,3916,1777,674,274,1011,27,3913,884,12,5912,882,25,16699],"class_list":{"0":"post-562271","1":"post","2":"type-post","3":"status-publish","4":"format-standard","5":"has-post-thumbnail","7":"category-marseille","8":"tag-17","9":"tag-actu","10":"tag-actualites","11":"tag-ans","12":"tag-arme","13":"tag-blanche","14":"tag-blesse","15":"tag-eu","16":"tag-europe","17":"tag-faits-divers-justice","18":"tag-fr","19":"tag-france","20":"tag-jeune","21":"tag-marseille","22":"tag-news","23":"tag-par","24":"tag-provence-alpes-cote-dazur","25":"tag-republique-francaise","26":"tag-thorax"},"share_on_mastodon":{"url":"https:\/\/pubeurope.com\/@fr\/115621704842083370","error":""},"_links":{"self":[{"href":"https:\/\/www.europesays.com\/fr\/wp-json\/wp\/v2\/posts\/562271","targetHints":{"allow":["GET"]}}],"collection":[{"href":"https:\/\/www.europesays.com\/fr\/wp-json\/wp\/v2\/posts"}],"about":[{"href":"https:\/\/www.europesays.com\/fr\/wp-json\/wp\/v2\/types\/post"}],"author":[{"embeddable":true,"href":"https:\/\/www.europesays.com\/fr\/wp-json\/wp\/v2\/users\/2"}],"replies":[{"embeddable":true,"href":"https:\/\/www.europesays.com\/fr\/wp-json\/wp\/v2\/comments?post=562271"}],"version-history":[{"count":0,"href":"https:\/\/www.europesays.com\/fr\/wp-json\/wp\/v2\/posts\/562271\/revisions"}],"wp:featuredmedia":[{"embeddable":true,"href":"https:\/\/www.europesays.com\/fr\/wp-json\/wp\/v2\/media\/562272"}],"wp:attachment":[{"href":"https:\/\/www.europesays.com\/fr\/wp-json\/wp\/v2\/media?parent=562271"}],"wp:term":[{"taxonomy":"category","embeddable":true,"href":"https:\/\/www.europesays.com\/fr\/wp-json\/wp\/v2\/categories?post=562271"},{"taxonomy":"post_tag","embeddable":true,"href":"https:\/\/www.europesays.com\/fr\/wp-json\/wp\/v2\/tags?post=562271"}],"curies":[{"name":"wp","href":"https:\/\/api.w.org\/{rel}","templated":true}]}}