{"id":562273,"date":"2025-11-27T12:39:12","date_gmt":"2025-11-27T12:39:12","guid":{"rendered":"https:\/\/www.europesays.com\/fr\/562273\/"},"modified":"2025-11-27T12:39:12","modified_gmt":"2025-11-27T12:39:12","slug":"suivez-en-direct-la-fin-de-cette-journee-dediee-au-leadership-feminin","status":"publish","type":"post","link":"https:\/\/www.europesays.com\/fr\/562273\/","title":{"rendered":"suivez en direct la fin de cette journ\u00e9e d\u00e9di\u00e9e au leadership f\u00e9minin"},"content":{"rendered":"<p>Apr\u00e8s <a href=\"https:\/\/www.laprovence.com\/article\/nos-rendez-vous\/4199729497413914\/women-summit-a-marseille-suivez-en-direct-notre-journee-dediee-au-leadership-feminin-mondial\" target=\"_blank\" rel=\"noopener\">une matin\u00e9e des plus int\u00e9ressantes<\/a>, le <strong>Global Leadership by Women Summit<\/strong> poursuit ses \u00e9changes avec des sessions pl\u00e9ni\u00e8res et des duos inspirants autour des grands enjeux mondiaux : influence, gouvernance, infrastructures strat\u00e9giques et g\u00e9opolitique. Ces d\u00e9bats s&rsquo;ach\u00e8veront par <a href=\"https:\/\/www.laprovence.com\/article\/economie\/2082223308275614\/global-woman-summit-4-leaders-qui-reinventent-les-regles-du-jeu\" target=\"_blank\" rel=\"noopener\">la remise des <strong>Troph\u00e9es Femmes Leaders de demain<\/strong><\/a>, une c\u00e9l\u00e9bration des parcours audacieux et innovants.<\/p>\n<p>Une mani\u00e8re de conclure cette premi\u00e8re \u00e9dition en beaut\u00e9 et d&rsquo;affirmer<strong> La Provence comme un acteur cl\u00e9 de l&rsquo;engagement<\/strong>, en \u00e9cho \u00e0 son mois de l&rsquo;engagement, d\u00e9but\u00e9 le 18 novembre dernier.<\/p>\n<p>Au Programme de cet apr\u00e8s-midi<\/p>\n<p><strong>14h30 \u2013 Leaders promoteurs d&rsquo;une influence respectueuse des valeurs et de l&rsquo;int\u00e9r\u00eat g\u00e9n\u00e9ral<\/strong><\/p>\n<p><strong>Hamida AMAN,<\/strong>\u00a0 Fondatrice, Begum Organization for Women et Radio Begum [Afghanistan],\u00a0<strong>Apolline DE MALHERBE,<\/strong>\u00a0Anchorwoman, RMC [France], <strong>Kim YOUNES<\/strong>,\u00a0 Pr\u00e9sidente Directrice G\u00e9n\u00e9rale, TV5 Monde [France] <strong>Cynthia ILLOUZ<\/strong>,\u00a0 Pr\u00e9sidente-Fondatrice, THE WOMEN&rsquo;S VOICES [France] <strong>S\u00e9verine DESBOUYS, <\/strong>\u00a0Pr\u00e9sidente-Fondatrice du cabinet de conseil DSC, ancienne cycliste professionnelle [France] et <strong>Tatiana de Francqueville<\/strong>, Directrice G\u00e9n\u00e9rale, La Tribune \u00e9changent sur la mani\u00e8re de promouvoir une influence respectueuse des valeurs et de l&rsquo;int\u00e9r\u00eat g\u00e9n\u00e9ral.<\/p>\n<p><strong>15h20 \u2013 Duo sur le leadership international<\/strong><\/p>\n<p><strong>Amani A. ALZAHRANI,<\/strong> Directrice de la Diversit\u00e9, Olayan Saudi Holding Company ; coach co-active ; auteure de l&rsquo;ouvrage \u00e9conomique \u00ab\u00a0The Resource Drama\u00a0\u00bb [Arabie Saoudite],\u00a0<strong>Chiara CORAZZA,\u00a0<\/strong> Repr\u00e9sentante pour la France au G20 EMPOWER, Conseill\u00e8re au Gender Equality Advisory Council du G7, Conseill\u00e8re Sp\u00e9ciale du Global Leadership by Women Summit [Italie, Royaume Uni]<\/p>\n<p><strong>15h35 \u2013 Leaders d&rsquo;une gouvernance \u00e9quilibr\u00e9e<\/strong><\/p>\n<p><strong>Christophe CASTANER, <\/strong>Pr\u00e9sident du Conseil de Surveillance du Port de Marseille Fos, Ancien Ministre de l&rsquo;Int\u00e9rieur [France], <strong>Laura HASSAN,<\/strong> Directrice G\u00e9n\u00e9rale, Epitech [France], <strong>Hedwige NUYENS,<\/strong> Pr\u00e9sidente, European Women on Boards, et Directrice G\u00e9n\u00e9rale, International Banking Federation [Belgique], <strong>Veronika WAND-DANIELSSON,<\/strong>\u00a0Ambassadrice de Su\u00e8de en Allemagne [Su\u00e8de] <strong>Isabelle GROSMAITRE, <\/strong>Pr\u00e9sidente-Fondatrice, Goodness &amp; Co, et Pr\u00e9sidente de l&rsquo;Advisory Board, Value Balancing Alliance [France] anim\u00e9e par <strong>Sophie IBORRA<\/strong>, Journaliste et Animatrice du Podcast Les H\u00e9riti\u00e8res, La Tribune et La Tribune Dimanche [France]<\/p>\n<p><strong>16h25 \u2013 Leaders en infrastructures, \u00e9nergie et interconnexions strat\u00e9giques<\/strong><\/p>\n<p>Focus sur les grands projets et leur impact durable avec <strong>G\u00e9rard MESTRALLET, <\/strong>Envoy\u00e9 Sp\u00e9cial du Pr\u00e9sident de la R\u00e9publique fran\u00e7aise pour l&rsquo;IMEC [France]<\/p>\n<p><strong>Monica DE VIRGILIIS, <\/strong>Pr\u00e9sidente-Fondatrice, Chapter Zero France, Ancienne Pr\u00e9sidente, SNAM, Administrateur Ind\u00e9pendant, Air Liquide [Italie], <strong>Camille EGLOFF, <\/strong>Managing Director &amp; Senior Partner, Boston Consulting Group [France] <strong>Selena SOUAH,<\/strong> Pr\u00e9sidente Fondatrice, REVOLUTION&rsquo; AIR Ltd (Telecoms) &amp; REGCARD, Membre du Conseil d&rsquo;Administration de l&rsquo;Institut Aspen France [Gabon, France] pr\u00e9sent\u00e9e par\u00a0<strong>Philippe MABILLE<\/strong>, Directeur \u00e9ditorial, La Tribune [France]<\/p>\n<p><strong>17h10 \u2013 Session pl\u00e9ni\u00e8re : Leaders en g\u00e9opolitique, pour anticiper et garantir la paix<\/strong><\/p>\n<p><strong>Donia KAOUACH, <\/strong>\u00a0Pr\u00e9sidente, Fondation Leaders pour la Paix [Tunisie] <strong>Florence NOTTER-DAUGNY,<\/strong> Administratrice du CyberPeace Institute, Ancienne Conseill\u00e8re Diplomatique du Gouvernement Suisse, Pr\u00e9sidente de la Soci\u00e9t\u00e9 des Membres de la L\u00e9gion d&rsquo;Honneur pour la Suisse [Suisse], <strong>Oleksandra MATVIICHUK, <\/strong>Avocate et militante ukrainienne pour les droits de l&rsquo;homme, directrice de l&rsquo;ONG Centre pour les libert\u00e9s civiles, prix Nobel de la paix en 2022 [Ukraine] <strong>Delphine O, <\/strong>Ambassadrice et Secr\u00e9taire g\u00e9n\u00e9rale du Forum G\u00e9n\u00e9ration \u00c9galit\u00e9 [France] <strong>Irina SCHOULGIN NYONI, <\/strong>Ambassadrice pour les droits de l&rsquo;Homme, la d\u00e9mocratie et l&rsquo;\u00c9tat de droit, Minist\u00e8re des Affaires \u00e9trang\u00e8res de Su\u00e8de [Su\u00e8de]<strong> Dr. Loredana TEODORESCU,<\/strong> Pr\u00e9sidente, Women in International Security Italy, et Directrice du R\u00e9seau des Femmes M\u00e9diatrices de la M\u00e9diterran\u00e9e [Italie] anim\u00e9e par <strong>Ulysse GOSSET,<\/strong>\u00a0Editorialiste international, BFMTV [France]<\/p>\n<p><img alt=\"Global leadership apr\u00e8s-midi\" loading=\"lazy\" decoding=\"async\" data-nimg=\"fill\" class=\" TwicCore_img__i9TC1 undefined  undefined\" style=\"position:absolute;height:100%;width:100%;left:0;top:0;right:0;bottom:0;color:transparent;background-size:cover;background-position:50% 50%;background-repeat:no-repeat;background-image:url(&quot;data:image\/svg+xml;charset=utf-8,%3Csvg xmlns='http:\/\/www.w3.org\/2000\/svg' %3E%3Cfilter id='b' color-interpolation-filters='sRGB'%3E%3CfeGaussianBlur stdDeviation='20'\/%3E%3CfeColorMatrix values='1 0 0 0 0 0 1 0 0 0 0 0 1 0 0 0 0 0 100 -1' result='s'\/%3E%3CfeFlood x='0' y='0' width='100%25' height='100%25'\/%3E%3CfeComposite operator='out' in='s'\/%3E%3CfeComposite in2='SourceGraphic'\/%3E%3CfeGaussianBlur stdDeviation='20'\/%3E%3C\/filter%3E%3Cimage width='100%25' height='100%25' x='0' y='0' preserveAspectRatio='none' style='filter: url(%23b);' href='https:\/\/pictures.laprovence.com\/cdn-cgi\/image\/blur=250\/media\/melody\/2025\/11\/27\/global-leadership-apres-midi-1764245320_a09c078d67296a49c078d6729e89c0v_.jpg'\/%3E%3C\/svg%3E&quot;)\"   src=\"https:\/\/www.europesays.com\/fr\/wp-content\/uploads\/2025\/11\/global-leadership-apres-midi-1764245320_a09c078d67296a49c078d6729e89c0v_.jpg\"\/>Global leadership apr\u00e8s-midi Studio La Provence<\/p>\n<p><strong>18h10 \u2013 Remise des Troph\u00e9es Femmes Leaders de demain<\/strong><\/p>\n<p>La soir\u00e9e de cl\u00f4ture mettra en lumi\u00e8re des parcours exemplaires qui incarnent <strong>innovation, leadership et d\u00e9termination<\/strong>. Trois cat\u00e9gories seront r\u00e9compens\u00e9es : <strong>Sciences et recherche<\/strong>, <strong>Entrepreneuriat<\/strong> et <strong>Soci\u00e9t\u00e9 civile<\/strong>, ainsi qu&rsquo;un <strong>Coup de c\u0153ur du jury<\/strong>. Une c\u00e9l\u00e9bration qui rappelle que les femmes fa\u00e7onnent plus que jamais <strong>l&rsquo;\u00e9conomie et la soci\u00e9t\u00e9 de demain<\/strong>.<\/p>\n<p><strong>Une apr\u00e8s-midi d\u00e9cisive pour un leadership inclusif<\/strong><\/p>\n<p>Cette seconde partie du <strong>Global Leadership by Women Summit<\/strong> confirme une ambition forte : faire du leadership f\u00e9minin un moteur de transformation mondiale. Les d\u00e9bats ont mis en lumi\u00e8re des solutions concr\u00e8tes pour une gouvernance plus \u00e9quilibr\u00e9e, une \u00e9conomie durable et une paix renforc\u00e9e.<\/p>\n<p>En r\u00e9unissant des personnalit\u00e9s influentes et des acteurs engag\u00e9s, La Provence et ses partenaires cr\u00e9ent un espace unique o\u00f9 les id\u00e9es deviennent des leviers d&rsquo;action. <strong>Ensemble, faisons du leadership f\u00e9minin un pilier pour b\u00e2tir un monde plus juste, plus solidaire et r\u00e9solument tourn\u00e9 vers l&rsquo;avenir.<\/strong><\/p>\n","protected":false},"excerpt":{"rendered":"Apr\u00e8s une matin\u00e9e des plus int\u00e9ressantes, le Global Leadership by Women Summit poursuit ses \u00e9changes avec des sessions&hellip;\n","protected":false},"author":2,"featured_media":562274,"comment_status":"","ping_status":"","sticky":false,"template":"","format":"standard","meta":{"footnotes":""},"categories":[2814],"tags":[17,1111,11,3477,814,1777,674,5729,1011,27,884,12,54210,882,25,5237,34066,27952],"class_list":{"0":"post-562273","1":"post","2":"type-post","3":"status-publish","4":"format-standard","5":"has-post-thumbnail","7":"category-marseille","8":"tag-17","9":"tag-actu","10":"tag-actualites","11":"tag-cette","12":"tag-direct","13":"tag-eu","14":"tag-europe","15":"tag-fin","16":"tag-fr","17":"tag-france","18":"tag-marseille","19":"tag-news","20":"tag-nos-rendez-vous","21":"tag-provence-alpes-cote-dazur","22":"tag-republique-francaise","23":"tag-suivez","24":"tag-summit","25":"tag-women"},"share_on_mastodon":{"url":"https:\/\/pubeurope.com\/@fr\/115621710057098380","error":""},"_links":{"self":[{"href":"https:\/\/www.europesays.com\/fr\/wp-json\/wp\/v2\/posts\/562273","targetHints":{"allow":["GET"]}}],"collection":[{"href":"https:\/\/www.europesays.com\/fr\/wp-json\/wp\/v2\/posts"}],"about":[{"href":"https:\/\/www.europesays.com\/fr\/wp-json\/wp\/v2\/types\/post"}],"author":[{"embeddable":true,"href":"https:\/\/www.europesays.com\/fr\/wp-json\/wp\/v2\/users\/2"}],"replies":[{"embeddable":true,"href":"https:\/\/www.europesays.com\/fr\/wp-json\/wp\/v2\/comments?post=562273"}],"version-history":[{"count":0,"href":"https:\/\/www.europesays.com\/fr\/wp-json\/wp\/v2\/posts\/562273\/revisions"}],"wp:featuredmedia":[{"embeddable":true,"href":"https:\/\/www.europesays.com\/fr\/wp-json\/wp\/v2\/media\/562274"}],"wp:attachment":[{"href":"https:\/\/www.europesays.com\/fr\/wp-json\/wp\/v2\/media?parent=562273"}],"wp:term":[{"taxonomy":"category","embeddable":true,"href":"https:\/\/www.europesays.com\/fr\/wp-json\/wp\/v2\/categories?post=562273"},{"taxonomy":"post_tag","embeddable":true,"href":"https:\/\/www.europesays.com\/fr\/wp-json\/wp\/v2\/tags?post=562273"}],"curies":[{"name":"wp","href":"https:\/\/api.w.org\/{rel}","templated":true}]}}