{"id":562280,"date":"2025-11-27T12:46:13","date_gmt":"2025-11-27T12:46:13","guid":{"rendered":"https:\/\/www.europesays.com\/fr\/562280\/"},"modified":"2025-11-27T12:46:13","modified_gmt":"2025-11-27T12:46:13","slug":"a-paris-une-nouvelle-plainte-pour-une-agression-sexuelle-denfant-dans-une-maternelle-liberation","status":"publish","type":"post","link":"https:\/\/www.europesays.com\/fr\/562280\/","title":{"rendered":"\u00e0 Paris, une nouvelle plainte pour une agression sexuelle d\u2019enfant dans une maternelle \u2013 Lib\u00e9ration"},"content":{"rendered":"<p class=\"sc-cPiKLX AiZTS text-element\">\u00abMaman, j\u2019ai mal.\u00bb La petite Ava (1) recule brusquement lorsque sa m\u00e8re lui approche la cr\u00e8me hydratante de son sexe, dans la salle de bains. Julie (1) constate un gonflement inhabituel, tente de comprendre, panique. \u00abQui t\u2019a fait \u00e7a ?\u00bb \u00abC\u2019est un gar\u00e7on grand.\u00bb Puis : \u00abAdulte.\u00bb Avant de d\u00e9crire des faits s\u2019apparentant a minima \u00e0 une agression sexuelle. Quelques minutes plus t\u00f4t, ce vendredi 21 novembre, l\u2019enfant de 3 ans, en petite section de maternelle \u00e0 l\u2019\u00e9cole Servan (XIe arrondissement de Paris), venait d\u00e9j\u00e0 de prononcer des mots \u00e9tranges, jamais utilis\u00e9s \u00e0 la maison pour d\u00e9finir ses parties intimes. La veille, sa m\u00e8re avait remarqu\u00e9 un comportement inhabituel. Ava, d\u2019ordinaire joyeuse et volubile, \u00e9tait rest\u00e9e en retrait apr\u00e8s l\u2019\u00e9cole, avait refus\u00e9 de manger et demand\u00e9 \u00e0 dormir dans le lit de sa m\u00e8re.<\/p>\n<p class=\"sc-cPiKLX AiZTS text-element\">Sous le choc de l\u2019annonce, Julie l\u2019habille, l\u2019emm\u00e8ne \u00e0 l\u2019\u00e9cole, pr\u00e9vient sa ma\u00eetresse sur le chemin. Dans le bureau de la directrice, la fillette r\u00e9p\u00e8te exactement la m\u00eame chose : \u00abun gar\u00e7on grand\u00bb, \u00abadulte\u00bb, avant de pr\u00e9ciser : \u00abQui m\u2019accompagne aux toilettes.\u00bb<\/p>\n<p class=\"sc-cPiKLX AiZTS text-element\">La directrice assure : \u00abOn ne laissera pas passer \u00e7a\u00bb, qu\u2019elle va faire un signalement et lui recommande d\u2019aller voir un m\u00e9decin. Cette nouvelle affaire surgit alors que <a href=\"https:\/\/www.liberation.fr\/societe\/education\/violences-dans-le-periscolaire-a-paris-le-silence-doit-cesser-exhortent-des-familles-a-bout-20251126_YGMLFZS7IFF7XOY7KN5BLARDPU\/\" target=\"_blank\" re=\"\" rel=\"noopener\"><\/p>\n","protected":false},"excerpt":{"rendered":"\u00abMaman, j\u2019ai mal.\u00bb La petite Ava (1) recule brusquement lorsque sa m\u00e8re lui approche la cr\u00e8me hydratante de&hellip;\n","protected":false},"author":2,"featured_media":562281,"comment_status":"","ping_status":"","sticky":false,"template":"","format":"standard","meta":{"footnotes":""},"categories":[1888],"tags":[1111,1928,11,1927,1122,1777,674,1011,27,12,1926,626,1925,25,799],"class_list":{"0":"post-562280","1":"post","2":"type-post","3":"status-publish","4":"format-standard","5":"has-post-thumbnail","7":"category-paris","8":"tag-actu","9":"tag-actu-paris","10":"tag-actualites","11":"tag-actualites-paris","12":"tag-ecole","13":"tag-eu","14":"tag-europe","15":"tag-fr","16":"tag-france","17":"tag-news","18":"tag-news-paris","19":"tag-paris","20":"tag-paris-news","21":"tag-republique-francaise","22":"tag-violences-sexuelles"},"share_on_mastodon":{"url":"https:\/\/pubeurope.com\/@fr\/115621736296299833","error":""},"_links":{"self":[{"href":"https:\/\/www.europesays.com\/fr\/wp-json\/wp\/v2\/posts\/562280","targetHints":{"allow":["GET"]}}],"collection":[{"href":"https:\/\/www.europesays.com\/fr\/wp-json\/wp\/v2\/posts"}],"about":[{"href":"https:\/\/www.europesays.com\/fr\/wp-json\/wp\/v2\/types\/post"}],"author":[{"embeddable":true,"href":"https:\/\/www.europesays.com\/fr\/wp-json\/wp\/v2\/users\/2"}],"replies":[{"embeddable":true,"href":"https:\/\/www.europesays.com\/fr\/wp-json\/wp\/v2\/comments?post=562280"}],"version-history":[{"count":0,"href":"https:\/\/www.europesays.com\/fr\/wp-json\/wp\/v2\/posts\/562280\/revisions"}],"wp:featuredmedia":[{"embeddable":true,"href":"https:\/\/www.europesays.com\/fr\/wp-json\/wp\/v2\/media\/562281"}],"wp:attachment":[{"href":"https:\/\/www.europesays.com\/fr\/wp-json\/wp\/v2\/media?parent=562280"}],"wp:term":[{"taxonomy":"category","embeddable":true,"href":"https:\/\/www.europesays.com\/fr\/wp-json\/wp\/v2\/categories?post=562280"},{"taxonomy":"post_tag","embeddable":true,"href":"https:\/\/www.europesays.com\/fr\/wp-json\/wp\/v2\/tags?post=562280"}],"curies":[{"name":"wp","href":"https:\/\/api.w.org\/{rel}","templated":true}]}}